{"id":3529,"date":"2022-09-22T14:58:14","date_gmt":"2022-09-22T12:58:14","guid":{"rendered":"https:\/\/www.sciencespo.fr\/research\/migration-diversite\/home\/?p=3529"},"modified":"2022-09-29T12:04:36","modified_gmt":"2022-09-29T10:04:36","slug":"27-09-2022-serie-de-rencontres-medias-migrations-la-fabrique-de-lopinion","status":"publish","type":"post","link":"https:\/\/www.sciencespo.fr\/research\/migration-diversite\/home\/2022\/09\/22\/27-09-2022-serie-de-rencontres-medias-migrations-la-fabrique-de-lopinion\/","title":{"rendered":"27\/09\/2022 [S\u00c9RIE DE RENCONTRES] M\u00c9DIAS, MIGRATIONS : LA FABRIQUE DE L\u2019OPINION"},"content":{"rendered":"\n<p class=\"has-text-align-center\"><span class=\"has-inline-color has-luminous-vivid-orange-color\">\u00c9v\u00e8nement en ligne<\/span><\/p>\n\n\n\n<p><strong>\u00ab&nbsp;M\u00e9dias, migrations&nbsp;: la fabrique de l\u2019opinion&nbsp;\u00bb, une s\u00e9rie de rencontres publiques<\/strong><strong>Table ronde #4&nbsp;: L&rsquo;\u00e9loignement des \u00e9trangers: chiffres, politiques et cadrages m\u00e9diatiques<\/strong><\/p>\n\n\n\n<p>27&nbsp;septembre&nbsp;2022, 9h -10h, en&nbsp;ligne<\/p>\n\n\n\n<p>Quel angle \u00e9ditorial pour traiter des \u201c\u00e9loignement\u201d ou des \u201cexpulsions\u201d des \u00e9trangers ? Cette 4e rencontre&nbsp;<a href=\"http:\/\/www.sciencespo.fr\/agenda\/fr\/events-front?event=3116\" target=\"_blank\" rel=\"noreferrer noopener\">\u201cM\u00e9dias Migrations\u201d<\/a>&nbsp;organis\u00e9e par Sciences Po-Ceri (<a href=\"http:\/\/www.sciencespo.fr\/ceri\/fr\/content\/crise-des-migrants-et-des-refugies-en-europe-pace.html\" target=\"_blank\" rel=\"noreferrer noopener\">Projet PACE<\/a>), l<a href=\"http:\/\/www.icmigrations.cnrs.fr\/2022\/01\/21\/medias-migrations-une-serie-de-rencontres\/\" target=\"_blank\" rel=\"noreferrer noopener\">\u2019Institut Convergences Migrations<\/a>&nbsp;(revue&nbsp;<a href=\"http:\/\/www.icmigrations.cnrs.fr\/defacto\/\" target=\"_blank\" rel=\"noreferrer noopener\">De Facto Migrations<\/a>) et l\u2019<a href=\"http:\/\/www.icmigrations.cnrs.fr\/societe\/desinfoxm\/\" target=\"_blank\" rel=\"noreferrer noopener\">association D\u00e9sinfox-Migrations<\/a>&nbsp;s\u2019int\u00e9resse au traitement m\u00e9diatique des mesures d\u2019\u00e9loignement et de ce que la recherche et les statistiques en disent \u00e0 partir de perspectives crois\u00e9es franco-allemandes.<\/p>\n\n\n\n<p>Ces sujets vont \u00eatre d\u00e9battus en France et en Allemagne cet automne dans le cadre de projets de loi sur l\u2019immigration. Ces deux r\u00e9formes comprennent des propositions pour faciliter ou acc\u00e9l\u00e9rer le retour d\u2019\u00e9trangers en situation irr\u00e9guli\u00e8re.&nbsp;<\/p>\n\n\n\n<p>Quelles ressources sont disponibles pour obtenir des donn\u00e9es? Comment comprendre les donn\u00e9es et les utiliser? Comment ce sujet est trait\u00e9, cadr\u00e9, politis\u00e9 et re\u00e7u?&nbsp;<\/p>\n\n\n\n<p>Introduction:&nbsp;<br><strong>Tania Racho<\/strong>, D\u00e9sinfox Migrations<br><strong>H\u00e9l\u00e8ne Thiollet<\/strong>&nbsp;(CNRS CERI Sciences Po) projet PACE<\/p>\n\n\n\n<p>Invit\u00e9s:<br><strong>Matthieu Tardis<\/strong>, chercheur, IFRI<br><strong>Marcus Engler<\/strong>, chercheur au DeZIM-Institut<br><strong>Emmanuelle Chaze<\/strong>, journaliste&nbsp;<br><strong>Pierre-Louis Caron<\/strong>, journaliste, France Info<\/p>\n\n\n\n<p class=\"has-text-align-center\"><span class=\"has-inline-color has-luminous-vivid-orange-color\"><strong>En visio-conf\u00e9rence sur Zoom<\/strong><br><\/span><a rel=\"noreferrer noopener\" href=\"https:\/\/sciencespo.zoom.us\/webinar\/register\/WN_IExIZIZvRTWUaPfs8tmJRw\" target=\"_blank\"><span class=\"has-inline-color has-black-color\">INSCRIPTIONS OBLIGATOIRES<\/span><\/a><\/p>\n\n\n\n<hr class=\"wp-block-separator\"\/>\n\n\n\n<p>Responsable scientifique :&nbsp;<strong>H\u00e9l\u00e8ne Thiollet<\/strong>, Sciences Po-Ceri<\/p>\n","protected":false},"excerpt":{"rendered":"<p>\u00c9v\u00e8nement en ligne \u00ab&nbsp;M\u00e9dias, migrations&nbsp;: la fabrique de l\u2019opinion&nbsp;\u00bb, une s\u00e9rie de rencontres publiquesTable ronde #4&nbsp;: L&rsquo;\u00e9loignement des \u00e9trangers: chiffres, politiques et cadrages m\u00e9diatiques 27&nbsp;septembre&nbsp;2022, 9h -10h, en&nbsp;ligne Quel angle \u00e9ditorial pour traiter des \u201c\u00e9loignement\u201d ou des \u201cexpulsions\u201d des \u00e9trangers ? Cette 4e rencontre&nbsp;\u201cM\u00e9dias Migrations\u201d&nbsp;organis\u00e9e par Sciences Po-Ceri (Projet PACE), l\u2019Institut Convergences Migrations&nbsp;(revue&nbsp;De Facto Migrations) et l\u2019association D\u00e9sinfox-Migrations&nbsp;s\u2019int\u00e9resse au traitement m\u00e9diatique des mesures d\u2019\u00e9loignement et de ce que la recherche et les statistiques en disent \u00e0 partir de perspectives crois\u00e9es franco-allemandes. Ces sujets vont \u00eatre d\u00e9battus en France et en Allemagne cet automne dans le cadre de projets de loi<span class=\"excerpt-hellip\"> [\u2026]<\/span><\/p>\n","protected":false},"author":3,"featured_media":3064,"comment_status":"closed","ping_status":"closed","sticky":false,"template":"","format":"standard","meta":[],"categories":[11,5,1],"tags":[],"_links":{"self":[{"href":"https:\/\/www.sciencespo.fr\/research\/migration-diversite\/home\/wp-json\/wp\/v2\/posts\/3529"}],"collection":[{"href":"https:\/\/www.sciencespo.fr\/research\/migration-diversite\/home\/wp-json\/wp\/v2\/posts"}],"about":[{"href":"https:\/\/www.sciencespo.fr\/research\/migration-diversite\/home\/wp-json\/wp\/v2\/types\/post"}],"author":[{"embeddable":true,"href":"https:\/\/www.sciencespo.fr\/research\/migration-diversite\/home\/wp-json\/wp\/v2\/users\/3"}],"replies":[{"embeddable":true,"href":"https:\/\/www.sciencespo.fr\/research\/migration-diversite\/home\/wp-json\/wp\/v2\/comments?post=3529"}],"version-history":[{"count":5,"href":"https:\/\/www.sciencespo.fr\/research\/migration-diversite\/home\/wp-json\/wp\/v2\/posts\/3529\/revisions"}],"predecessor-version":[{"id":3534,"href":"https:\/\/www.sciencespo.fr\/research\/migration-diversite\/home\/wp-json\/wp\/v2\/posts\/3529\/revisions\/3534"}],"wp:featuredmedia":[{"embeddable":true,"href":"https:\/\/www.sciencespo.fr\/research\/migration-diversite\/home\/wp-json\/wp\/v2\/media\/3064"}],"wp:attachment":[{"href":"https:\/\/www.sciencespo.fr\/research\/migration-diversite\/home\/wp-json\/wp\/v2\/media?parent=3529"}],"wp:term":[{"taxonomy":"category","embeddable":true,"href":"https:\/\/www.sciencespo.fr\/research\/migration-diversite\/home\/wp-json\/wp\/v2\/categories?post=3529"},{"taxonomy":"post_tag","embeddable":true,"href":"https:\/\/www.sciencespo.fr\/research\/migration-diversite\/home\/wp-json\/wp\/v2\/tags?post=3529"}],"curies":[{"name":"wp","href":"https:\/\/api.w.org\/{rel}","templated":true}]}}