{"id":9433,"date":"2020-07-03T08:00:15","date_gmt":"2020-07-03T06:00:15","guid":{"rendered":"https:\/\/www.sciencespo.fr\/research\/cogito\/home\/?p=9433"},"modified":"2020-07-03T17:18:41","modified_gmt":"2020-07-03T15:18:41","slug":"this-peculiar-epidemic-is-a-happiness-disease","status":"publish","type":"post","link":"https:\/\/www.sciencespo.fr\/research\/cogito\/home\/this-peculiar-epidemic-is-a-happiness-disease\/?lang=en","title":{"rendered":"This Peculiar Epidemic is a Happiness Disease&#8230;"},"content":{"rendered":"<div id=\"attachment_9368\" style=\"width: 212px\" class=\"wp-caption alignleft\"><a href=\"https:\/\/www.puf.com\/content\/Les_maladies_du_bonheur\"><img aria-describedby=\"caption-attachment-9368\" decoding=\"async\" loading=\"lazy\" class=\"wp-image-9368 size-medium\" src=\"https:\/\/www.sciencespo.fr\/research\/cogito\/wp-content\/uploads\/2002\/06\/1581993012_9782130824275_v100-202x300.jpg\" alt=\"\" width=\"202\" height=\"300\" srcset=\"https:\/\/www.sciencespo.fr\/research\/cogito\/wp-content\/uploads\/2002\/06\/1581993012_9782130824275_v100-202x300.jpg 202w, https:\/\/www.sciencespo.fr\/research\/cogito\/wp-content\/uploads\/2002\/06\/1581993012_9782130824275_v100-99x146.jpg 99w, https:\/\/www.sciencespo.fr\/research\/cogito\/wp-content\/uploads\/2002\/06\/1581993012_9782130824275_v100-34x50.jpg 34w, https:\/\/www.sciencespo.fr\/research\/cogito\/wp-content\/uploads\/2002\/06\/1581993012_9782130824275_v100-51x75.jpg 51w, https:\/\/www.sciencespo.fr\/research\/cogito\/wp-content\/uploads\/2002\/06\/1581993012_9782130824275_v100.jpg 301w\" sizes=\"(max-width: 202px) 100vw, 202px\" \/><\/a><p id=\"caption-attachment-9368\" class=\"wp-caption-text\">\u00a9 Presses universitaires de France<\/p><\/div>\n<p><span style=\"font-weight: 400;\">In his book <\/span><a href=\"https:\/\/www.puf.com\/content\/Les_maladies_du_bonheur\"><span style=\"font-weight: 400;\">Les maladies du bonheur<\/span><\/a><span style=\"font-weight: 400;\"> [Happiness diseases] published last March, <\/span><a href=\"http:\/\/www.sciencespo.fr\/osc\/fr\/content\/hugues-lagrange-0\"><span style=\"font-weight: 400;\">Hugues Lagrange<\/span><\/a><span style=\"font-weight: 400;\">, an emeritus CNRS research director at the Observatory of Social Change (OSC) has tried to reflect about modernity.\u00a0\u00a0<\/span><\/p>\n<p><span style=\"font-weight: 400;\">He has chosen to focus on the evolution of mental and behavioral diseases, which he considered to be emblematic of an individualised way of life \u2013 an essential mark of modernity. Written before the appearance of Covid-19, he has announced that <\/span><i><span style=\"font-weight: 400;\">&#8220;future illnesses could once again bear the mark of collective responsibility, and, as a result, encourage a return to activities that are more conducive to psychological balance, if not meaning&#8221;<\/span><\/i><span style=\"font-weight: 400;\">. Current events appear to have proven him right, at least in terms of collective responsibilities. Debates about the post-Covid world are only just beginning. <\/span><\/p>\n<h4>The Coronavirus Draws an Inverted Map<\/h4>\n<p><span style=\"font-weight: 400;\">The dissemination and severity of the epidemic in Western countries is surprising in many ways. Fifty years ago, as antibiotic and vaccine use became widespread, it looked like the battle against mass infections had been won. The world of &#8220;Pasteurian&#8221; diseases seemed to be a thing of the past for Westerners: Ebola, Zika and Chikungunya were seen as exotic threats, but the current epidemic is reviving the collective terrors of the past \u2013 plague, cholera, typhus. Over the last thirty years, reports from the <\/span><a href=\"http:\/\/www.healthdata.org\/gbd\"><i><span style=\"font-weight: 400;\">Global Burden of Disease<\/span><\/i><\/a><span style=\"font-weight: 400;\">, a World Health Organisation (WHO) research program that monitors global morbidity trends, have underscored a massive reduction in the load of communicable diseases in emerging countries, identical to that observed in Western countries at the beginning of the 20th century. <\/span><\/p>\n<p><span style=\"font-weight: 400;\"><a href=\"https:\/\/www.sciencespo.fr\/research\/cogito\/wp-content\/uploads\/2002\/07\/dalys-rate-from-all-causes.png\"><img decoding=\"async\" loading=\"lazy\" class=\"alignleft wp-image-9741\" src=\"https:\/\/www.sciencespo.fr\/research\/cogito\/wp-content\/uploads\/2002\/07\/dalys-rate-from-all-causes-1024x723.png\" alt=\"\" width=\"450\" height=\"318\" srcset=\"https:\/\/www.sciencespo.fr\/research\/cogito\/wp-content\/uploads\/2002\/07\/dalys-rate-from-all-causes-1024x723.png 1024w, https:\/\/www.sciencespo.fr\/research\/cogito\/wp-content\/uploads\/2002\/07\/dalys-rate-from-all-causes-300x212.png 300w, https:\/\/www.sciencespo.fr\/research\/cogito\/wp-content\/uploads\/2002\/07\/dalys-rate-from-all-causes-768x542.png 768w, https:\/\/www.sciencespo.fr\/research\/cogito\/wp-content\/uploads\/2002\/07\/dalys-rate-from-all-causes-207x146.png 207w, https:\/\/www.sciencespo.fr\/research\/cogito\/wp-content\/uploads\/2002\/07\/dalys-rate-from-all-causes-50x35.png 50w, https:\/\/www.sciencespo.fr\/research\/cogito\/wp-content\/uploads\/2002\/07\/dalys-rate-from-all-causes-106x75.png 106w\" sizes=\"(max-width: 450px) 100vw, 450px\" \/><\/a>Thirty years ago, communicable diseases dominated the <\/span><span style=\"font-weight: 400;\">nosographic <\/span><span style=\"font-weight: 400;\">landscape in emerging countries<\/span><span class=\"footnote_referrer\"><a role=\"button\" tabindex=\"0\" onclick=\"footnote_moveToReference_9433_1('footnote_plugin_reference_9433_1_1');\" onkeypress=\"footnote_moveToReference_9433_1('footnote_plugin_reference_9433_1_1');\" ><sup id=\"footnote_plugin_tooltip_9433_1_1\" class=\"footnote_plugin_tooltip_text\">(1)<\/sup><\/a><span id=\"footnote_plugin_tooltip_text_9433_1_1\" class=\"footnote_tooltip\"><span style=\"font-weight: 400;\">An infectious disease is a disease caused by a microorganism and thus transferable to new individuals. It may or may not be transmissible. A non-communicable infectious disease can be attributable to toxins from food or the environment, such as tetanus. The GBD program\u2019s &#8220;communicable diseases&#8221; category includes infectious and parasitic diseases, particularly lower respiratory tract infections, diarrhea, AIDS, tuberculosis, and malaria.<\/span><\/span><script type=\"text\/javascript\"> jQuery('#footnote_plugin_tooltip_9433_1_1').tooltip({ tip: '#footnote_plugin_tooltip_text_9433_1_1', tipClass: 'footnote_tooltip', effect: 'fade', predelay: 0, fadeInSpeed: 200, delay: 400, fadeOutSpeed: 200, position: 'top right', relative: true, offset: [10, 10], });<\/script>. <\/span><\/p>\n<p><span style=\"font-weight: 400;\">Since then, there has been a shift towards diseases \u2013 cancers, cardiovascular diseases, obesity, mental disorders, drug use \u2013 that reflect the individualisation of lifestyles. This trend, which is also unfolding in the poorest countries, remains very partial. And the life expectancy of the residents of these countries is still drastically lower than that of wealthy and emerging countries, in particular because of the persistence of infectious diseases. As a result, the map of the burden of disease on life expectancy shows the contours of poverty: life expectancy is short in countries where the burden of communicable diseases remains high, chief among which are sub-Saharan African countries.<\/span><\/p>\n<div id=\"attachment_9373\" style=\"width: 410px\" class=\"wp-caption alignright\"><a href=\"https:\/\/coronavirus.jhu.edu\/map.html\"><img aria-describedby=\"caption-attachment-9373\" decoding=\"async\" loading=\"lazy\" class=\"wp-image-9373\" src=\"https:\/\/www.sciencespo.fr\/research\/cogito\/wp-content\/uploads\/2002\/06\/Casefatalityratio.png\" alt=\"\" width=\"400\" height=\"222\" srcset=\"https:\/\/www.sciencespo.fr\/research\/cogito\/wp-content\/uploads\/2002\/06\/Casefatalityratio.png 507w, https:\/\/www.sciencespo.fr\/research\/cogito\/wp-content\/uploads\/2002\/06\/Casefatalityratio-300x166.png 300w, https:\/\/www.sciencespo.fr\/research\/cogito\/wp-content\/uploads\/2002\/06\/Casefatalityratio-260x144.png 260w, https:\/\/www.sciencespo.fr\/research\/cogito\/wp-content\/uploads\/2002\/06\/Casefatalityratio-50x28.png 50w, https:\/\/www.sciencespo.fr\/research\/cogito\/wp-content\/uploads\/2002\/06\/Casefatalityratio-135x75.png 135w\" sizes=\"(max-width: 400px) 100vw, 400px\" \/><\/a><p id=\"caption-attachment-9373\" class=\"wp-caption-text\">COVID-19 fatality rate as of June 11, 2020 \u00a9 Johns Hopkins University<\/p><\/div>\n<p><span style=\"font-weight: 400;\">The current pandemic does not follow this pattern. While the number of deaths attributed to the coronavirus is around 400,000 worldwide, the pandemic is mainly affecting the population of wealthy countries with close economic ties to China; it has relatively spared sub-Saharan Africa, eastern Indonesia, and poor areas of the Caribbean. It is noteworthy that around April 10, the Dominican Republic \u2013 a country of 10 million people with a per capita GDP of $7,650 \u2013 recorded 265 deaths, while Haiti \u2013 a country of a similar size but among the world&#8217;s poorest, with $854 per capita \u2013 reported only 5 deaths. A strange reversal has thus occurred: the coronavirus pandemic is now drawing an almost inverted map, where the most and least developed countries have switched places. <\/span><\/p>\n<h4>Individualisation of the Severity of Contamination<\/h4>\n<p><span style=\"font-weight: 400;\">Epidemics usually strike indiscriminately, providing a shared fate. This is not the case with the coronavirus, which has proven to be a disease that affects each individual differently. This individualisation has manifested itself during this epidemic in several ways that Hugues Lagrange analyses in his book.<\/span><\/p>\n<div id=\"attachment_9375\" style=\"width: 310px\" class=\"wp-caption alignleft\"><img aria-describedby=\"caption-attachment-9375\" decoding=\"async\" loading=\"lazy\" class=\"wp-image-9375 size-medium\" src=\"https:\/\/www.sciencespo.fr\/research\/cogito\/wp-content\/uploads\/2002\/06\/shutterstock_1475260436-300x300.jpg\" alt=\"\" width=\"300\" height=\"300\" srcset=\"https:\/\/www.sciencespo.fr\/research\/cogito\/wp-content\/uploads\/2002\/06\/shutterstock_1475260436-300x300.jpg 300w, https:\/\/www.sciencespo.fr\/research\/cogito\/wp-content\/uploads\/2002\/06\/shutterstock_1475260436-150x150.jpg 150w, https:\/\/www.sciencespo.fr\/research\/cogito\/wp-content\/uploads\/2002\/06\/shutterstock_1475260436-146x146.jpg 146w, https:\/\/www.sciencespo.fr\/research\/cogito\/wp-content\/uploads\/2002\/06\/shutterstock_1475260436-50x50.jpg 50w, https:\/\/www.sciencespo.fr\/research\/cogito\/wp-content\/uploads\/2002\/06\/shutterstock_1475260436-75x75.jpg 75w, https:\/\/www.sciencespo.fr\/research\/cogito\/wp-content\/uploads\/2002\/06\/shutterstock_1475260436-85x85.jpg 85w, https:\/\/www.sciencespo.fr\/research\/cogito\/wp-content\/uploads\/2002\/06\/shutterstock_1475260436-80x80.jpg 80w, https:\/\/www.sciencespo.fr\/research\/cogito\/wp-content\/uploads\/2002\/06\/shutterstock_1475260436.jpg 500w\" sizes=\"(max-width: 300px) 100vw, 300px\" \/><p id=\"caption-attachment-9375\" class=\"wp-caption-text\">DNA \u00a9 Tartila, Shutterstock<\/p><\/div>\n<p><span style=\"font-weight: 400;\">The first way relates to the role of our biogenetic identity. The severity of coronavirus-related diseases is based on the genealogical dimension of our individuality, as suggested by Jean-Laurent Casanova of the Laboratory of Human Genetics of Infectious Diseases (Imagine Institute, Paris).\u00a0 <\/span><i><span style=\"font-weight: 400;\">&#8220;The [current] hypothesis is that these patients have a genetic predisposition that remains silent until the first encounter with the virus, and then manifests itself in the form of a serious disease, leading the patient to an intensive care unit. According to this hypothesis, it is upon encountering the infectious agent that the phenotype manifests itself, that is, that your genotype \u2013 the vulnerability of your genes to this infectious agent \u2013 is revealed. [\u2026] Several teams have already discovered genetic variations that confer selective susceptibility to certain infectious diseases, depending on the age of encounter with the infectious agent&#8230; making each person\u2019s reaction unique\u201d<\/span><\/i><span style=\"font-weight: 400;\">.<\/span><\/p>\n<p><span style=\"font-weight: 400;\">The virus thus reminds us that the resistance of each one of us depends on an inheritance from the gene pool that links us to our ancestors. The danger is not only, and perhaps not primarily, external, since the host\u2019s genes determine the vulnerability to coronaviruses. The seriousness of the risk linked to these predispositions is not only fatality, but the manifestation of the fact that, from the inside, we are aggravating the destruction wrought by an external agent.<\/span><\/p>\n<p><span style=\"font-weight: 400;\">Another aspect of this virus\u2019 action pertains to the individualisation of ways of living. &#8220;<\/span><i><span style=\"font-weight: 400;\">Sometimes hosts may overreact to the presence of the virus. This is the case, for example, with hepatitis B, where the liver disease is linked to immune hyper-reactivity; this is also the hypothesis of researchers working on the coronavirus. The most serious cases may be linked to a runaway immune system in the host via inflammatory mediators called cytokines&#8221;<\/span><\/i><span class=\"footnote_referrer\"><a role=\"button\" tabindex=\"0\" onclick=\"footnote_moveToReference_9433_1('footnote_plugin_reference_9433_1_2');\" onkeypress=\"footnote_moveToReference_9433_1('footnote_plugin_reference_9433_1_2');\" ><sup id=\"footnote_plugin_tooltip_9433_1_2\" class=\"footnote_plugin_tooltip_text\">(2)<\/sup><\/a><span id=\"footnote_plugin_tooltip_text_9433_1_2\" class=\"footnote_tooltip\"><span style=\"font-weight: 400;\">This description comes from Eric Caumes and Mathurin Maillet from the infectious disease department of Piti\u00e9-Salp\u00eatri\u00e8re, <em>Le Monde<\/em> 17 April 2020 <\/span><\/span><\/span><script type=\"text\/javascript\"> jQuery('#footnote_plugin_tooltip_9433_1_2').tooltip({ tip: '#footnote_plugin_tooltip_text_9433_1_2', tipClass: 'footnote_tooltip', effect: 'fade', predelay: 0, fadeInSpeed: 200, delay: 400, fadeOutSpeed: 200, position: 'top right', relative: true, offset: [10, 10], });<\/script><i>. <\/i><i><\/i><span style=\"font-weight: 400;\">In these patients, the immune system \u2013 as is the case with autoimmune diseases \u2013 attacks the body it is supposed to defend. Here again, individual qualities play a major role; the virus is surprisingly reflexive.<\/span><\/p>\n<div id=\"attachment_9377\" style=\"width: 310px\" class=\"wp-caption alignright\"><a href=\"https:\/\/commons.wikimedia.org\/wiki\/File:Obesity_state_level_estimates_1985-2010.gif?uselang=fr\"><img aria-describedby=\"caption-attachment-9377\" decoding=\"async\" loading=\"lazy\" class=\"wp-image-9377 size-medium\" src=\"https:\/\/www.sciencespo.fr\/research\/cogito\/wp-content\/uploads\/2002\/06\/Obesity_state_level_estimates_1985-2010-300x221.gif\" alt=\"\" width=\"300\" height=\"221\" srcset=\"https:\/\/www.sciencespo.fr\/research\/cogito\/wp-content\/uploads\/2002\/06\/Obesity_state_level_estimates_1985-2010-300x221.gif 300w, https:\/\/www.sciencespo.fr\/research\/cogito\/wp-content\/uploads\/2002\/06\/Obesity_state_level_estimates_1985-2010-198x146.gif 198w, https:\/\/www.sciencespo.fr\/research\/cogito\/wp-content\/uploads\/2002\/06\/Obesity_state_level_estimates_1985-2010-50x37.gif 50w, https:\/\/www.sciencespo.fr\/research\/cogito\/wp-content\/uploads\/2002\/06\/Obesity_state_level_estimates_1985-2010-102x75.gif 102w\" sizes=\"(max-width: 300px) 100vw, 300px\" \/><\/a><p id=\"caption-attachment-9377\" class=\"wp-caption-text\">Animated map (click on the image) of the United States showing the prevalence of obesity 1985-2010. Source: Centers for Disease Control and Prevention.<\/p><\/div>\n<p><span style=\"font-weight: 400;\">In addition to this genetically and immunologically differentiated susceptibility, the severity of the damage and the probability of death associated with the coronavirus reveal the burden of the long-term diseases that are emblematic of modernity. It has euphemistically been written that the severity of the ailments attributable to the coronavirus is particularly high among individuals with comorbidities. Yet these diseases \u2013 cancer, cardiovascular disease, obesity, and the deterioration of lung tissue \u2013 are precisely, and more so than infectious diseases, the expression of our lifestyles and our choices. While the elderly are more seriously affected (30 times higher lethality for people over 70 than for those under 40), the variability of the impact on them highly depends on maintaining physical activity and avoiding excessive alcohol and sugar.<\/span><\/p>\n<p><span style=\"font-weight: 400;\">Hugues Lagrange highlights the processes by which the current epidemic is modern: its seriousness may well be more variable among individuals than among social classes, because it is the differential fragilities accumulated over the course of life that create inequalities vis-\u00e0-vis the coronavirus. If poverty in rich countries is associated with the case-fatality rate of the virus, it is because poverty is generally synonymous with poorer health. This is not the case at the global level, where poverty is correlated with a triangular age pyramid<span class=\"footnote_referrer\"><a role=\"button\" tabindex=\"0\" onclick=\"footnote_moveToReference_9433_1('footnote_plugin_reference_9433_1_3');\" onkeypress=\"footnote_moveToReference_9433_1('footnote_plugin_reference_9433_1_3');\" ><sup id=\"footnote_plugin_tooltip_9433_1_3\" class=\"footnote_plugin_tooltip_text\">(3)<\/sup><\/a><span id=\"footnote_plugin_tooltip_text_9433_1_3\" class=\"footnote_tooltip\">The pyramid has a very wide base (high birth rate) and a very thin top (high mortality). In France, the age profile is more bell-shaped (wide for the 40\/60 year olds). A country with an ageing population has a fairly small base and a broad top.<\/span><\/span><script type=\"text\/javascript\"> jQuery('#footnote_plugin_tooltip_9433_1_3').tooltip({ tip: '#footnote_plugin_tooltip_text_9433_1_3', tipClass: 'footnote_tooltip', effect: 'fade', predelay: 0, fadeInSpeed: 200, delay: 400, fadeOutSpeed: 200, position: 'top right', relative: true, offset: [10, 10], });<\/script>.<\/span><\/p>\n<p><span style=\"font-weight: 400;\">In this sense, in affluent societies, the SARS-Cov2 pandemic presents a range of pathological variations that reflect the importance of our genetic legacy, our personal immune history, and above all the consequences of the individualisation of our behavior. It echoes the individualisation of ways of living.<\/span><\/p>\n<h4><b><span style=\"font-weight: 400;\">The Disappearance of Security and Solace<\/span><\/b><\/h4>\n<div id=\"attachment_9379\" style=\"width: 310px\" class=\"wp-caption alignleft\"><img aria-describedby=\"caption-attachment-9379\" decoding=\"async\" loading=\"lazy\" class=\"wp-image-9379 size-medium\" src=\"https:\/\/www.sciencespo.fr\/research\/cogito\/wp-content\/uploads\/2002\/06\/14700272820_e6ca6c60ed_w-300x215.jpg\" alt=\"\" width=\"300\" height=\"215\" srcset=\"https:\/\/www.sciencespo.fr\/research\/cogito\/wp-content\/uploads\/2002\/06\/14700272820_e6ca6c60ed_w-300x215.jpg 300w, https:\/\/www.sciencespo.fr\/research\/cogito\/wp-content\/uploads\/2002\/06\/14700272820_e6ca6c60ed_w-204x146.jpg 204w, https:\/\/www.sciencespo.fr\/research\/cogito\/wp-content\/uploads\/2002\/06\/14700272820_e6ca6c60ed_w-50x36.jpg 50w, https:\/\/www.sciencespo.fr\/research\/cogito\/wp-content\/uploads\/2002\/06\/14700272820_e6ca6c60ed_w-105x75.jpg 105w, https:\/\/www.sciencespo.fr\/research\/cogito\/wp-content\/uploads\/2002\/06\/14700272820_e6ca6c60ed_w.jpg 400w\" sizes=\"(max-width: 300px) 100vw, 300px\" \/><p id=\"caption-attachment-9379\" class=\"wp-caption-text\">August 5, 1969: Beginning of the Woodstock festival \u00a9 Flickr \/ Paille<\/p><\/div>\n<p><span style=\"font-weight: 400;\">The author recalls that in the 1950s and 1970s, as the world opened up and authoritarianism receded in the West, there was a constant denunciation of the social control and disciplinary role of states. On both sides of the Atlantic, there was talk of repressive de-sublimation<span class=\"footnote_referrer\"><a role=\"button\" tabindex=\"0\" onclick=\"footnote_moveToReference_9433_1('footnote_plugin_reference_9433_1_4');\" onkeypress=\"footnote_moveToReference_9433_1('footnote_plugin_reference_9433_1_4');\" ><sup id=\"footnote_plugin_tooltip_9433_1_4\" class=\"footnote_plugin_tooltip_text\">(4)<\/sup><\/a><span id=\"footnote_plugin_tooltip_text_9433_1_4\" class=\"footnote_tooltip\">According to Freud, civilisation can only rise by repressing the instincts that would make social life impossible. The repression of the pleasure principle causes the instincts to sublimate themselves.<\/span><\/span><script type=\"text\/javascript\"> jQuery('#footnote_plugin_tooltip_9433_1_4').tooltip({ tip: '#footnote_plugin_tooltip_text_9433_1_4', tipClass: 'footnote_tooltip', effect: 'fade', predelay: 0, fadeInSpeed: 200, delay: 400, fadeOutSpeed: 200, position: 'top right', relative: true, offset: [10, 10], });<\/script><\/span><span style=\"font-weight: 400;\">. In the United States, psychiatrists and psychoanalysts considered the growing caseloads of anxiety and depression to be associated with tensions between emerging desires and restrictions imposed by society on lifestyle freedoms. Interpreting Freud in a hemiplegic way, the psychological malaise was given the same diagnosis as that of the Viennese women of 1890 and the women of Victorian society in England and the United States.<\/span><\/p>\n<p><span style=\"font-weight: 400;\">The study of 20<\/span><span style=\"font-weight: 400;\">th<\/span><span style=\"font-weight: 400;\">-century Western diseases developed by Hugues Lagrange shows, on the contrary, that social straightjackets are not behind the discomfort. He explains that people indiscriminately stripped themselves of a second skin consisting of primary communities \u2013 extended families, local solidarity, and communities of faith. At the same time as religious ties dissolved, they experienced urban anonymity, the disappearance of extended families, and a rise in divorces: the combination of these developments had negative consequences for many. The disappearance of the interlocking securities that these ties formed was particularly harmful for the working classes.<\/span><\/p>\n<div id=\"attachment_9371\" style=\"width: 310px\" class=\"wp-caption alignright\"><img aria-describedby=\"caption-attachment-9371\" decoding=\"async\" loading=\"lazy\" class=\"wp-image-9371 size-medium\" src=\"https:\/\/www.sciencespo.fr\/research\/cogito\/wp-content\/uploads\/2002\/06\/Piet\u00e0_de_Nouans-300x194.jpg\" alt=\"\" width=\"300\" height=\"194\" srcset=\"https:\/\/www.sciencespo.fr\/research\/cogito\/wp-content\/uploads\/2002\/06\/Piet\u00e0_de_Nouans-300x194.jpg 300w, https:\/\/www.sciencespo.fr\/research\/cogito\/wp-content\/uploads\/2002\/06\/Piet\u00e0_de_Nouans-226x146.jpg 226w, https:\/\/www.sciencespo.fr\/research\/cogito\/wp-content\/uploads\/2002\/06\/Piet\u00e0_de_Nouans-50x32.jpg 50w, https:\/\/www.sciencespo.fr\/research\/cogito\/wp-content\/uploads\/2002\/06\/Piet\u00e0_de_Nouans-116x75.jpg 116w, https:\/\/www.sciencespo.fr\/research\/cogito\/wp-content\/uploads\/2002\/06\/Piet\u00e0_de_Nouans.jpg 600w\" sizes=\"(max-width: 300px) 100vw, 300px\" \/><p id=\"caption-attachment-9371\" class=\"wp-caption-text\">Piet\u00e0 de Nouans. Painted by Jean Fouquet, around 1460-1465 \u00a9 Public domain<\/p><\/div>\n<p><span style=\"font-weight: 400;\">The author also shows that with the Reformation and the establishment of consistories, a consoling god was replaced by a guilt god. And the guilty man from the Reformation, weakened by the disappearance of micro-social protective envelopes, experiences a more individualised anxiety. The anxio-depressive syndrome has indeed been more prevalent in northern Europe and the United States than in southern and eastern Europe (at least until recently). Ordinary mental diseases in Europe in the second half of the 20th century overlay with advances in freedom and the de-institution of ways of living. This suffering is geographically more acute where freedom from personal dependencies is achieved.<\/span><\/p>\n<h4><span style=\"font-weight: 400;\">An Illusory Emancipation?<\/span><\/h4>\n<p><span style=\"font-weight: 400;\">Correlating modern suffering with the hubris of freedom is obviously schematic. Developed by Kierkegaard \u2013 with the image of the man on the edge of the cliff, suffering from the <\/span><i><span style=\"font-weight: 400;\">dizziness of freedom<\/span><\/i><span style=\"font-weight: 400;\"> \u2013 it also suggests that modern man can only regain psychological balance by making freedom a requirement. Indeed, while suffering, especially in the dominated classes, is associated with freedom in ways of living, the suffering does not derive from the freedom.\u00a0<\/span><\/p>\n<div id=\"attachment_9381\" style=\"width: 310px\" class=\"wp-caption alignleft\"><img aria-describedby=\"caption-attachment-9381\" decoding=\"async\" loading=\"lazy\" class=\"wp-image-9381 size-medium\" src=\"https:\/\/www.sciencespo.fr\/research\/cogito\/wp-content\/uploads\/2002\/06\/shutterstock_524898532-300x200.jpg\" alt=\"\" width=\"300\" height=\"200\" srcset=\"https:\/\/www.sciencespo.fr\/research\/cogito\/wp-content\/uploads\/2002\/06\/shutterstock_524898532-300x200.jpg 300w, https:\/\/www.sciencespo.fr\/research\/cogito\/wp-content\/uploads\/2002\/06\/shutterstock_524898532-219x146.jpg 219w, https:\/\/www.sciencespo.fr\/research\/cogito\/wp-content\/uploads\/2002\/06\/shutterstock_524898532-50x33.jpg 50w, https:\/\/www.sciencespo.fr\/research\/cogito\/wp-content\/uploads\/2002\/06\/shutterstock_524898532-112x75.jpg 112w, https:\/\/www.sciencespo.fr\/research\/cogito\/wp-content\/uploads\/2002\/06\/shutterstock_524898532.jpg 500w\" sizes=\"(max-width: 300px) 100vw, 300px\" \/><p id=\"caption-attachment-9381\" class=\"wp-caption-text\">\u00a9 Shutterstock<\/p><\/div>\n<p><span style=\"font-weight: 400;\">The movement towards freedom erred when it gave up on the quest for autonomy in all areas and become about nothing more than eliminating moral constraints \u2013 a pure emancipation from dependencies. And for many freedom has been defeated because freedom acquired in the private sphere has not been accompanied by an expansion of autonomy in the work world.\u00a0\u00a0<\/span><\/p>\n<p><span style=\"font-weight: 400;\">Refuting the idea that emancipation from interpersonal dependencies assigned at birth has made man truly free, Hugues Lagrange stresses, in an analysis of meritocracy, the extent to which inherited native inequalities have not disappeared. The elimination of statutory distinctions attached to birth has brought to light inequalities in the distribution of abilities that are no less strong. We are, he says, probably not the authors of our successes and failures any more so than in past, but rather only modest co-authors of our lives. To be real, the expansion of legal freedoms needed to be accompanied by freedom from debt, and this was rarely accomplished.<\/span><\/p>\n<h4><span style=\"font-weight: 400;\">Freedom and Bio-Power<\/span><\/h4>\n<p><span style=\"font-weight: 400;\">Questioning the excesses of freedom, Hugues Lagrange disagrees with the idea that a form of bio-politics has developed in Western countries over the past few decades. The very invocation of surveillance societies in European countries, where substantive measures were put in place to combat terrorism, is misguided. True, surveillance \u2013 perpetual commercial tracking and its use by Western states \u2013 has developed to the point of excess, but to label them as bio-political is a complete misinterpretation. In the 1980s, Michel Foucault envisioned an evolution towards a continuously growing state hold. <\/span><\/p>\n<div id=\"attachment_9385\" style=\"width: 310px\" class=\"wp-caption alignright\"><img aria-describedby=\"caption-attachment-9385\" decoding=\"async\" loading=\"lazy\" class=\"wp-image-9385 size-medium\" src=\"https:\/\/www.sciencespo.fr\/research\/cogito\/wp-content\/uploads\/2002\/06\/3246406593_e018baf6c8_b-300x169.jpg\" alt=\"\" width=\"300\" height=\"169\" srcset=\"https:\/\/www.sciencespo.fr\/research\/cogito\/wp-content\/uploads\/2002\/06\/3246406593_e018baf6c8_b-300x169.jpg 300w, https:\/\/www.sciencespo.fr\/research\/cogito\/wp-content\/uploads\/2002\/06\/3246406593_e018baf6c8_b-768x432.jpg 768w, https:\/\/www.sciencespo.fr\/research\/cogito\/wp-content\/uploads\/2002\/06\/3246406593_e018baf6c8_b.jpg 1024w, https:\/\/www.sciencespo.fr\/research\/cogito\/wp-content\/uploads\/2002\/06\/3246406593_e018baf6c8_b-260x146.jpg 260w, https:\/\/www.sciencespo.fr\/research\/cogito\/wp-content\/uploads\/2002\/06\/3246406593_e018baf6c8_b-50x28.jpg 50w, https:\/\/www.sciencespo.fr\/research\/cogito\/wp-content\/uploads\/2002\/06\/3246406593_e018baf6c8_b-133x75.jpg 133w\" sizes=\"(max-width: 300px) 100vw, 300px\" \/><p id=\"caption-attachment-9385\" class=\"wp-caption-text\">Manifestation \u00e0 Clermont-ferrand \u00a9 Loz Pycock, CC BY-SA 2.0<\/p><\/div>\n<p><span style=\"font-weight: 400;\">But the state, even where it is most firmly established in Europe, has been continuously delegitimised. As we moved away from a state that intervened <\/span><span style=\"font-weight: 400;\">directly<\/span><span style=\"font-weight: 400;\"> in our lives<\/span><span class=\"footnote_referrer\"><a role=\"button\" tabindex=\"0\" onclick=\"footnote_moveToReference_9433_1('footnote_plugin_reference_9433_1_5');\" onkeypress=\"footnote_moveToReference_9433_1('footnote_plugin_reference_9433_1_5');\" ><sup id=\"footnote_plugin_tooltip_9433_1_5\" class=\"footnote_plugin_tooltip_text\">(5)<\/sup><\/a><span id=\"footnote_plugin_tooltip_text_9433_1_5\" class=\"footnote_tooltip\"><span style=\"font-weight: 400;\">Although the share of public spending in GDP continues to grow, its pace shows the hesitation over the state\u2019s role that appeared in the 1980s. The rise in public spending came to a halt under the influence of anti-redistributive ideas in the United Kingdom, the United States and Ireland (which, incidentally, saw spending resume its growth from 1990 to 2000), while the most typical social democratic states \u2013 Sweden and Norway \u2013 saw the share of this spending stagnate from 1990 onwards, and its growth slowed significantly in Germany. Only France saw its public spending grow steadily from 1930 to 2010.<\/span><\/span><script type=\"text\/javascript\"> jQuery('#footnote_plugin_tooltip_9433_1_5').tooltip({ tip: '#footnote_plugin_tooltip_text_9433_1_5', tipClass: 'footnote_tooltip', effect: 'fade', predelay: 0, fadeInSpeed: 200, delay: 400, fadeOutSpeed: 200, position: 'top right', relative: true, offset: [10, 10], });<\/script>\u00a0 <\/span><span style=\"font-weight: 400;\">and as guaranteed moral freedoms continued to expand, the perception of a disciplinary state, making its mark through bodies, nevertheless flourished over the last thirty years. For examples of bio-politics, we need to look elsewhere, and especially during this epidemic, in China. The Chinese state has interfered in the most intimate areas of life, notably with the single child in 1979, the control of suicides in the 1990s, and the massive use of geo-location and facial recognition. During the SARS-Cov2 pandemic, following the example of several Asian countries, with the exception of China, northwestern European countries distanced themselves from purely coercive practices imposed physically. They instead relied on other resources. Meanwhile, Italy, with its very strict closure of the northern regions; Spain, with the intervention of the army; and France, with police control of travel permits \u2013 have exercised a mix of coercion and oversight. Even in the latter cases, however, surveillance did not taken the Orwellian and totalitarian form it did in China or Iran.<\/span><\/p>\n<p><span style=\"font-weight: 400;\">Thus, Hugues Lagrange\u2019s analysis of the happiness diseases opens multiple avenues to thoroughly question our societies\u2019 relationship to health, to the evolution in our ways of living, to our beliefs, to the effects of our &#8220;responsible&#8221; solitude, and to our attachment to &#8220;good freedoms&#8221;.<\/span><\/p>\n<p style=\"text-align: right;\"><em>Translated by Carolyn Avery<\/em><\/p>\n<pre><a href=\"http:\/\/www.sciencespo.fr\/osc\/fr\/content\/hugues-lagrange-0\">Hugues Lagrange<\/a>, Emeritus <span style=\"font-weight: 400;\">CNRS Senior researcher at the<\/span> Observatoire sociologique du changement (OSC), is interested in socialisation and identity relationships.<\/pre>\n<div class=\"speaker-mute footnotes_reference_container\"> <div class=\"footnote_container_prepare\"><p><span role=\"button\" tabindex=\"0\" class=\"footnote_reference_container_label pointer\" onclick=\"footnote_expand_collapse_reference_container_9433_1();\">Notes<\/span><span role=\"button\" tabindex=\"0\" class=\"footnote_reference_container_collapse_button\" style=\"display: none;\" onclick=\"footnote_expand_collapse_reference_container_9433_1();\">[<a id=\"footnote_reference_container_collapse_button_9433_1\">+<\/a>]<\/span><\/p><\/div> <div id=\"footnote_references_container_9433_1\" style=\"\"><table class=\"footnotes_table footnote-reference-container\"><caption class=\"accessibility\">Notes<\/caption> <tbody> \r\n\r\n<tr class=\"footnotes_plugin_reference_row\"> <th scope=\"row\" class=\"footnote_plugin_index_combi pointer\"  onclick=\"footnote_moveToAnchor_9433_1('footnote_plugin_tooltip_9433_1_1');\"><a id=\"footnote_plugin_reference_9433_1_1\" class=\"footnote_backlink\"><span class=\"footnote_index_arrow\">&#8593;<\/span>1<\/a><\/th> <td class=\"footnote_plugin_text\"><span style=\"font-weight: 400;\">An infectious disease is a disease caused by a microorganism and thus transferable to new individuals. It may or may not be transmissible. A non-communicable infectious disease can be attributable to toxins from food or the environment, such as tetanus. The GBD program\u2019s &#8220;communicable diseases&#8221; category includes infectious and parasitic diseases, particularly lower respiratory tract infections, diarrhea, AIDS, tuberculosis, and malaria.<\/td><\/tr>\r\n\r\n<tr class=\"footnotes_plugin_reference_row\"> <th scope=\"row\" class=\"footnote_plugin_index_combi pointer\"  onclick=\"footnote_moveToAnchor_9433_1('footnote_plugin_tooltip_9433_1_2');\"><a id=\"footnote_plugin_reference_9433_1_2\" class=\"footnote_backlink\"><span class=\"footnote_index_arrow\">&#8593;<\/span>2<\/a><\/th> <td class=\"footnote_plugin_text\"><span style=\"font-weight: 400;\">This description comes from Eric Caumes and Mathurin Maillet from the infectious disease department of Piti\u00e9-Salp\u00eatri\u00e8re, <em>Le Monde<\/em> 17 April 2020 <\/span><\/td><\/tr>\r\n\r\n<tr class=\"footnotes_plugin_reference_row\"> <th scope=\"row\" class=\"footnote_plugin_index_combi pointer\"  onclick=\"footnote_moveToAnchor_9433_1('footnote_plugin_tooltip_9433_1_3');\"><a id=\"footnote_plugin_reference_9433_1_3\" class=\"footnote_backlink\"><span class=\"footnote_index_arrow\">&#8593;<\/span>3<\/a><\/th> <td class=\"footnote_plugin_text\">The pyramid has a very wide base (high birth rate) and a very thin top (high mortality). In France, the age profile is more bell-shaped (wide for the 40\/60 year olds). A country with an ageing population has a fairly small base and a broad top.<\/td><\/tr>\r\n\r\n<tr class=\"footnotes_plugin_reference_row\"> <th scope=\"row\" class=\"footnote_plugin_index_combi pointer\"  onclick=\"footnote_moveToAnchor_9433_1('footnote_plugin_tooltip_9433_1_4');\"><a id=\"footnote_plugin_reference_9433_1_4\" class=\"footnote_backlink\"><span class=\"footnote_index_arrow\">&#8593;<\/span>4<\/a><\/th> <td class=\"footnote_plugin_text\">According to Freud, civilisation can only rise by repressing the instincts that would make social life impossible. The repression of the pleasure principle causes the instincts to sublimate themselves.<\/td><\/tr>\r\n\r\n<tr class=\"footnotes_plugin_reference_row\"> <th scope=\"row\" class=\"footnote_plugin_index_combi pointer\"  onclick=\"footnote_moveToAnchor_9433_1('footnote_plugin_tooltip_9433_1_5');\"><a id=\"footnote_plugin_reference_9433_1_5\" class=\"footnote_backlink\"><span class=\"footnote_index_arrow\">&#8593;<\/span>5<\/a><\/th> <td class=\"footnote_plugin_text\"><span style=\"font-weight: 400;\">Although the share of public spending in GDP continues to grow, its pace shows the hesitation over the state\u2019s role that appeared in the 1980s. The rise in public spending came to a halt under the influence of anti-redistributive ideas in the United Kingdom, the United States and Ireland (which, incidentally, saw spending resume its growth from 1990 to 2000), while the most typical social democratic states \u2013 Sweden and Norway \u2013 saw the share of this spending stagnate from 1990 onwards, and its growth slowed significantly in Germany. Only France saw its public spending grow steadily from 1930 to 2010.<\/td><\/tr>\r\n\r\n <\/tbody> <\/table> <\/div><\/div><script type=\"text\/javascript\"> function footnote_expand_reference_container_9433_1() { jQuery('#footnote_references_container_9433_1').show(); jQuery('#footnote_reference_container_collapse_button_9433_1').text('\u2212'); } function footnote_collapse_reference_container_9433_1() { jQuery('#footnote_references_container_9433_1').hide(); jQuery('#footnote_reference_container_collapse_button_9433_1').text('+'); } function footnote_expand_collapse_reference_container_9433_1() { if (jQuery('#footnote_references_container_9433_1').is(':hidden')) { footnote_expand_reference_container_9433_1(); } else { footnote_collapse_reference_container_9433_1(); } } function footnote_moveToReference_9433_1(p_str_TargetID) { footnote_expand_reference_container_9433_1(); var l_obj_Target = jQuery('#' + p_str_TargetID); if (l_obj_Target.length) { jQuery( 'html, body' ).delay( 0 ); jQuery('html, body').animate({ scrollTop: l_obj_Target.offset().top - window.innerHeight * 0.2 }, 380); } } function footnote_moveToAnchor_9433_1(p_str_TargetID) { footnote_expand_reference_container_9433_1(); var l_obj_Target = jQuery('#' + p_str_TargetID); if (l_obj_Target.length) { jQuery( 'html, body' ).delay( 0 ); jQuery('html, body').animate({ scrollTop: l_obj_Target.offset().top - window.innerHeight * 0.2 }, 380); } }<\/script>","protected":false},"excerpt":{"rendered":"<p>In his book Les maladies du bonheur [Happiness diseases] published last March, Hugues Lagrange, an emeritus CNRS research director at the Observatory of Social Change<span class=\"excerpt-hellip\"> [\u2026]<\/span><\/p>\n","protected":false},"author":3,"featured_media":9484,"comment_status":"closed","ping_status":"open","sticky":false,"template":"","format":"standard","meta":{"footnotes":""},"categories":[33,261],"tags":[214,79],"_links":{"self":[{"href":"https:\/\/www.sciencespo.fr\/research\/cogito\/home\/wp-json\/wp\/v2\/posts\/9433\/?lang=en"}],"collection":[{"href":"https:\/\/www.sciencespo.fr\/research\/cogito\/home\/wp-json\/wp\/v2\/posts\/?lang=en"}],"about":[{"href":"https:\/\/www.sciencespo.fr\/research\/cogito\/home\/wp-json\/wp\/v2\/types\/post\/?lang=en"}],"author":[{"embeddable":true,"href":"https:\/\/www.sciencespo.fr\/research\/cogito\/home\/wp-json\/wp\/v2\/users\/3\/?lang=en"}],"replies":[{"embeddable":true,"href":"https:\/\/www.sciencespo.fr\/research\/cogito\/home\/wp-json\/wp\/v2\/comments\/?lang=en&post=9433"}],"version-history":[{"count":12,"href":"https:\/\/www.sciencespo.fr\/research\/cogito\/home\/wp-json\/wp\/v2\/posts\/9433\/revisions\/?lang=en"}],"predecessor-version":[{"id":9758,"href":"https:\/\/www.sciencespo.fr\/research\/cogito\/home\/wp-json\/wp\/v2\/posts\/9433\/revisions\/9758\/?lang=en"}],"wp:featuredmedia":[{"embeddable":true,"href":"https:\/\/www.sciencespo.fr\/research\/cogito\/home\/wp-json\/wp\/v2\/media\/9484\/?lang=en"}],"wp:attachment":[{"href":"https:\/\/www.sciencespo.fr\/research\/cogito\/home\/wp-json\/wp\/v2\/media\/?lang=en&parent=9433"}],"wp:term":[{"taxonomy":"category","embeddable":true,"href":"https:\/\/www.sciencespo.fr\/research\/cogito\/home\/wp-json\/wp\/v2\/categories\/?lang=en&post=9433"},{"taxonomy":"post_tag","embeddable":true,"href":"https:\/\/www.sciencespo.fr\/research\/cogito\/home\/wp-json\/wp\/v2\/tags\/?lang=en&post=9433"}],"curies":[{"name":"wp","href":"https:\/\/api.w.org\/{rel}","templated":true}]}}