{"id":9364,"date":"2020-06-15T08:00:56","date_gmt":"2020-06-15T06:00:56","guid":{"rendered":"https:\/\/www.sciencespo.fr\/research\/cogito\/home\/?p=9364"},"modified":"2020-07-03T15:33:29","modified_gmt":"2020-07-03T13:33:29","slug":"cette-epidemie-singuliere-est-une-maladie-du-bonheur","status":"publish","type":"post","link":"https:\/\/www.sciencespo.fr\/research\/cogito\/home\/cette-epidemie-singuliere-est-une-maladie-du-bonheur\/","title":{"rendered":"Cette \u00e9pid\u00e9mie singuli\u00e8re est une maladie du bonheur"},"content":{"rendered":"<div id=\"attachment_9368\" style=\"width: 212px\" class=\"wp-caption alignleft\"><a href=\"https:\/\/www.puf.com\/content\/Les_maladies_du_bonheur\"><img aria-describedby=\"caption-attachment-9368\" decoding=\"async\" loading=\"lazy\" class=\"wp-image-9368 size-medium\" src=\"https:\/\/www.sciencespo.fr\/research\/cogito\/wp-content\/uploads\/2002\/06\/1581993012_9782130824275_v100-202x300.jpg\" alt=\"\" width=\"202\" height=\"300\" srcset=\"https:\/\/www.sciencespo.fr\/research\/cogito\/wp-content\/uploads\/2002\/06\/1581993012_9782130824275_v100-202x300.jpg 202w, https:\/\/www.sciencespo.fr\/research\/cogito\/wp-content\/uploads\/2002\/06\/1581993012_9782130824275_v100-99x146.jpg 99w, https:\/\/www.sciencespo.fr\/research\/cogito\/wp-content\/uploads\/2002\/06\/1581993012_9782130824275_v100-34x50.jpg 34w, https:\/\/www.sciencespo.fr\/research\/cogito\/wp-content\/uploads\/2002\/06\/1581993012_9782130824275_v100-51x75.jpg 51w, https:\/\/www.sciencespo.fr\/research\/cogito\/wp-content\/uploads\/2002\/06\/1581993012_9782130824275_v100.jpg 301w\" sizes=\"(max-width: 202px) 100vw, 202px\" \/><\/a><p id=\"caption-attachment-9368\" class=\"wp-caption-text\">Cr\u00e9dits : Presses universitaires de France<\/p><\/div>\n<p>Dans son ouvrage <a href=\"https:\/\/www.puf.com\/content\/Les_maladies_du_bonheur\">Les maladies du bonheur<\/a>, paru en mars dernier, <a href=\"http:\/\/www.sciencespo.fr\/osc\/fr\/content\/hugues-lagrange-0\">Hugues Lagrange<\/a>, chercheur \u00e0 l\u2019Observatoire sociologique du changement (OSC) avait entrepris de r\u00e9fl\u00e9chir sur la modernit\u00e9. Il avait choisi de se pencher sur les \u00a0\u00e9volutions des pathologies mentales et comportementales, qui repr\u00e9sentent \u00e0 ses yeux l\u2019embl\u00e8me de l\u2019individualisation des m\u0153urs, marque essentielle de la modernit\u00e9. R\u00e9dig\u00e9 avant l\u2019apparition du Covid-19,\u00a0 il y annon\u00e7ait que \u00ab le<i>s maladies \u00e0 venir pourraient \u00e0 nouveau porter la trace de responsabilit\u00e9s collectives, et, de ce fait, favoriser le retour \u00e0 des activit\u00e9s plus porteuses d\u2019\u00e9quilibre psychique sinon de sens <\/i>\u00bb. L\u2019actualit\u00e9 semble lui avoir donn\u00e9 raison, tout du moins pour ce qui touche aux responsabilit\u00e9s collectives. Les d\u00e9bats sur le monde d&rsquo;apr\u00e8s ne font que s\u2019engager.<\/p>\n<h4>Le coronavirus dessine une carte invers\u00e9e<\/h4>\n<p>La diffusion et la gravit\u00e9 de l\u2019\u00e9pid\u00e9mie dans les pays occidentaux est surprenante \u00e0 plus d\u2019un titre. Il y a cinquante ans, avec l\u2019utilisation \u00e0 grande \u00e9chelle d&rsquo;antibiotiques et de vaccins, on pensait que la bataille contre les infections de masse \u00e9tait gagn\u00e9e. Le monde des maladies \u00ab\u00a0pasteuriennes\u00a0\u00bb semblait appartenir au pass\u00e9 pour les Occidentaux : Ebola, Zika et Chikungunya passaient \u00e0 leurs yeux pour des menaces exotiques, mais l\u2019\u00e9pid\u00e9mie actuelle ravive les terreurs collectives d\u2019autrefois \u2013 peste, chol\u00e9ra, typhus. Au cours de ces trente derni\u00e8res ann\u00e9es, les rapports du <a href=\"http:\/\/www.healthdata.org\/gbd\"><i>Global Burden of Disease<\/i><\/a>, programme de recherche de l\u2019Organisation mondiale de la sant\u00e9 (OMS) charg\u00e9 de suivre les \u00e9volutions de la morbidit\u00e9 dans le monde, soulignent dans les pays \u00e9mergents une r\u00e9duction massive de l\u2019importance des maladies transmissibles, identique \u00e0 celle observ\u00e9e dans les pays occidentaux au d\u00e9but du xxe si\u00e8cle.<\/p>\n<p><a href=\"https:\/\/www.sciencespo.fr\/research\/cogito\/wp-content\/uploads\/2002\/06\/Lagrange_dalys-rate-from-all-causes_cadre.png\"><img decoding=\"async\" loading=\"lazy\" class=\"alignleft wp-image-9389\" src=\"https:\/\/www.sciencespo.fr\/research\/cogito\/wp-content\/uploads\/2002\/06\/Lagrange_dalys-rate-from-all-causes_cadre.png\" alt=\"\" width=\"450\" height=\"320\" srcset=\"https:\/\/www.sciencespo.fr\/research\/cogito\/wp-content\/uploads\/2002\/06\/Lagrange_dalys-rate-from-all-causes_cadre.png 3281w, https:\/\/www.sciencespo.fr\/research\/cogito\/wp-content\/uploads\/2002\/06\/Lagrange_dalys-rate-from-all-causes_cadre-300x213.png 300w, https:\/\/www.sciencespo.fr\/research\/cogito\/wp-content\/uploads\/2002\/06\/Lagrange_dalys-rate-from-all-causes_cadre-768x546.png 768w, https:\/\/www.sciencespo.fr\/research\/cogito\/wp-content\/uploads\/2002\/06\/Lagrange_dalys-rate-from-all-causes_cadre-1024x728.png 1024w, https:\/\/www.sciencespo.fr\/research\/cogito\/wp-content\/uploads\/2002\/06\/Lagrange_dalys-rate-from-all-causes_cadre-206x146.png 206w, https:\/\/www.sciencespo.fr\/research\/cogito\/wp-content\/uploads\/2002\/06\/Lagrange_dalys-rate-from-all-causes_cadre-50x36.png 50w, https:\/\/www.sciencespo.fr\/research\/cogito\/wp-content\/uploads\/2002\/06\/Lagrange_dalys-rate-from-all-causes_cadre-106x75.png 106w\" sizes=\"(max-width: 450px) 100vw, 450px\" \/><\/a>Il y a encore trente ans, dans les pays \u00e9mergents, les maladies transmissibles dominaient le tableau nosographique<span class=\"footnote_referrer\"><a role=\"button\" tabindex=\"0\" onclick=\"footnote_moveToReference_9364_1('footnote_plugin_reference_9364_1_1');\" onkeypress=\"footnote_moveToReference_9364_1('footnote_plugin_reference_9364_1_1');\" ><sup id=\"footnote_plugin_tooltip_9364_1_1\" class=\"footnote_plugin_tooltip_text\">(1)<\/sup><\/a><span id=\"footnote_plugin_tooltip_text_9364_1_1\" class=\"footnote_tooltip\">Une maladie infectieuse est une maladie caus\u00e9e par un micro-organisme et ainsi transf\u00e9rable \u00e0 de nouveaux individus. Elle peut \u00eatre transmissible ou non. Une maladie infectieuse non transmissible peut \u00eatre caus\u00e9e par des toxines provenant de l\u2019alimentation ou pr\u00e9sentes dans l&rsquo;environnement, comme le t\u00e9tanos. Le programme \u00ab Global Burden of Disease \u00bb inclut dans l\u2019ensemble \u00ab maladies transmissibles \u00bb, les maladies infectieuses et parasitaires, en particulier les infections des voies respiratoires inf\u00e9rieures, la diarrh\u00e9e, le sida, la tuberculose et la malaria<\/span><\/span><script type=\"text\/javascript\"> jQuery('#footnote_plugin_tooltip_9364_1_1').tooltip({ tip: '#footnote_plugin_tooltip_text_9364_1_1', tipClass: 'footnote_tooltip', effect: 'fade', predelay: 0, fadeInSpeed: 200, delay: 400, fadeOutSpeed: 200, position: 'top right', relative: true, offset: [10, 10], });<\/script>. Depuis, un basculement s\u2019est produit vers des pathologies \u2013 cancers, maladies cardio-vasculaires, ob\u00e9sit\u00e9, troubles mentaux, usage de drogues \u2013 qui refl\u00e8tent l\u2019individualisation des modes de vies. Cette \u00e9volution, \u00e9galement engag\u00e9e dans les pays les plus pauvres, y est encore tr\u00e8s partielle. Et l\u2019esp\u00e9rance de vie des habitants y\u00a0 reste drastiquement r\u00e9duite par rapport \u00e0 ce qu\u2019elle est dans le monde riche ou \u00e9mergent, notamment en raison de la persistance des maladies infectieuses. De ce fait, la carte du poids des maladies sur l\u2019esp\u00e9rance de vie dessine les contours de la pauvret\u00e9 : l\u2019esp\u00e9rance de vie est courte dans les pays o\u00f9 le poids des maladies transmissibles reste \u00e9lev\u00e9, au premier rang desquels figurent les pays d\u2019Afrique sub-saharienne.<\/p>\n<div id=\"attachment_9373\" style=\"width: 410px\" class=\"wp-caption alignright\"><a href=\"https:\/\/coronavirus.jhu.edu\/map.html\"><img aria-describedby=\"caption-attachment-9373\" decoding=\"async\" loading=\"lazy\" class=\"wp-image-9373\" src=\"https:\/\/www.sciencespo.fr\/research\/cogito\/wp-content\/uploads\/2002\/06\/Casefatalityratio.png\" alt=\"\" width=\"400\" height=\"222\" srcset=\"https:\/\/www.sciencespo.fr\/research\/cogito\/wp-content\/uploads\/2002\/06\/Casefatalityratio.png 507w, https:\/\/www.sciencespo.fr\/research\/cogito\/wp-content\/uploads\/2002\/06\/Casefatalityratio-300x166.png 300w, https:\/\/www.sciencespo.fr\/research\/cogito\/wp-content\/uploads\/2002\/06\/Casefatalityratio-260x144.png 260w, https:\/\/www.sciencespo.fr\/research\/cogito\/wp-content\/uploads\/2002\/06\/Casefatalityratio-50x28.png 50w, https:\/\/www.sciencespo.fr\/research\/cogito\/wp-content\/uploads\/2002\/06\/Casefatalityratio-135x75.png 135w\" sizes=\"(max-width: 400px) 100vw, 400px\" \/><\/a><p id=\"caption-attachment-9373\" class=\"wp-caption-text\">Taux de l\u00e9talit\u00e9 du COVID-19 au 11 juin 2020 \u00a9 Johns Hopkins University<\/p><\/div>\n<p>La pand\u00e9mie actuelle n&rsquo;ob\u00e9it pas \u00e0 ce sch\u00e9ma. Alors que le nombre de d\u00e9c\u00e8s attribu\u00e9s au coronavirus voisine 400\u00a0000 dans le monde, la pand\u00e9mie touche surtout la population des pays riches ayant d\u2019\u00e9troites connexions \u00e9conomiques avec la Chine\u00a0; elle a relativement \u00e9pargn\u00e9 l\u2019Afrique subsaharienne, l\u2019est de l\u2019Indon\u00e9sie et les zones pauvres des Cara\u00efbes. De mani\u00e8re embl\u00e9matique vers le 10 avril, en R\u00e9publique Dominicaine, pays de 10 millions d\u2019habitants dont le PIB par t\u00eate est 7650 $, on d\u00e9nombrait 265 morts, tandis que Ha\u00efti, pays de taille analogue, mais parmi les plus pauvres du monde, avec 854 dollars par habitant, d\u00e9clarait seulement 5 d\u00e9c\u00e8s. Un curieux retournement s\u2019est donc op\u00e9r\u00e9, c\u2019est une carte pratiquement invers\u00e9e que dessine \u00e0 ce jour la pand\u00e9mie du coronavirus o\u00f9 les premiers sont les derniers.<\/p>\n<h4>Individualisation de la gravit\u00e9 des contaminations<\/h4>\n<p>Les \u00e9pid\u00e9mies frappent habituellement sans discrimination et se donnent comme un sort partag\u00e9. Ce n\u2019est pas le cas avec le coronavirus qui se r\u00e9v\u00e8le \u00eatre un mal variable d\u2019un individu \u00e0 l\u2019autre. Cette individualisation se manifeste dans le contexte de cette \u00e9pid\u00e9mie sur plusieurs plans qu\u2019Hugues Lagrange analyse dans <i>Les maladies du bonheur.<\/i><\/p>\n<div id=\"attachment_9375\" style=\"width: 310px\" class=\"wp-caption alignleft\"><img aria-describedby=\"caption-attachment-9375\" decoding=\"async\" loading=\"lazy\" class=\"wp-image-9375 size-medium\" src=\"https:\/\/www.sciencespo.fr\/research\/cogito\/wp-content\/uploads\/2002\/06\/shutterstock_1475260436-300x300.jpg\" alt=\"\" width=\"300\" height=\"300\" srcset=\"https:\/\/www.sciencespo.fr\/research\/cogito\/wp-content\/uploads\/2002\/06\/shutterstock_1475260436-300x300.jpg 300w, https:\/\/www.sciencespo.fr\/research\/cogito\/wp-content\/uploads\/2002\/06\/shutterstock_1475260436-150x150.jpg 150w, https:\/\/www.sciencespo.fr\/research\/cogito\/wp-content\/uploads\/2002\/06\/shutterstock_1475260436-146x146.jpg 146w, https:\/\/www.sciencespo.fr\/research\/cogito\/wp-content\/uploads\/2002\/06\/shutterstock_1475260436-50x50.jpg 50w, https:\/\/www.sciencespo.fr\/research\/cogito\/wp-content\/uploads\/2002\/06\/shutterstock_1475260436-75x75.jpg 75w, https:\/\/www.sciencespo.fr\/research\/cogito\/wp-content\/uploads\/2002\/06\/shutterstock_1475260436-85x85.jpg 85w, https:\/\/www.sciencespo.fr\/research\/cogito\/wp-content\/uploads\/2002\/06\/shutterstock_1475260436-80x80.jpg 80w, https:\/\/www.sciencespo.fr\/research\/cogito\/wp-content\/uploads\/2002\/06\/shutterstock_1475260436.jpg 500w\" sizes=\"(max-width: 300px) 100vw, 300px\" \/><p id=\"caption-attachment-9375\" class=\"wp-caption-text\">ADN \u00a9 Tartila, Shutterstock<\/p><\/div>\n<p>D\u2019abord \u00e0 travers le r\u00f4le de notre identit\u00e9 biog\u00e9n\u00e9tique. La s\u00e9v\u00e9rit\u00e9 des pathologies li\u00e9es au coronavirus s\u2019appuie sur la dimension g\u00e9n\u00e9alogique de notre individualit\u00e9 ainsi que le sugg\u00e8re Jean-Laurent Casanova, du laboratoire de g\u00e9n\u00e9tique humaine des maladies infectieuses (Institut Imagine, Paris).\u00a0 <i>\u00ab\u00a0L\u2019hypoth\u00e8se [actuelle] est que ces malades ont une pr\u00e9disposition g\u00e9n\u00e9tique qui reste silencieuse jusqu\u2019\u00e0 la premi\u00e8re rencontre avec le virus, puis se manifeste sous la forme d\u2019une maladie grave, qui conduit le patient dans un service de r\u00e9animation. Dans cette hypoth\u00e8se, c\u2019est au moment de la rencontre avec l\u2019agent infectieux que le ph\u00e9notype se manifeste, c\u2019est \u00e0 dire que votre g\u00e9notype, la vuln\u00e9rabilit\u00e9 port\u00e9e par vos g\u00e8nes face \u00e0 cet agent infectieux, est r\u00e9v\u00e9l\u00e9e. [\u2026] Plusieurs \u00e9quipes ont d\u00e9j\u00e0 d\u00e9couvert des variations g\u00e9n\u00e9tiques qui conf\u00e8rent une vuln\u00e9rabilit\u00e9 s\u00e9lective \u00e0 certaines maladies infectieuses, selon l\u2019\u00e2ge auquel la rencontre avec l\u2019agent infectieux a lieu, qui [\u2026] font la singularit\u00e9 de chacun \u00bb.<\/i>\u00a0 Ainsi le virus rappelle que la r\u00e9sistance de chacun d\u2019entre nous d\u00e9pend d\u2019un h\u00e9ritage issu du bassin g\u00e9n\u00e9tique qui le relie \u00e0 ses anc\u00eatres. Le danger n\u2019est pas seulement, et peut-\u00eatre pas principalement, \u00e0 l\u2019ext\u00e9rieur, la vuln\u00e9rabilit\u00e9 au coronavirus \u00e9tant\u00a0 modul\u00e9e par les g\u00e8nes de l\u2019h\u00f4te. La gravit\u00e9 du risque d\u00e9pendant de ces dispositions n\u2019est pas seulement l\u2019expression d\u2019une fatalit\u00e9 mais la manifestation du fait que, de l\u2019int\u00e9rieur, nous aggravons les destructions exerc\u00e9es par un agent ext\u00e9rieur.<br \/>\nUn autre aspect de l\u2019action de ce virus renvoie \u00e0 l\u2019individualisation des m\u0153urs.\u00a0 <i>\u00ab Il arrive parfois que les h\u00f4tes r\u00e9agissent de fa\u00e7on excessive \u00e0 la pr\u00e9sence du virus. C\u2019est le cas par exemple de l\u2019h\u00e9patite B, o\u00f9 la maladie h\u00e9patique est li\u00e9e \u00e0 une hyperr\u00e9activit\u00e9 immune ; c\u2019est \u00e9galement l\u2019hypoth\u00e8se de chercheurs qui travaillent sur le coronavirus. Les tableaux les plus graves seraient li\u00e9s \u00e0 un emballement du syst\u00e8me immunitaire de l\u2019h\u00f4te via des m\u00e9diateurs inflammatoires, appel\u00e9s \u2018cytokines\u2019<\/i><span class=\"footnote_referrer\"><a role=\"button\" tabindex=\"0\" onclick=\"footnote_moveToReference_9364_1('footnote_plugin_reference_9364_1_2');\" onkeypress=\"footnote_moveToReference_9364_1('footnote_plugin_reference_9364_1_2');\" ><sup id=\"footnote_plugin_tooltip_9364_1_2\" class=\"footnote_plugin_tooltip_text\">(2)<\/sup><\/a><span id=\"footnote_plugin_tooltip_text_9364_1_2\" class=\"footnote_tooltip\">Cette description est emprunt\u00e9e \u00e0 Eric Caumes et Mathurin Maillet du service de maladies infectieuses \u00e0 la Piti\u00e9-Salp\u00eatri\u00e8re, Le Monde 17 avril 2020<\/span><\/span><script type=\"text\/javascript\"> jQuery('#footnote_plugin_tooltip_9364_1_2').tooltip({ tip: '#footnote_plugin_tooltip_text_9364_1_2', tipClass: 'footnote_tooltip', effect: 'fade', predelay: 0, fadeInSpeed: 200, delay: 400, fadeOutSpeed: 200, position: 'top right', relative: true, offset: [10, 10], });<\/script><i>\u00bb. <\/i>Chez ces malades, le syst\u00e8me immunitaire, comme avec les maladies auto-immunes s\u2019attaque \u00e0 l\u2019organisme qu\u2019il a pour mission de d\u00e9fendre. L\u00e0 encore, les qualit\u00e9s individuelles jouent un r\u00f4le majeur ; le virus se r\u00e9v\u00e8le \u00e9tonnamment r\u00e9flexif.<\/p>\n<div id=\"attachment_9377\" style=\"width: 310px\" class=\"wp-caption alignright\"><a href=\"https:\/\/commons.wikimedia.org\/wiki\/File:Obesity_state_level_estimates_1985-2010.gif?uselang=fr\"><img aria-describedby=\"caption-attachment-9377\" decoding=\"async\" loading=\"lazy\" class=\"wp-image-9377 size-medium\" src=\"https:\/\/www.sciencespo.fr\/research\/cogito\/wp-content\/uploads\/2002\/06\/Obesity_state_level_estimates_1985-2010-300x221.gif\" alt=\"\" width=\"300\" height=\"221\" srcset=\"https:\/\/www.sciencespo.fr\/research\/cogito\/wp-content\/uploads\/2002\/06\/Obesity_state_level_estimates_1985-2010-300x221.gif 300w, https:\/\/www.sciencespo.fr\/research\/cogito\/wp-content\/uploads\/2002\/06\/Obesity_state_level_estimates_1985-2010-198x146.gif 198w, https:\/\/www.sciencespo.fr\/research\/cogito\/wp-content\/uploads\/2002\/06\/Obesity_state_level_estimates_1985-2010-50x37.gif 50w, https:\/\/www.sciencespo.fr\/research\/cogito\/wp-content\/uploads\/2002\/06\/Obesity_state_level_estimates_1985-2010-102x75.gif 102w\" sizes=\"(max-width: 300px) 100vw, 300px\" \/><\/a><p id=\"caption-attachment-9377\" class=\"wp-caption-text\">Carte anim\u00e9e (cliquez sur l&rsquo;image) des \u00c9tats-Unis montrant la pr\u00e9valence de l&rsquo;ob\u00e9sit\u00e9 1985-2010. Source : Centers for Disease Control and Prevention<\/p><\/div>\n<p>Outre cette susceptibilit\u00e9 g\u00e9n\u00e9tiquement ou immunologiquement diff\u00e9renci\u00e9e, la s\u00e9v\u00e9rit\u00e9 des atteintes, la probabilit\u00e9 de d\u00e9c\u00e8s, associ\u00e9es au coronavirus r\u00e9v\u00e8lent surtout le poids des pathologies de longue dur\u00e9e, embl\u00e9matiques de la modernit\u00e9. On \u00e9crit, de mani\u00e8re euph\u00e9mique, que la gravit\u00e9 des maux \u00a0due au coronavirus est particuli\u00e8rement \u00e9lev\u00e9e chez les individus pr\u00e9sentant des comorbidit\u00e9s. Or ces pathologies &#8211; cancers, maladies cardio-vasculaires, ob\u00e9sit\u00e9 ou d\u00e9gradation des tissus pulmonaires\u00a0 &#8211; sont pr\u00e9cis\u00e9ment, plus que les maladies infectieuses, l\u2019expression de nos modes de vie et de nos choix. Si les personnes \u00e2g\u00e9es, sont plus gravement touch\u00e9es (30 fois plus de l\u00e9talit\u00e9 pour les personnes de plus 70 ans que pour les moins de 40 ans), la variabilit\u00e9 de l\u2019atteinte, parmi elles, d\u00e9pend beaucoup du maintien d\u2019une activit\u00e9 physique et de l\u2019\u00e9vitement des exc\u00e8s d\u2019alcool et de sucre.<br \/>\nHugues Lagrange pointe les processus par lesquels l\u2019\u00e9pid\u00e9mie actuelle est moderne : sa gravit\u00e9 pourrait bien \u00eatre plus variable d\u2019un individu \u00e0 l\u2019autre qu\u2019elle ne varie socialement, car ce sont des fragilit\u00e9s diff\u00e9rentielles accumul\u00e9es au cours de la vie qui rendent in\u00e9gaux devant le coronavirus.\u00a0 Si dans les pays riches, la pauvret\u00e9 est associ\u00e9e au taux de l\u00e9talit\u00e9 du virus, c\u2019est que cette derni\u00e8re est g\u00e9n\u00e9ralement synonyme d\u2019une moins bonne sant\u00e9. Ce n\u2019est pas le cas \u00e0 l\u2019\u00e9chelle mondiale o\u00f9 la pauvret\u00e9 est corr\u00e9lative d\u2019une pyramide des \u00e2ges triangulaire <span class=\"footnote_referrer\"><a role=\"button\" tabindex=\"0\" onclick=\"footnote_moveToReference_9364_1('footnote_plugin_reference_9364_1_3');\" onkeypress=\"footnote_moveToReference_9364_1('footnote_plugin_reference_9364_1_3');\" ><sup id=\"footnote_plugin_tooltip_9364_1_3\" class=\"footnote_plugin_tooltip_text\">(3)<\/sup><\/a><span id=\"footnote_plugin_tooltip_text_9364_1_3\" class=\"footnote_tooltip\">Le profil de la pyramide pr\u00e9sente une base tr\u00e8s large (forte natalit\u00e9) et un sommet tr\u00e8s fin (forte mortalit\u00e9). En France le profil est plut\u00f4t en cloche (forme large pour les 40\/60 ans). Un pays avec une population vieillissante pr\u00e9sente une base assez mince et un sommet \u00e9largi<\/span><\/span><script type=\"text\/javascript\"> jQuery('#footnote_plugin_tooltip_9364_1_3').tooltip({ tip: '#footnote_plugin_tooltip_text_9364_1_3', tipClass: 'footnote_tooltip', effect: 'fade', predelay: 0, fadeInSpeed: 200, delay: 400, fadeOutSpeed: 200, position: 'top right', relative: true, offset: [10, 10], });<\/script>.<br \/>\nEn ce sens, dans les soci\u00e9t\u00e9s d\u2019affluence, la pand\u00e9mie de SRAS-Cov2 pr\u00e9sente un registre de variations pathologiques o\u00f9 se lit l\u2019importance de nos legs g\u00e9n\u00e9tiques, de notre histoire immunitaire singuli\u00e8re, et surtout les cons\u00e9quences de l\u2019individualisation de nos conduites. Elle fait \u00e9cho \u00e0 l\u2019individualisation des m\u0153urs.<\/p>\n<h4>La disparition des s\u00e9curit\u00e9s et des consolations<b><br \/>\n<\/b><\/h4>\n<div id=\"attachment_9379\" style=\"width: 310px\" class=\"wp-caption alignleft\"><img aria-describedby=\"caption-attachment-9379\" decoding=\"async\" loading=\"lazy\" class=\"wp-image-9379 size-medium\" src=\"https:\/\/www.sciencespo.fr\/research\/cogito\/wp-content\/uploads\/2002\/06\/14700272820_e6ca6c60ed_w-300x215.jpg\" alt=\"\" width=\"300\" height=\"215\" srcset=\"https:\/\/www.sciencespo.fr\/research\/cogito\/wp-content\/uploads\/2002\/06\/14700272820_e6ca6c60ed_w-300x215.jpg 300w, https:\/\/www.sciencespo.fr\/research\/cogito\/wp-content\/uploads\/2002\/06\/14700272820_e6ca6c60ed_w-204x146.jpg 204w, https:\/\/www.sciencespo.fr\/research\/cogito\/wp-content\/uploads\/2002\/06\/14700272820_e6ca6c60ed_w-50x36.jpg 50w, https:\/\/www.sciencespo.fr\/research\/cogito\/wp-content\/uploads\/2002\/06\/14700272820_e6ca6c60ed_w-105x75.jpg 105w, https:\/\/www.sciencespo.fr\/research\/cogito\/wp-content\/uploads\/2002\/06\/14700272820_e6ca6c60ed_w.jpg 400w\" sizes=\"(max-width: 300px) 100vw, 300px\" \/><p id=\"caption-attachment-9379\" class=\"wp-caption-text\">5 ao\u00fbt 1969 : D\u00e9but du festival de Woodstock \u00a9 Flickr\/Paille<\/p><\/div>\n<p>L\u2019auteur rappelle que dans les ann\u00e9es 1950-70, alors que le monde s\u2019ouvre et que les autoritarismes refluent \u00e0 l\u2019Ouest, on n\u2019a eu de cesse de d\u00e9noncer le contr\u00f4le social et le r\u00f4le disciplinaire des \u00c9tats. Des deux c\u00f4t\u00e9s de l\u2019Atlantique, on parle de d\u00e9sublimation r\u00e9pressive<span class=\"footnote_referrer\"><a role=\"button\" tabindex=\"0\" onclick=\"footnote_moveToReference_9364_1('footnote_plugin_reference_9364_1_4');\" onkeypress=\"footnote_moveToReference_9364_1('footnote_plugin_reference_9364_1_4');\" ><sup id=\"footnote_plugin_tooltip_9364_1_4\" class=\"footnote_plugin_tooltip_text\">(4)<\/sup><\/a><span id=\"footnote_plugin_tooltip_text_9364_1_4\" class=\"footnote_tooltip\">Selon Freud, la civilisation ne peut s&rsquo;\u00e9lever qu&rsquo;en r\u00e9primant les instincts qui rendraient la vie sociale impossible. La r\u00e9pression du principe de plaisir am\u00e8ne les instincts \u00e0 se sublimer.<\/span><\/span><script type=\"text\/javascript\"> jQuery('#footnote_plugin_tooltip_9364_1_4').tooltip({ tip: '#footnote_plugin_tooltip_text_9364_1_4', tipClass: 'footnote_tooltip', effect: 'fade', predelay: 0, fadeInSpeed: 200, delay: 400, fadeOutSpeed: 200, position: 'top right', relative: true, offset: [10, 10], });<\/script>. Aux \u00c9tats-Unis, psychiatres et psychanalystes consid\u00e8rent que l\u2019anxi\u00e9t\u00e9 et la d\u00e9pression, dont on observe alors la pouss\u00e9e, sont associ\u00e9es aux tensions entre les d\u00e9sirs naissants et les entraves impos\u00e9es \u00e0 la libert\u00e9 des m\u0153urs par la soci\u00e9t\u00e9. Interpr\u00e9tant Freud de mani\u00e8re h\u00e9mipl\u00e9gique, on porte alors sur le mal-\u00eatre psychique le diagnostic qu\u2019il portait sur les Viennoises de 1890 et sur les femmes de la soci\u00e9t\u00e9 victorienne en Angleterre ou aux \u00c9tats-Unis.<\/p>\n<p>L\u2019\u00e9tude des pathologies des Occidentaux au XXe si\u00e8cle d\u00e9velopp\u00e9e par Hugues Lagrange\u00a0 montre au contraire que ce ne sont pas les carcans sociaux qui engendrent le malaise. Les hommes, dit-il, se sont d\u00e9pouill\u00e9s de cette seconde peau que constituaient les communaut\u00e9s primaires \u2013 les familles \u00e9tendues, les solidarit\u00e9s locales, les communaut\u00e9s de foi \u2013 sans discernement. Parall\u00e8lement \u00e0 la dissipation d\u2019un horizon religieux, ils ont v\u00e9cu \u00e0 la fois l\u2019anonymat urbain, la disparition de la famille \u00e9tendue, la pouss\u00e9e des divorces : la conjonction de ces \u00e9volutions a eu, pour beaucoup, des cons\u00e9quences n\u00e9gatives. La disparition de l\u2019embo\u00eetement de s\u00e9curit\u00e9s que ces liens formaient a \u00e9t\u00e9 particuli\u00e8rement n\u00e9faste pour les classes populaires.<\/p>\n<div id=\"attachment_9371\" style=\"width: 310px\" class=\"wp-caption alignright\"><img aria-describedby=\"caption-attachment-9371\" decoding=\"async\" loading=\"lazy\" class=\"wp-image-9371 size-medium\" src=\"https:\/\/www.sciencespo.fr\/research\/cogito\/wp-content\/uploads\/2002\/06\/Piet\u00e0_de_Nouans-300x194.jpg\" alt=\"\" width=\"300\" height=\"194\" srcset=\"https:\/\/www.sciencespo.fr\/research\/cogito\/wp-content\/uploads\/2002\/06\/Piet\u00e0_de_Nouans-300x194.jpg 300w, https:\/\/www.sciencespo.fr\/research\/cogito\/wp-content\/uploads\/2002\/06\/Piet\u00e0_de_Nouans-226x146.jpg 226w, https:\/\/www.sciencespo.fr\/research\/cogito\/wp-content\/uploads\/2002\/06\/Piet\u00e0_de_Nouans-50x32.jpg 50w, https:\/\/www.sciencespo.fr\/research\/cogito\/wp-content\/uploads\/2002\/06\/Piet\u00e0_de_Nouans-116x75.jpg 116w, https:\/\/www.sciencespo.fr\/research\/cogito\/wp-content\/uploads\/2002\/06\/Piet\u00e0_de_Nouans.jpg 600w\" sizes=\"(max-width: 300px) 100vw, 300px\" \/><p id=\"caption-attachment-9371\" class=\"wp-caption-text\">Piet\u00e0 de Nouans. Peint par Jean Fouquet, vers 1460-1465. \u00a9 Domaine public<\/p><\/div>\n<p>L\u2019auteur montre aussi qu\u2019avec la R\u00e9forme et la mise en place des consistoires, un dieu consolateur est remplac\u00e9 par un dieu culpabilisateur. Et l\u2019homme coupable issu de la R\u00e9forme, fragilis\u00e9 par la disparition des enveloppes protectrices microsociales, conna\u00eet une anxi\u00e9t\u00e9 plus individualis\u00e9e. La pr\u00e9valence du syndrome anxiod\u00e9pressif est en effet plus marqu\u00e9e dans le nord de l\u2019Europe et aux \u00c9tats-Unis que dans le sud et l\u2019est de l\u2019Europe (du moins jusqu\u2019\u00e0 une date r\u00e9cente). Les pathologies mentales ordinaires en Europe au cours de la seconde moiti\u00e9 du 20\u00e8me si\u00e8cle se superposent avec les avanc\u00e9es de la libert\u00e9 et la d\u00e9s-institution des m\u0153urs. Ces souffrances sont g\u00e9ographiquement plus marqu\u00e9es l\u00e0 o\u00f9 l\u2019affranchissement des d\u00e9pendances personnelles s\u2019accomplit.<\/p>\n<h4>Une \u00e9mancipation illusoire ?<\/h4>\n<p>\u00c9tablir une corr\u00e9lation entre les souffrances modernes et l\u2019h<i>ubris<\/i> des libert\u00e9s est \u00e9videmment sch\u00e9matique. D\u00e9velopp\u00e9e par Kierkegaard\u00a0\u2013 avec l\u2019image de l\u2019homme sur le bord de la falaise, atteint du <i>vertige de la libert\u00e9<\/i> \u2013 elle sugg\u00e8re cependant que les modernes ne peuvent recouvrer les \u00e9quilibres psychiques qu\u2019en faisant de la libert\u00e9 une exigence. En effet, si les souffrances, particuli\u00e8rement dans les classes domin\u00e9es, sont associ\u00e9es \u00e0 la libert\u00e9 des m\u0153urs, elles n\u2019en d\u00e9rivent pas.<\/p>\n<div id=\"attachment_9381\" style=\"width: 310px\" class=\"wp-caption alignleft\"><img aria-describedby=\"caption-attachment-9381\" decoding=\"async\" loading=\"lazy\" class=\"wp-image-9381 size-medium\" src=\"https:\/\/www.sciencespo.fr\/research\/cogito\/wp-content\/uploads\/2002\/06\/shutterstock_524898532-300x200.jpg\" alt=\"\" width=\"300\" height=\"200\" srcset=\"https:\/\/www.sciencespo.fr\/research\/cogito\/wp-content\/uploads\/2002\/06\/shutterstock_524898532-300x200.jpg 300w, https:\/\/www.sciencespo.fr\/research\/cogito\/wp-content\/uploads\/2002\/06\/shutterstock_524898532-219x146.jpg 219w, https:\/\/www.sciencespo.fr\/research\/cogito\/wp-content\/uploads\/2002\/06\/shutterstock_524898532-50x33.jpg 50w, https:\/\/www.sciencespo.fr\/research\/cogito\/wp-content\/uploads\/2002\/06\/shutterstock_524898532-112x75.jpg 112w, https:\/\/www.sciencespo.fr\/research\/cogito\/wp-content\/uploads\/2002\/06\/shutterstock_524898532.jpg 500w\" sizes=\"(max-width: 300px) 100vw, 300px\" \/><p id=\"caption-attachment-9381\" class=\"wp-caption-text\">\u00a9 Shutterstock<\/p><\/div>\n<p>Le mouvement vers la libert\u00e9 s\u2019est fourvoy\u00e9 quand il a renonc\u00e9 \u00e0 \u00eatre une qu\u00eate d\u2019autonomie dans tous les domaines pour ne plus \u00eatre que la suppression des contraintes morales, un pur affranchissement des d\u00e9pendances. Et pour le grand nombre, une d\u00e9faite de la libert\u00e9 intervient parce que les libert\u00e9s conquises dans la sph\u00e8re priv\u00e9e ne se sont pas accompagn\u00e9es d\u2019un \u00e9largissement de l\u2019autonomie dans la sph\u00e8re du travail.<\/p>\n<p>R\u00e9futant l\u2019id\u00e9e que l\u2019affranchissement des d\u00e9pendances interpersonnelles assign\u00e9es \u00e0 la naissance a rendu l\u2019homme v\u00e9ritablement libre, Hugues Lagrange souligne, dans une analyse de la m\u00e9ritocratie, combien les in\u00e9galit\u00e9s natives h\u00e9rit\u00e9es n\u2019ont pas disparu. L\u2019\u00e9limination des distinctions statutaires attach\u00e9es \u00e0 la naissance a mis au jour les in\u00e9galit\u00e9s de la distribution des aptitudes non moins fortes. Nous ne sommes, dit-il, sans doute gu\u00e8re plus qu\u2019autrefois les auteurs de nos succ\u00e8s et de nos insucc\u00e8s, seulement de modestes co-auteurs de nos vies. Or, pour \u00eatre r\u00e9elle, l\u2019extension des libert\u00e9s en droit devait \u00eatre accompagn\u00e9e de libert\u00e9s cr\u00e9ances, cela fut rarement accompli.<\/p>\n<h4>La libert\u00e9 et le biopouvoir<\/h4>\n<p>Mettant en cause les d\u00e9rives de la libert\u00e9, Hugues Lagrange s\u2019inscrit en faux contre l\u2019id\u00e9e que, durant les derni\u00e8res d\u00e9cennies, se soit d\u00e9velopp\u00e9e dans les pays occidentaux une forme de biopolitique. L\u2019invocation m\u00eame de soci\u00e9t\u00e9s de surveillance s\u2019agissant des pays d\u2019Europe, \u00e0 laquelle les dispositifs mis en place pour combattre le terrorisme a donn\u00e9 quelque consistance, porte \u00e0 faux.<\/p>\n<div id=\"attachment_9385\" style=\"width: 310px\" class=\"wp-caption alignright\"><img aria-describedby=\"caption-attachment-9385\" decoding=\"async\" loading=\"lazy\" class=\"wp-image-9385 size-medium\" src=\"https:\/\/www.sciencespo.fr\/research\/cogito\/wp-content\/uploads\/2002\/06\/3246406593_e018baf6c8_b-300x169.jpg\" alt=\"\" width=\"300\" height=\"169\" srcset=\"https:\/\/www.sciencespo.fr\/research\/cogito\/wp-content\/uploads\/2002\/06\/3246406593_e018baf6c8_b-300x169.jpg 300w, https:\/\/www.sciencespo.fr\/research\/cogito\/wp-content\/uploads\/2002\/06\/3246406593_e018baf6c8_b-768x432.jpg 768w, https:\/\/www.sciencespo.fr\/research\/cogito\/wp-content\/uploads\/2002\/06\/3246406593_e018baf6c8_b.jpg 1024w, https:\/\/www.sciencespo.fr\/research\/cogito\/wp-content\/uploads\/2002\/06\/3246406593_e018baf6c8_b-260x146.jpg 260w, https:\/\/www.sciencespo.fr\/research\/cogito\/wp-content\/uploads\/2002\/06\/3246406593_e018baf6c8_b-50x28.jpg 50w, https:\/\/www.sciencespo.fr\/research\/cogito\/wp-content\/uploads\/2002\/06\/3246406593_e018baf6c8_b-133x75.jpg 133w\" sizes=\"(max-width: 300px) 100vw, 300px\" \/><p id=\"caption-attachment-9385\" class=\"wp-caption-text\">Manifestation \u00e0 Clermont-ferrand \u00a9 Loz Pycock, CC BY-SA 2.0<\/p><\/div>\n<p>Certes les d\u00e9rives de la surveillance, un <i>tracking<\/i> commercial permanent et son usage par les \u00c9tats occidentaux, se sont d\u00e9velopp\u00e9es mais invoquer \u00e0 leur propos l\u2019id\u00e9e de biopolitique rel\u00e8ve d\u2019un contresens absolu. Michel Foucault, dans les ann\u00e9es 1980, envisageait une \u00e9volution marqu\u00e9e par un accroissement continu de l\u2019emprise de l\u2019\u00c9tat. Or ce dernier, m\u00eame l\u00e0 o\u00f9 il est le plus solidement assis en Europe, n\u2019a cess\u00e9 d\u2019\u00eatre d\u00e9l\u00e9gitim\u00e9. Alors que l\u2019on s\u2019\u00e9loignait d\u2019un \u00c9tat intervenant <i>directement<\/i><span class=\"footnote_referrer\"><a role=\"button\" tabindex=\"0\" onclick=\"footnote_moveToReference_9364_1('footnote_plugin_reference_9364_1_5');\" onkeypress=\"footnote_moveToReference_9364_1('footnote_plugin_reference_9364_1_5');\" ><sup id=\"footnote_plugin_tooltip_9364_1_5\" class=\"footnote_plugin_tooltip_text\">(5)<\/sup><\/a><span id=\"footnote_plugin_tooltip_text_9364_1_5\" class=\"footnote_tooltip\">Certes la part des d\u00e9penses publiques dans le PIB continue de cro\u00eetre, mais son rythme marque l\u2019h\u00e9sitation sur le r\u00f4le de l\u2019\u00c9tat qui intervient dans les ann\u00e9es 1980. La progression des d\u00e9penses publiques conna\u00eet un coup d\u2019arr\u00eat sous l\u2019influence d\u2019id\u00e9es anti-redistributives au Royaume-Uni, aux \u00c9tats-Unis, en Irlande (qui au demeurant verront par contrecoup ces d\u00e9penses reprendre leur \u00e9l\u00e9vation de 1990 \u00e0 2000), tandis que les \u00c9tats sociaux-d\u00e9mocrates les plus typiques, Su\u00e8de, Norv\u00e8ge, voient la part de ces d\u00e9penses stagner d\u00e8s 1990, et leur augmentation ralentir sensiblement en Allemagne. Seule la France imperturbablement a vu ses d\u00e9penses publiques cro\u00eetre de 1930 \u00e0 2010.<\/span><\/span><script type=\"text\/javascript\"> jQuery('#footnote_plugin_tooltip_9364_1_5').tooltip({ tip: '#footnote_plugin_tooltip_text_9364_1_5', tipClass: 'footnote_tooltip', effect: 'fade', predelay: 0, fadeInSpeed: 200, delay: 400, fadeOutSpeed: 200, position: 'top right', relative: true, offset: [10, 10], });<\/script> dans nos vies, et que la garantie des libert\u00e9s morales continuait de s\u2019\u00e9tendre, la perception d\u2019un \u00c9tat disciplinaire, imprimant sa marque \u00e0 travers les corps a pourtant prosp\u00e9r\u00e9 dans les trente derni\u00e8res ann\u00e9es. Si l\u2019on veut des exemples de biopolitique, il faut regarder ailleurs, singuli\u00e8rement pendant cette \u00e9pid\u00e9mie, en Chine. L\u00e0, l\u2019\u00c9tat s&rsquo;immisce dans les fonctionnements les plus intimes de la vie \u2013 notamment avec l\u2019enfant unique en 1979, le contr\u00f4le des suicides dans les ann\u00e9es 1990, ou l\u2019usage massif de la g\u00e9olocalisation et de la reconnaissance faciale. Dans le contexte de la pand\u00e9mie SRAS-Cov2, \u00e0 l\u2019instar de plusieurs pays asiatiques hormis la Chine, les pays d\u2019Europe du nord-ouest se sont d\u00e9marqu\u00e9s des pratiques purement coercitives impos\u00e9es physiquement, en entendant s\u2019appuyer sur d\u2019autres ressorts. De leurs c\u00f4t\u00e9s, l\u2019Italie par un bouclage tr\u00e8s rigoureux des r\u00e9gions du nord, l\u2019Espagne \u00e0 travers l\u2019intervention de l\u2019arm\u00e9e, la France avec le contr\u00f4le policier des autorisations de d\u00e9placement, ont exerc\u00e9 un m\u00e9lange de coercition et d\u2019action tut\u00e9laire. Il reste que, m\u00eame dans ces derniers cas, la surveillance n\u2019a pas pris la forme orwellienne et totalitaire qu\u2019elle a rev\u00eatue en Chine ou en Iran.<\/p>\n<p>Ainsi, avec cette analyse des maladies du bonheur, Hugues Lagrange ouvre de multiples perspectives pour questionner en profondeur nos soci\u00e9t\u00e9s sur notre rapport \u00e0 la sant\u00e9, \u00e0 l&rsquo;\u00e9volution de nos m\u0153urs, \u00e0 nos croyances, aux effets de nos solitudes \u00ab responsables \u00bb et \u00e0 notre attachement aux \u00ab bonnes libert\u00e9s \u00bb ?<\/p>\n<pre><a href=\"http:\/\/www.sciencespo.fr\/osc\/fr\/content\/hugues-lagrange-0\">Hugues Lagrange<\/a>, directeur de recherche \u00e9m\u00e9rite CNRS \u00e0 l\u2019Observatoire sociologique du changement (OSC), s'int\u00e9resse \u00e0 la socialisation et aux rapports identitaires.<\/pre>\n<div class=\"speaker-mute footnotes_reference_container\"> <div class=\"footnote_container_prepare\"><p><span role=\"button\" tabindex=\"0\" class=\"footnote_reference_container_label pointer\" onclick=\"footnote_expand_collapse_reference_container_9364_1();\">Notes<\/span><span role=\"button\" tabindex=\"0\" class=\"footnote_reference_container_collapse_button\" style=\"display: none;\" onclick=\"footnote_expand_collapse_reference_container_9364_1();\">[<a id=\"footnote_reference_container_collapse_button_9364_1\">+<\/a>]<\/span><\/p><\/div> <div id=\"footnote_references_container_9364_1\" style=\"\"><table class=\"footnotes_table footnote-reference-container\"><caption class=\"accessibility\">Notes<\/caption> <tbody> \r\n\r\n<tr class=\"footnotes_plugin_reference_row\"> <th scope=\"row\" class=\"footnote_plugin_index_combi pointer\"  onclick=\"footnote_moveToAnchor_9364_1('footnote_plugin_tooltip_9364_1_1');\"><a id=\"footnote_plugin_reference_9364_1_1\" class=\"footnote_backlink\"><span class=\"footnote_index_arrow\">&#8593;<\/span>1<\/a><\/th> <td class=\"footnote_plugin_text\">Une maladie infectieuse est une maladie caus\u00e9e par un micro-organisme et ainsi transf\u00e9rable \u00e0 de nouveaux individus. Elle peut \u00eatre transmissible ou non. Une maladie infectieuse non transmissible peut \u00eatre caus\u00e9e par des toxines provenant de l\u2019alimentation ou pr\u00e9sentes dans l&rsquo;environnement, comme le t\u00e9tanos. Le programme \u00ab Global Burden of Disease \u00bb inclut dans l\u2019ensemble \u00ab maladies transmissibles \u00bb, les maladies infectieuses et parasitaires, en particulier les infections des voies respiratoires inf\u00e9rieures, la diarrh\u00e9e, le sida, la tuberculose et la malaria<\/td><\/tr>\r\n\r\n<tr class=\"footnotes_plugin_reference_row\"> <th scope=\"row\" class=\"footnote_plugin_index_combi pointer\"  onclick=\"footnote_moveToAnchor_9364_1('footnote_plugin_tooltip_9364_1_2');\"><a id=\"footnote_plugin_reference_9364_1_2\" class=\"footnote_backlink\"><span class=\"footnote_index_arrow\">&#8593;<\/span>2<\/a><\/th> <td class=\"footnote_plugin_text\">Cette description est emprunt\u00e9e \u00e0 Eric Caumes et Mathurin Maillet du service de maladies infectieuses \u00e0 la Piti\u00e9-Salp\u00eatri\u00e8re, Le Monde 17 avril 2020<\/td><\/tr>\r\n\r\n<tr class=\"footnotes_plugin_reference_row\"> <th scope=\"row\" class=\"footnote_plugin_index_combi pointer\"  onclick=\"footnote_moveToAnchor_9364_1('footnote_plugin_tooltip_9364_1_3');\"><a id=\"footnote_plugin_reference_9364_1_3\" class=\"footnote_backlink\"><span class=\"footnote_index_arrow\">&#8593;<\/span>3<\/a><\/th> <td class=\"footnote_plugin_text\">Le profil de la pyramide pr\u00e9sente une base tr\u00e8s large (forte natalit\u00e9) et un sommet tr\u00e8s fin (forte mortalit\u00e9). En France le profil est plut\u00f4t en cloche (forme large pour les 40\/60 ans). Un pays avec une population vieillissante pr\u00e9sente une base assez mince et un sommet \u00e9largi<\/td><\/tr>\r\n\r\n<tr class=\"footnotes_plugin_reference_row\"> <th scope=\"row\" class=\"footnote_plugin_index_combi pointer\"  onclick=\"footnote_moveToAnchor_9364_1('footnote_plugin_tooltip_9364_1_4');\"><a id=\"footnote_plugin_reference_9364_1_4\" class=\"footnote_backlink\"><span class=\"footnote_index_arrow\">&#8593;<\/span>4<\/a><\/th> <td class=\"footnote_plugin_text\">Selon Freud, la civilisation ne peut s&rsquo;\u00e9lever qu&rsquo;en r\u00e9primant les instincts qui rendraient la vie sociale impossible. La r\u00e9pression du principe de plaisir am\u00e8ne les instincts \u00e0 se sublimer.<\/td><\/tr>\r\n\r\n<tr class=\"footnotes_plugin_reference_row\"> <th scope=\"row\" class=\"footnote_plugin_index_combi pointer\"  onclick=\"footnote_moveToAnchor_9364_1('footnote_plugin_tooltip_9364_1_5');\"><a id=\"footnote_plugin_reference_9364_1_5\" class=\"footnote_backlink\"><span class=\"footnote_index_arrow\">&#8593;<\/span>5<\/a><\/th> <td class=\"footnote_plugin_text\">Certes la part des d\u00e9penses publiques dans le PIB continue de cro\u00eetre, mais son rythme marque l\u2019h\u00e9sitation sur le r\u00f4le de l\u2019\u00c9tat qui intervient dans les ann\u00e9es 1980. La progression des d\u00e9penses publiques conna\u00eet un coup d\u2019arr\u00eat sous l\u2019influence d\u2019id\u00e9es anti-redistributives au Royaume-Uni, aux \u00c9tats-Unis, en Irlande (qui au demeurant verront par contrecoup ces d\u00e9penses reprendre leur \u00e9l\u00e9vation de 1990 \u00e0 2000), tandis que les \u00c9tats sociaux-d\u00e9mocrates les plus typiques, Su\u00e8de, Norv\u00e8ge, voient la part de ces d\u00e9penses stagner d\u00e8s 1990, et leur augmentation ralentir sensiblement en Allemagne. Seule la France imperturbablement a vu ses d\u00e9penses publiques cro\u00eetre de 1930 \u00e0 2010.<\/td><\/tr>\r\n\r\n <\/tbody> <\/table> <\/div><\/div><script type=\"text\/javascript\"> function footnote_expand_reference_container_9364_1() { jQuery('#footnote_references_container_9364_1').show(); jQuery('#footnote_reference_container_collapse_button_9364_1').text('\u2212'); } function footnote_collapse_reference_container_9364_1() { jQuery('#footnote_references_container_9364_1').hide(); jQuery('#footnote_reference_container_collapse_button_9364_1').text('+'); } function footnote_expand_collapse_reference_container_9364_1() { if (jQuery('#footnote_references_container_9364_1').is(':hidden')) { footnote_expand_reference_container_9364_1(); } else { footnote_collapse_reference_container_9364_1(); } } function footnote_moveToReference_9364_1(p_str_TargetID) { footnote_expand_reference_container_9364_1(); var l_obj_Target = jQuery('#' + p_str_TargetID); if (l_obj_Target.length) { jQuery( 'html, body' ).delay( 0 ); jQuery('html, body').animate({ scrollTop: l_obj_Target.offset().top - window.innerHeight * 0.2 }, 380); } } function footnote_moveToAnchor_9364_1(p_str_TargetID) { footnote_expand_reference_container_9364_1(); var l_obj_Target = jQuery('#' + p_str_TargetID); if (l_obj_Target.length) { jQuery( 'html, body' ).delay( 0 ); jQuery('html, body').animate({ scrollTop: l_obj_Target.offset().top - window.innerHeight * 0.2 }, 380); } }<\/script>","protected":false},"excerpt":{"rendered":"<p>Dans son ouvrage Les maladies du bonheur, paru en mars dernier, Hugues Lagrange, chercheur \u00e0 l\u2019Observatoire sociologique du changement (OSC) avait entrepris de r\u00e9fl\u00e9chir sur<span class=\"excerpt-hellip\"> [\u2026]<\/span><\/p>\n","protected":false},"author":3,"featured_media":9483,"comment_status":"closed","ping_status":"open","sticky":false,"template":"","format":"standard","meta":{"footnotes":""},"categories":[321,18,260],"tags":[75],"_links":{"self":[{"href":"https:\/\/www.sciencespo.fr\/research\/cogito\/home\/wp-json\/wp\/v2\/posts\/9364"}],"collection":[{"href":"https:\/\/www.sciencespo.fr\/research\/cogito\/home\/wp-json\/wp\/v2\/posts"}],"about":[{"href":"https:\/\/www.sciencespo.fr\/research\/cogito\/home\/wp-json\/wp\/v2\/types\/post"}],"author":[{"embeddable":true,"href":"https:\/\/www.sciencespo.fr\/research\/cogito\/home\/wp-json\/wp\/v2\/users\/3"}],"replies":[{"embeddable":true,"href":"https:\/\/www.sciencespo.fr\/research\/cogito\/home\/wp-json\/wp\/v2\/comments?post=9364"}],"version-history":[{"count":15,"href":"https:\/\/www.sciencespo.fr\/research\/cogito\/home\/wp-json\/wp\/v2\/posts\/9364\/revisions"}],"predecessor-version":[{"id":9745,"href":"https:\/\/www.sciencespo.fr\/research\/cogito\/home\/wp-json\/wp\/v2\/posts\/9364\/revisions\/9745"}],"wp:featuredmedia":[{"embeddable":true,"href":"https:\/\/www.sciencespo.fr\/research\/cogito\/home\/wp-json\/wp\/v2\/media\/9483"}],"wp:attachment":[{"href":"https:\/\/www.sciencespo.fr\/research\/cogito\/home\/wp-json\/wp\/v2\/media?parent=9364"}],"wp:term":[{"taxonomy":"category","embeddable":true,"href":"https:\/\/www.sciencespo.fr\/research\/cogito\/home\/wp-json\/wp\/v2\/categories?post=9364"},{"taxonomy":"post_tag","embeddable":true,"href":"https:\/\/www.sciencespo.fr\/research\/cogito\/home\/wp-json\/wp\/v2\/tags?post=9364"}],"curies":[{"name":"wp","href":"https:\/\/api.w.org\/{rel}","templated":true}]}}