{"id":9349,"date":"2020-06-15T07:00:47","date_gmt":"2020-06-15T05:00:47","guid":{"rendered":"https:\/\/www.sciencespo.fr\/research\/cogito\/home\/?p=9349"},"modified":"2020-06-23T18:41:04","modified_gmt":"2020-06-23T16:41:04","slug":"elipss-portrait-des-francais-confines","status":"publish","type":"post","link":"https:\/\/www.sciencespo.fr\/research\/cogito\/home\/elipss-portrait-des-francais-confines\/","title":{"rendered":"ELIPSS : portrait des Fran\u00e7ais confin\u00e9s"},"content":{"rendered":"<div id=\"attachment_9351\" style=\"width: 310px\" class=\"wp-caption alignleft\"><img aria-describedby=\"caption-attachment-9351\" decoding=\"async\" loading=\"lazy\" class=\"size-medium wp-image-9351\" src=\"https:\/\/www.sciencespo.fr\/research\/cogito\/wp-content\/uploads\/2020\/06\/Screenshot_2020-06-11-\u00abNous-sommes-en-guerre\u00bb-ce-qu\u2019il-faut-retenir-des-annonces-d\u2019Emmanuel-Macron-300x169.png\" alt=\"\" width=\"300\" height=\"169\" srcset=\"https:\/\/www.sciencespo.fr\/research\/cogito\/wp-content\/uploads\/2020\/06\/Screenshot_2020-06-11-\u00abNous-sommes-en-guerre\u00bb-ce-qu\u2019il-faut-retenir-des-annonces-d\u2019Emmanuel-Macron-300x169.png 300w, https:\/\/www.sciencespo.fr\/research\/cogito\/wp-content\/uploads\/2020\/06\/Screenshot_2020-06-11-\u00abNous-sommes-en-guerre\u00bb-ce-qu\u2019il-faut-retenir-des-annonces-d\u2019Emmanuel-Macron-260x146.png 260w, https:\/\/www.sciencespo.fr\/research\/cogito\/wp-content\/uploads\/2020\/06\/Screenshot_2020-06-11-\u00abNous-sommes-en-guerre\u00bb-ce-qu\u2019il-faut-retenir-des-annonces-d\u2019Emmanuel-Macron-50x28.png 50w, https:\/\/www.sciencespo.fr\/research\/cogito\/wp-content\/uploads\/2020\/06\/Screenshot_2020-06-11-\u00abNous-sommes-en-guerre\u00bb-ce-qu\u2019il-faut-retenir-des-annonces-d\u2019Emmanuel-Macron-133x75.png 133w, https:\/\/www.sciencespo.fr\/research\/cogito\/wp-content\/uploads\/2020\/06\/Screenshot_2020-06-11-\u00abNous-sommes-en-guerre\u00bb-ce-qu\u2019il-faut-retenir-des-annonces-d\u2019Emmanuel-Macron.png 745w\" sizes=\"(max-width: 300px) 100vw, 300px\" \/><p id=\"caption-attachment-9351\" class=\"wp-caption-text\">Cr\u00e9dits : Gouvernement de la R\u00e9publique fran\u00e7aise<\/p><\/div>\n<p>Le 16 mars dernier, une d\u00e9cision gouvernementale allait bouleverser pour quelques mois notre quotidien et nos d\u00e9placements : la distanciation sociale par le confinement.<br \/>\nPour \u00e9valuer l\u2019impact de ces mesures exceptionnelles sur la population, l\u2019\u00e9quipe du <a href=\"https:\/\/www.sciencespo.fr\/osc\/fr\/content\/faire-face-au-covid-19.html\" target=\"_blank\" rel=\"noopener noreferrer\">projet Faire face au Covid-19: Distanciation sociale, coh\u00e9sion, et in\u00e9galit\u00e9 dans la France de 2020<\/a> (ANR CoCo) a travaill\u00e9 avec celle du <a href=\"https:\/\/cdsp.sciences-po.fr\/fr\/projets\/panel-elipss\/\" target=\"_blank\" rel=\"noopener noreferrer\">dispositif d\u2019\u00e9tude longitudinale par Internet ELIPSS<\/a> afin d\u2019\u00e9tablir et mettre en \u0153uvre les proc\u00e9d\u00e9s de mesure quantitative n\u00e9cessaires.<\/p>\n<h4>Un dispositif \u00e9prouv\u00e9<\/h4>\n<p>Depuis 2012, de nombreuses donn\u00e9es sont collect\u00e9es r\u00e9guli\u00e8rement aupr\u00e8s du panel ELIPSS, un \u00e9chantillon repr\u00e9sentatif de la population g\u00e9r\u00e9 au <a href=\"https:\/\/cdsp.sciences-po.fr\/fr\/\" target=\"_blank\" rel=\"noopener noreferrer\">Centre de donn\u00e9es socio-politiques<\/a> (CDSP). Ces donn\u00e9es longitudinales contribuent \u00e0 \u00e9valuer l\u2019\u00e9volution des pratiques et attitudes des individus et \u00e0 identifier les changements.<br \/>\nL&rsquo;ensemble des informations recueillies par ELIPSS donnent une image fid\u00e8le de la situation de population avant le confinement et servent de socle de r\u00e9f\u00e9rence aux analyses \u00e0 venir.<\/p>\n<h4>Des adaptations n\u00e9cessaires<\/h4>\n<p><img decoding=\"async\" loading=\"lazy\" class=\"alignright wp-image-9566\" src=\"https:\/\/www.sciencespo.fr\/research\/cogito\/wp-content\/uploads\/2020\/06\/photoCoCo4.png\" alt=\"\" width=\"450\" height=\"201\" srcset=\"https:\/\/www.sciencespo.fr\/research\/cogito\/wp-content\/uploads\/2020\/06\/photoCoCo4.png 886w, https:\/\/www.sciencespo.fr\/research\/cogito\/wp-content\/uploads\/2020\/06\/photoCoCo4-300x134.png 300w, https:\/\/www.sciencespo.fr\/research\/cogito\/wp-content\/uploads\/2020\/06\/photoCoCo4-768x343.png 768w, https:\/\/www.sciencespo.fr\/research\/cogito\/wp-content\/uploads\/2020\/06\/photoCoCo4-260x116.png 260w, https:\/\/www.sciencespo.fr\/research\/cogito\/wp-content\/uploads\/2020\/06\/photoCoCo4-50x22.png 50w, https:\/\/www.sciencespo.fr\/research\/cogito\/wp-content\/uploads\/2020\/06\/photoCoCo4-150x67.png 150w\" sizes=\"(max-width: 450px) 100vw, 450px\" \/>Pour r\u00e9pondre au besoin exceptionnel du projet CoCo, l&rsquo;\u00e9quipe ELIPSS a adapt\u00e9 ses proc\u00e9dures pour accro\u00eetre la fr\u00e9quence de l\u2019enqu\u00eate et l\u2019accompagner d\u2019un volet qualitatif. D\u2019un format initial d\u2019une enqu\u00eate par mois, l\u2019\u00e9quipe a d\u00e9velopp\u00e9 un dispositif de suivi resserr\u00e9 constitu\u00e9 d\u2019une enqu\u00eate tous les quinze jours et d\u2019un journal de bord quotidien pour certains pan\u00e9listes de l\u2019\u00e9chantillon.<br \/>\nCinq vagues d\u2019enqu\u00eate ont \u00e9t\u00e9 administr\u00e9es au panel ELIPSS \u00e0 compter du 1er avril, avec un intervalle de deux semaines entre chaque questionnaire, pour couvrir diff\u00e9rentes phases de la crise du Covid-19. Une sixi\u00e8me vague \u00e9valuera la nouvelle normalit\u00e9 post-\u00e9pid\u00e9mie.<br \/>\nEn parall\u00e8le, un dispositif de journal de bord quotidien a \u00e9t\u00e9 mis en place pour certains pan\u00e9listes afin d\u2019enrichir le volet qualitatif ; ils se sont vus proposer une s\u00e9rie de questions ouvertes sur le v\u00e9cu du confinement.<\/p>\n<h4>Confin\u00e9s mais en bonne sant\u00e9<\/h4>\n<p>Les donn\u00e9es d&rsquo;enqu\u00eate ont fait l\u2019objet d\u2019<a href=\"https:\/\/zenodo.org\/communities\/covid-19\/search?page=1&amp;size=20&amp;q=CoCo\" target=\"_blank\" rel=\"noopener noreferrer\">analyses primaires publi\u00e9es dans les policy briefs<\/a> relatifs \u00e0 chaque vague, tout au long du projet.<br \/>\nUn des r\u00e9sultats de la deuxi\u00e8me vague d\u2019enqu\u00eate (questionnaire du 15 au 22 avril 2020) peut para\u00eetre surprenant : au bout d\u2019un mois de distanciation sociale, les r\u00e9pondants ne semblent pas d\u00e9moralis\u00e9s par le confinement.<br \/>\nCompar\u00e9es aux donn\u00e9es de l\u2019enqu\u00eate annuelle men\u00e9e par ELIPSS depuis 2017, leurs d\u00e9clarations sur leur sant\u00e9 et sur leur bien-\u00eatre g\u00e9n\u00e9ral atteignent des scores plus \u00e9lev\u00e9s que les ann\u00e9es pr\u00e9c\u00e9dentes (voir graphique). On remarque \u00e9galement que certains facteurs amplifient ces effets positifs, par exemple les foyers disposant des revenus les plus hauts, ou encore les cadres et agriculteurs se d\u00e9clarent en meilleure en sant\u00e9.<br \/>\nCe ph\u00e9nom\u00e8ne est d\u00e9crit par l&rsquo;\u00e9quipe de recherche comme le paradoxe de \u00ab l\u2019\u0153il du<br \/>\ncyclone \u00bb : confront\u00e9 \u00e0 un \u00e9v\u00e9nement sanitaire grave, il semble plus facile de se consid\u00e9rer en \u00ab bonne sant\u00e9 \u00bb.<img decoding=\"async\" loading=\"lazy\" class=\"aligncenter wp-image-9353 size-large\" src=\"https:\/\/www.sciencespo.fr\/research\/cogito\/wp-content\/uploads\/2020\/06\/image1-1024x653.png\" alt=\"\" width=\"1024\" height=\"653\" srcset=\"https:\/\/www.sciencespo.fr\/research\/cogito\/wp-content\/uploads\/2020\/06\/image1-1024x653.png 1024w, https:\/\/www.sciencespo.fr\/research\/cogito\/wp-content\/uploads\/2020\/06\/image1-300x191.png 300w, https:\/\/www.sciencespo.fr\/research\/cogito\/wp-content\/uploads\/2020\/06\/image1-768x490.png 768w, https:\/\/www.sciencespo.fr\/research\/cogito\/wp-content\/uploads\/2020\/06\/image1-229x146.png 229w, https:\/\/www.sciencespo.fr\/research\/cogito\/wp-content\/uploads\/2020\/06\/image1-50x32.png 50w, https:\/\/www.sciencespo.fr\/research\/cogito\/wp-content\/uploads\/2020\/06\/image1-118x75.png 118w, https:\/\/www.sciencespo.fr\/research\/cogito\/wp-content\/uploads\/2020\/06\/image1.png 1622w\" sizes=\"(max-width: 1024px) 100vw, 1024px\" \/><\/p>\n<h6><hr class=\" hr_color\" style=\"margin:0 auto 30px;\"\/>\n<\/h6>\n<p>Source : Enqu\u00eate \u00ab Faire face au Covid-19 \u2013 1\u00e8re &amp; 2\u00e8me vague (CoCo-1&amp;2), 1-8 &amp; 15-22 avril 2020, Enqu\u00eate annuelle 2017, 2018 et 2019, ELIPSS\/CDSP \u00bb. Nombre de personnes interrog\u00e9es : 834.<br \/>\nLecture : La ligne verte dans le graphique sup\u00e9rieur gauche montre que 10 % des employ\u00e9s ont d\u00e9clar\u00e9 \u00eatre en \u00ab tr\u00e8s bonne \u00bb sant\u00e9 dans l\u2019enqu\u00eate de 2017, ils sont pr\u00e8s de 20% dans la derni\u00e8re enqu\u00eate. Les deux graphiques de gauche indiquent les tendances temporelles par profession et les deux de droite par tercile de revenu disponible des m\u00e9nages. Les deux graphiques sup\u00e9rieurs indiquent la proportion de personnes interrog\u00e9es qui se disent en \u00ab tr\u00e8s bonne \u00bb sant\u00e9 et les deux graphiques inf\u00e9rieurs montrent l\u2019\u00e9volution de l\u2019indice de bien-\u00eatre subjectif. Cet indice est constitu\u00e9 d\u2019une moyenne de six questions qui portent sur le sentiment de nervosit\u00e9, de d\u00e9couragement, de d\u00e9tente, de tristesse, de bonheur et de solitude. Les r\u00e9ponses sont \u00e9chelonn\u00e9es entre 0 et 1, 0 indiquant le niveau de bien-\u00eatre le plus bas et 1 le plus \u00e9lev\u00e9 possible.<\/p>\n<h6><hr class=\" hr_color\" style=\"margin:0 auto 30px;\"\/>\n<\/h6>\n<p>Si ces r\u00e9sultats sont relativement contre-intuitifs, ils n&rsquo;auraient pas pu \u00eatre mis en \u00e9vidence sans des donn\u00e9es pr\u00e9-existantes de qualit\u00e9. C\u2019est l\u00e0 tout l&rsquo;int\u00e9r\u00eat et l\u2019originalit\u00e9 du panel ELIPSS : collecter et mettre \u00e0 disposition une base de donn\u00e9es longitudinales sur la soci\u00e9t\u00e9 fran\u00e7aise pour les \u00e9tudes actuelles ou \u00e0 venir.<br \/>\nSciences Po, avec l\u2019\u00e9quipe ELIPSS propose ainsi \u00e0 toute la communaut\u00e9 de recherche un dispositif robuste, ouvert (donn\u00e9es diffus\u00e9es \u00e0 l\u2019usage des chercheurs) et apte \u00e0 suivre les \u00e9volutions et tendances de la soci\u00e9t\u00e9.<\/p>\n","protected":false},"excerpt":{"rendered":"<p>Le 16 mars dernier, une d\u00e9cision gouvernementale allait bouleverser pour quelques mois notre quotidien et nos d\u00e9placements : la distanciation sociale par le confinement. Pour<span class=\"excerpt-hellip\"> [\u2026]<\/span><\/p>\n","protected":false},"author":3,"featured_media":9360,"comment_status":"closed","ping_status":"open","sticky":false,"template":"","format":"standard","meta":{"footnotes":""},"categories":[316,21,260],"tags":[87],"_links":{"self":[{"href":"https:\/\/www.sciencespo.fr\/research\/cogito\/home\/wp-json\/wp\/v2\/posts\/9349"}],"collection":[{"href":"https:\/\/www.sciencespo.fr\/research\/cogito\/home\/wp-json\/wp\/v2\/posts"}],"about":[{"href":"https:\/\/www.sciencespo.fr\/research\/cogito\/home\/wp-json\/wp\/v2\/types\/post"}],"author":[{"embeddable":true,"href":"https:\/\/www.sciencespo.fr\/research\/cogito\/home\/wp-json\/wp\/v2\/users\/3"}],"replies":[{"embeddable":true,"href":"https:\/\/www.sciencespo.fr\/research\/cogito\/home\/wp-json\/wp\/v2\/comments?post=9349"}],"version-history":[{"count":13,"href":"https:\/\/www.sciencespo.fr\/research\/cogito\/home\/wp-json\/wp\/v2\/posts\/9349\/revisions"}],"predecessor-version":[{"id":9569,"href":"https:\/\/www.sciencespo.fr\/research\/cogito\/home\/wp-json\/wp\/v2\/posts\/9349\/revisions\/9569"}],"wp:featuredmedia":[{"embeddable":true,"href":"https:\/\/www.sciencespo.fr\/research\/cogito\/home\/wp-json\/wp\/v2\/media\/9360"}],"wp:attachment":[{"href":"https:\/\/www.sciencespo.fr\/research\/cogito\/home\/wp-json\/wp\/v2\/media?parent=9349"}],"wp:term":[{"taxonomy":"category","embeddable":true,"href":"https:\/\/www.sciencespo.fr\/research\/cogito\/home\/wp-json\/wp\/v2\/categories?post=9349"},{"taxonomy":"post_tag","embeddable":true,"href":"https:\/\/www.sciencespo.fr\/research\/cogito\/home\/wp-json\/wp\/v2\/tags?post=9349"}],"curies":[{"name":"wp","href":"https:\/\/api.w.org\/{rel}","templated":true}]}}