{"id":6651,"date":"2019-07-06T04:00:56","date_gmt":"2019-07-06T02:00:56","guid":{"rendered":"https:\/\/www.sciencespo.fr\/research\/cogito\/home\/?p=6651"},"modified":"2022-05-24T16:47:56","modified_gmt":"2022-05-24T14:47:56","slug":"le-retour-des-domestiques","status":"publish","type":"post","link":"https:\/\/www.sciencespo.fr\/research\/cogito\/home\/le-retour-des-domestiques\/","title":{"rendered":"Le retour des domestiques ?"},"content":{"rendered":"<p>Depuis plusieurs d\u00e9cennies, la France soutient activement les emplois de services \u00e0 la personne, <a href=\"http:\/\/www.seuil.com\/ouvrage\/le-retour-des-domestiques-clement-carbonnier\/9782021399042\" rel=\"Le Retour des domestiques. Seuil, novembre 2018\"><img decoding=\"async\" loading=\"lazy\" class=\"alignleft wp-image-6653\" title=\"Le Retour des domestiques. Seuil, novembre 2018\" src=\"https:\/\/www.sciencespo.fr\/research\/cogito\/wp-content\/uploads\/2019\/06\/139904_couverture_Hres_0-205x300.jpg\" alt=\"\" width=\"200\" height=\"293\" srcset=\"https:\/\/www.sciencespo.fr\/research\/cogito\/wp-content\/uploads\/2019\/06\/139904_couverture_Hres_0-205x300.jpg 205w, https:\/\/www.sciencespo.fr\/research\/cogito\/wp-content\/uploads\/2019\/06\/139904_couverture_Hres_0-100x146.jpg 100w, https:\/\/www.sciencespo.fr\/research\/cogito\/wp-content\/uploads\/2019\/06\/139904_couverture_Hres_0-34x50.jpg 34w, https:\/\/www.sciencespo.fr\/research\/cogito\/wp-content\/uploads\/2019\/06\/139904_couverture_Hres_0-51x75.jpg 51w, https:\/\/www.sciencespo.fr\/research\/cogito\/wp-content\/uploads\/2019\/06\/139904_couverture_Hres_0.jpg 409w\" sizes=\"(max-width: 200px) 100vw, 200px\" \/><\/a>au point que ce secteur compte 1,2 million de salari\u00e9s aujourd&rsquo;hui. Pourtant, derri\u00e8re ce succ\u00e8s apparent, cette strat\u00e9gie ne cr\u00e9e qu\u2019un faible nombre d&#8217;emplois en comparaison de son co\u00fbt public. Elle contribuerait aussi \u00e0 une polarisation de notre soci\u00e9t\u00e9, avec de \u00ab\u00a0nouveaux pauvres\u00a0\u00bb au service de \u201cnouveaux riches\u00a0\u00bb. Nathalie Morel, co-auteure du livre \u00ab\u00a0<a href=\"http:\/\/www.seuil.com\/ouvrage\/le-retour-des-domestiques-clement-carbonnier\/9782021399042\" target=\"_blank\" rel=\"noopener noreferrer\">Le retour des domestiques<\/a>\u00a0\u00bb (\u00e9d. Seuil) et chercheuse au Laboratoire interdisciplinaire d&rsquo;\u00e9valuation des politiques publiques et au Centre d\u2019\u00e9tudes europ\u00e9ennes et de politiques compar\u00e9es, d\u00e9taille les raisons de cette mont\u00e9e des in\u00e9galit\u00e9s et envisage des politiques plus justes.<\/p>\n<h5>Vous venez de publier avec Cl\u00e9ment Carbonnier \u00ab\u00a0Le retour des domestiques\u00a0\u00bb. Quel est son objet ?<\/h5>\n<p>Les trois derni\u00e8res d\u00e9cennies ont \u00e9t\u00e9 marqu\u00e9es par une remont\u00e9e des in\u00e9galit\u00e9s dans les pays occidentaux. Cette polarisation des situations sociales s\u2019est manifest\u00e9e sur le march\u00e9 du travail par une disparition des emplois interm\u00e9diaires, au profit des emplois les plus qualifi\u00e9s et les moins qualifi\u00e9s. Cela s\u2019accompagne par une recrudescence de l\u2019emploi \u00ab domestique \u00bb, alors qu\u2019il avait fortement d\u00e9cru en Europe au cours du 20e si\u00e8cle. Certes, ces \u00ab emplois domestiques \u00bb &#8211; terme par lequel nous d\u00e9signons des emplois \u00e0 domicile aupr\u00e8s de particuliers &#8211; diff\u00e8rent, dans leur forme, du pass\u00e9. Le domestique vivant au domicile de ses ma\u00eetres a \u00e9t\u00e9 remplac\u00e9 par le, &#8211; ou plut\u00f4t la -, salari\u00e9e, intervenant dans diff\u00e9rents domiciles pour accomplir des t\u00e2ches de m\u00e9nage, de repassage, de garde d\u2019enfant ou d\u2019accompagnement des personnes \u00e2g\u00e9es. Mais la dimension subalterne de ces emplois \u00ab au service de \u00bb demeure par la sous-valorisation qui caract\u00e9rise nombre de ces emplois et la relation interpersonnelle \u2013 et fortement asym\u00e9trique &#8211; qui s\u2019y noue. Ce retour de l\u2019emploi domestique est notamment encourag\u00e9 par des politiques publiques mises en \u0153uvre dans diff\u00e9rents pays europ\u00e9ens, et tout particuli\u00e8rement en France.<\/p>\n<h5>Vous dites que ce retour de \u201cl\u2019emploi domestique\u201d serait en partie encourag\u00e9 par les politiques publiques<\/h5>\n<p>En France, une politique publique est mise en \u0153uvre depuis le d\u00e9but des ann\u00e9es 1990 pour promouvoir ce que l\u2019on nomme maintenant les \u201cservices \u00e0 la personne\u201d. Aujourd\u2019hui, ce sont 1,23 million de salari\u00e9s (hors assistantes maternelles) qui exercent ces activit\u00e9s, soit environ 5,5 % de l\u2019emploi salari\u00e9 total. <img decoding=\"async\" loading=\"lazy\" class=\"alignright wp-image-6656\" title=\"Femmes de m\u00e9nage. Pixabay License\" src=\"https:\/\/www.sciencespo.fr\/research\/cogito\/wp-content\/uploads\/2019\/06\/cleaning-lady-258520_960_720-253x300.jpg\" alt=\"Femmes de m\u00e9nage. Pixabay License\" width=\"200\" height=\"238\" srcset=\"https:\/\/www.sciencespo.fr\/research\/cogito\/wp-content\/uploads\/2019\/06\/cleaning-lady-258520_960_720-253x300.jpg 253w, https:\/\/www.sciencespo.fr\/research\/cogito\/wp-content\/uploads\/2019\/06\/cleaning-lady-258520_960_720-123x146.jpg 123w, https:\/\/www.sciencespo.fr\/research\/cogito\/wp-content\/uploads\/2019\/06\/cleaning-lady-258520_960_720-42x50.jpg 42w, https:\/\/www.sciencespo.fr\/research\/cogito\/wp-content\/uploads\/2019\/06\/cleaning-lady-258520_960_720-63x75.jpg 63w, https:\/\/www.sciencespo.fr\/research\/cogito\/wp-content\/uploads\/2019\/06\/cleaning-lady-258520_960_720.jpg 606w\" sizes=\"(max-width: 200px) 100vw, 200px\" \/>Ces emplois, notamment ceux d\u2019employ\u00e9s de maison et d\u2019auxiliaires de vie qui repr\u00e9sentent la majeure partie des salari\u00e9s de ce secteur, sont par ailleurs parmi les plus d\u00e9grad\u00e9s sur le march\u00e9 du travail en termes de qualit\u00e9 de l\u2019emploi : revenus faibles, temps partiels courts, p\u00e9nibilit\u00e9 du travail et protection sociale limit\u00e9e.<br \/>\nCette politique publique men\u00e9e par la France prend notamment la forme d\u2019incitations fiscales. Celles-ci permettent aux m\u00e9nages achetant ces services de b\u00e9n\u00e9ficier d\u2019un cr\u00e9dit d\u2019imp\u00f4t de 50% du montant des d\u00e9penses engag\u00e9es, jusqu\u2019\u00e0 un plafond de 12 000 euros par an (15 000 euros pour les m\u00e9nages avec jeune enfant ou personne \u00e2g\u00e9e \u00e0 charge). Ces incitations sont promues avec le double objectif de d\u00e9velopper l\u2019emploi peu qualifi\u00e9 dans les services, \u2013 dont la croissance est cens\u00e9e compenser le d\u00e9clin de l\u2019emploi industriel -, et de r\u00e9pondre \u00e0 de nouveaux besoins sociaux, tels que la prise en charge de la d\u00e9pendance et la garde d\u2019enfant. L\u2019objectif de notre ouvrage est d\u2019\u00e9valuer l\u2019impact de ces politiques \u00e0 la fois au regard des objectifs qui lui ont \u00e9t\u00e9 assign\u00e9s et au regard des nouvelles in\u00e9galit\u00e9s que ces politiques structurent.<\/p>\n<h5>Ces incitations fiscales pour soutenir l\u2019emploi \u00e0 domicile fonctionnent-elles ?<\/h5>\n<p>Nous montrons que cette politique \u00e9choue sur ses deux versants : le nombre d\u2019emplois cr\u00e9\u00e9s attribuables au cr\u00e9dit d\u2019imp\u00f4t est faible, pour un co\u00fbt public par emploi \u00e9quivalent temps plein cr\u00e9\u00e9 tr\u00e8s largement sup\u00e9rieur \u00e0 ce que serait le co\u00fbt d\u2019un financement direct de ces nouveaux emplois. En outre, du fait de la faible structuration du secteur o\u00f9 pr\u00e9domine l\u2019emploi de gr\u00e9 \u00e0 gr\u00e9, et de temps partiels faibles assortis \u00e0 de tr\u00e8s faibles salaires, ces emplois constituent une trappe \u00e0 pr\u00e9carit\u00e9. Cette politique est \u00e9galement caract\u00e9ris\u00e9e par un profil fortement anti-redistributif : ce sont essentiellement les m\u00e9nages les plus ais\u00e9s qui ach\u00e8tent des services et qui b\u00e9n\u00e9ficient de ce dispositif fiscal. Ceci renforce les in\u00e9galit\u00e9s d\u2019acc\u00e8s aux services r\u00e9pondant \u00e0 des besoins sociaux.<\/p>\n<div id=\"attachment_6661\" style=\"width: 210px\" class=\"wp-caption alignleft\"><img aria-describedby=\"caption-attachment-6661\" decoding=\"async\" loading=\"lazy\" class=\"wp-image-6661\" title=\" French demonstration in Paris - Women rights Manif 8 mars 2017 Paris. Cr\u00e9dits : Jeanne Menjoulet, Flickr. CC BY 2.0\" src=\"https:\/\/www.sciencespo.fr\/research\/cogito\/wp-content\/uploads\/2019\/06\/33287590336_65660ed10a_k.jpg\" alt=\" French demonstration in Paris - Women rights Manif 8 mars 2017 Paris. Cr\u00e9dits : Jeanne Menjoulet, Flickr. CC BY 2.0\" width=\"200\" height=\"231\" srcset=\"https:\/\/www.sciencespo.fr\/research\/cogito\/wp-content\/uploads\/2019\/06\/33287590336_65660ed10a_k.jpg 855w, https:\/\/www.sciencespo.fr\/research\/cogito\/wp-content\/uploads\/2019\/06\/33287590336_65660ed10a_k-260x300.jpg 260w, https:\/\/www.sciencespo.fr\/research\/cogito\/wp-content\/uploads\/2019\/06\/33287590336_65660ed10a_k-768x886.jpg 768w, https:\/\/www.sciencespo.fr\/research\/cogito\/wp-content\/uploads\/2019\/06\/33287590336_65660ed10a_k-127x146.jpg 127w, https:\/\/www.sciencespo.fr\/research\/cogito\/wp-content\/uploads\/2019\/06\/33287590336_65660ed10a_k-43x50.jpg 43w, https:\/\/www.sciencespo.fr\/research\/cogito\/wp-content\/uploads\/2019\/06\/33287590336_65660ed10a_k-65x75.jpg 65w\" sizes=\"(max-width: 200px) 100vw, 200px\" \/><p id=\"caption-attachment-6661\" class=\"wp-caption-text\"><strong> French demonstration in Paris &#8211; Women rights Manif 8 mars 2017 Paris. Cr\u00e9dits : Jeanne Menjoulet, Flickr. CC BY 2.0<\/strong><\/p><\/div>\n<h5>Selon vous, il s\u2019agit l\u00e0 d\u2019une politique qui contribue \u00e0 cr\u00e9er, plus qu\u2019elle ne les r\u00e9duit, des in\u00e9galit\u00e9s ?<\/h5>\n<p>Cette strat\u00e9gie \u00e9conomique fonde la croissance en emploi sur les in\u00e9galit\u00e9s sociales et sur le d\u00e9veloppement d\u2019un \u00ab pr\u00e9cariat f\u00e9minin subventionn\u00e9 \u00bb. Concernant le march\u00e9 du travail, l\u2019effet de ces politiques va dans le sens d\u2019un affaiblissement de la r\u00e9glementation et d\u2019un approfondissement de la dualisation : on assiste au d\u00e9veloppement sous patronage de l\u2019\u00c9tat d\u2019un vaste secteur d\u2019emplois d\u00e9grad\u00e9s avec protection sociale r\u00e9duite. Ceci n\u2019est pas la cons\u00e9quence d\u2019une r\u00e9alit\u00e9 technologique implacable et d\u2019une faiblesse intrins\u00e8que de la productivit\u00e9 de ces services. C\u2019est un choix de dualisation de la soci\u00e9t\u00e9, qui b\u00e9n\u00e9ficie doublement aux plus qualifi\u00e9s : par une croissance des in\u00e9galit\u00e9s de r\u00e9mun\u00e9ration et par des prix r\u00e9duits par les salaires bas, les faibles protections sociales et les subventions fiscales.<\/p>\n<h5>Et ces in\u00e9galit\u00e9s ne concernent pas que le salariat&#8230;<\/h5>\n<p>Oui, elles concernent aussi la couverture des besoins sociaux : la France fait le choix d\u2019une privatisation du \u00ab soin \u00bb avec des effets in\u00e9galitaires de plus en plus marqu\u00e9s. En effet, avec l\u2019\u00e9volution d\u00e9mographique une partie de ces services est consacr\u00e9e \u00e0 l&rsquo;accompagnement des personnes \u00e2g\u00e9es d\u00e9pendantes. Or, ces soins se d\u00e9veloppent principalement dans le secteur priv\u00e9 (associatif ou \u00e0 but lucratif), avec des in\u00e9galit\u00e9s territoriales et \u00e9conomiques importantes. Ceci n\u2019est pas le fait d\u2019une incapacit\u00e9 des politiques publiques \u00e0 contrer cette tendance du march\u00e9 \u00e0 s\u2019\u00e9tendre sur le secteur sanitaire. C\u2019est la volont\u00e9 des politiques publiques de d\u00e9velopper un secteur priv\u00e9 pour r\u00e9pondre \u00e0 ces besoins, du moins pour la partie de la population la plus ais\u00e9e. Les in\u00e9galit\u00e9s en termes de garde des enfants en bas-\u00e2ge et le d\u00e9veloppement de modes de garde priv\u00e9s plut\u00f4t que collectifs, t\u00e9moignent \u00e9galement de cette volont\u00e9.<br \/>\nEnfin, elles concernent aussi les modes de vie puisque cette politique contribue \u00e0 la polarisation entre m\u00e9nages, avec la possibilit\u00e9 pour les plus ais\u00e9s d\u2019acheter \u00e0 bas co\u00fbt un suppl\u00e9ment de temps libre en d\u00e9l\u00e9guant les t\u00e2ches domestiques \u00e0 des femmes pr\u00e9caris\u00e9es. Ainsi, si pour l\u2019essentiel les \u00ab domestiques \u00bb vivant chez leur ma\u00eetre ont c\u00e9d\u00e9 la place aux \u00ab services \u00e0 la personne \u00bb avec des salari\u00e9es qui interviennent au domicile de plusieurs clients, la politique de soutien aux services \u00e0 la personne n\u2019en marque pas moins un retour de la domesticit\u00e9.<\/p>\n<h5>La France n&rsquo;est pas le seul pays \u00e0 essayer de trouver des solutions pour la garde des enfants et l\u2019aide aux personnes \u00e2g\u00e9es&#8230; Est-ce que les autres pays font mieux ou diff\u00e9remment dans ce domaine ?<\/h5>\n<p><img decoding=\"async\" loading=\"lazy\" class=\"alignright wp-image-6663 size-medium\" title=\"Paper sheet with text TAX DEDUCTIONS and individual tax return form on table. Cr\u00e9dits : Shutterstock\" src=\"https:\/\/www.sciencespo.fr\/research\/cogito\/wp-content\/uploads\/2019\/06\/shutterstock_611523179-300x195.jpg\" alt=\"Paper sheet with text TAX DEDUCTIONS and individual tax return form on table. Cr\u00e9dits : Shutterstock\" width=\"300\" height=\"195\" srcset=\"https:\/\/www.sciencespo.fr\/research\/cogito\/wp-content\/uploads\/2019\/06\/shutterstock_611523179-300x195.jpg 300w, https:\/\/www.sciencespo.fr\/research\/cogito\/wp-content\/uploads\/2019\/06\/shutterstock_611523179-225x146.jpg 225w, https:\/\/www.sciencespo.fr\/research\/cogito\/wp-content\/uploads\/2019\/06\/shutterstock_611523179-50x33.jpg 50w, https:\/\/www.sciencespo.fr\/research\/cogito\/wp-content\/uploads\/2019\/06\/shutterstock_611523179-115x75.jpg 115w, https:\/\/www.sciencespo.fr\/research\/cogito\/wp-content\/uploads\/2019\/06\/shutterstock_611523179.jpg 400w\" sizes=\"(max-width: 300px) 100vw, 300px\" \/>D\u2019autres pays en Europe soutiennent \u00e9galement les services domestiques mais c\u2019est en France que ce soutien est le plus massif. La Belgique a d\u00e9velopp\u00e9 un syst\u00e8me de \u201ctitres-service\u201d subventionn\u00e9s permettant d\u2019acheter des services domestiques mais il faut pour cela faire appel \u00e0 un organisme agr\u00e9\u00e9 (l\u2019emploi direct n\u2019est pas possible) et cela ne concerne que des services de m\u00e9nage ; les services de soin (d\u00e9pendance, garde d\u2019enfant) ne sont pas concern\u00e9s par ce dispositif. La Su\u00e8de a introduit un dispositif tr\u00e8s similaire \u00e0 la France en 2007, soit un cr\u00e9dit d\u2019imp\u00f4t \u00e9quivalent \u00e0 50% de la somme engag\u00e9e jusqu\u2019\u00e0 un plafond de 5 000 euros par personne (soit 10 000 euros pour un couple). L\u00e0 encore, pour b\u00e9n\u00e9ficier de ce cr\u00e9dit d\u2019imp\u00f4t les m\u00e9nages doivent passer par une entreprise. Le dispositif s\u2019est av\u00e9r\u00e9 tout aussi anti-redistributif qu\u2019en France, et le plafond a \u00e9t\u00e9 depuis divis\u00e9 par deux. De mani\u00e8re g\u00e9n\u00e9rale, les diff\u00e9rents dispositifs que l\u2019on trouve en Europe tendent aux m\u00eames r\u00e9sultats : des emplois d\u00e9grad\u00e9s au b\u00e9n\u00e9fice des m\u00e9nages les plus ais\u00e9s.<\/p>\n<h5>Quelles seraient les solutions?<\/h5>\n<p>Les d\u00e9penses socio-fiscales en faveur des services \u00e0 la personne repr\u00e9sentent un co\u00fbt important pour les finances publiques (6,6 milliards d\u2019euros) et s\u2019av\u00e8rent peu efficaces comme le montre notre ouvrage. Cette politique est pourtant peu remise en cause. La principale justification reste qu\u2019il n\u2019existerait pas de solution alternative pour trouver des emplois aux moins qualifi\u00e9s. Pour autant, nous arguons que d\u2019autres alternatives sont envisageables, sans destruction d\u2019emploi. <img decoding=\"async\" loading=\"lazy\" class=\"alignleft wp-image-6658 size-medium\" src=\"https:\/\/www.sciencespo.fr\/research\/cogito\/wp-content\/uploads\/2019\/06\/Screenshot_2019-06-07-Poussettes-un-femme-avec-une-poussette-parc-\u2116-5031--300x204.png\" alt=\"\" width=\"300\" height=\"204\" srcset=\"https:\/\/www.sciencespo.fr\/research\/cogito\/wp-content\/uploads\/2019\/06\/Screenshot_2019-06-07-Poussettes-un-femme-avec-une-poussette-parc-\u2116-5031--300x204.png 300w, https:\/\/www.sciencespo.fr\/research\/cogito\/wp-content\/uploads\/2019\/06\/Screenshot_2019-06-07-Poussettes-un-femme-avec-une-poussette-parc-\u2116-5031--768x522.png 768w, https:\/\/www.sciencespo.fr\/research\/cogito\/wp-content\/uploads\/2019\/06\/Screenshot_2019-06-07-Poussettes-un-femme-avec-une-poussette-parc-\u2116-5031--215x146.png 215w, https:\/\/www.sciencespo.fr\/research\/cogito\/wp-content\/uploads\/2019\/06\/Screenshot_2019-06-07-Poussettes-un-femme-avec-une-poussette-parc-\u2116-5031--50x34.png 50w, https:\/\/www.sciencespo.fr\/research\/cogito\/wp-content\/uploads\/2019\/06\/Screenshot_2019-06-07-Poussettes-un-femme-avec-une-poussette-parc-\u2116-5031--110x75.png 110w, https:\/\/www.sciencespo.fr\/research\/cogito\/wp-content\/uploads\/2019\/06\/Screenshot_2019-06-07-Poussettes-un-femme-avec-une-poussette-parc-\u2116-5031-.png 980w\" sizes=\"(max-width: 300px) 100vw, 300px\" \/>\u00c9tant donn\u00e9 les diagnostics que nous avons \u00e9tablis, nous mettons en exergue l\u2019opportunit\u00e9 de :<br \/>\n1. s\u00e9parer la politique de r\u00e9ponse \u00e0 des besoins sociaux (garde d\u2019enfants et aides aux publics fragiles) d\u2019une part et la politique de l\u2019emploi visant les autres services (dits \u2018de confort\u2019 comme le m\u00e9nage, le repassage) d\u2019autre part \u037e<br \/>\n2. pour les services de confort, baisser substantiellement le plafond annuel de d\u00e9penses \u00e9ligibles \u037e<br \/>\n3. r\u00e9pondre aux besoins sociaux croissants par le financement direct des services (assorti d\u2019un contr\u00f4le de qualit\u00e9), voire de la provision publique des services, en utilisant notamment le basculement des \u00e9conomies r\u00e9alis\u00e9es par l\u2019abaissement du plafond des d\u00e9penses \u00e9ligibles. Il ne s\u2019agit pas l\u00e0 de trois propositions de r\u00e9formes ind\u00e9pendantes mais d\u2019une modification unique et coh\u00e9rente.<\/p>\n<pre>* <a href=\"http:\/\/www.sciencespo.fr\/centre-etudes-europeennes\/fr\/chercheur\/nathalie-morel\" target=\"_blank\" rel=\"noopener noreferrer\">Nathalie Morel<\/a>, <em>assistant professor<\/em> en science politique, chercheuse au Centre d\u2019\u00e9tudes europ\u00e9ennes et de politique compar\u00e9e de Sciences Po (CEE) et au Laboratoire interdisciplinaire d\u2019\u00e9valuation des politiques publiques de Sciences Po (LIEPP) o\u00f9 elle codirige de <a href=\"https:\/\/www.sciencespo.fr\/liepp\/fr\/content\/axe-politiques-socio-fiscales\" target=\"_blank\" rel=\"noopener noreferrer\">l\u2019axe \u201cPolitiques socio-fiscales\u201d<\/a>. Ses travaux portent notamment sur les politiques de prise en charge des jeunes enfants et des personnes d\u00e9pendantes (care), sur les politiques d\u2019investissement social, et sur les politiques de soutien aux emplois domestiques.\r\n* <a href=\"https:\/\/www.sciencespo.fr\/liepp\/fr\/content\/clement-carbonnier\" target=\"_blank\" rel=\"noopener noreferrer\">Cl\u00e9ment Carbonnier<\/a> est codirecteur de l\u2019axe \u201cPolitiques socio-fiscales\u201d du LIEPP. Ma\u00eetre de conf\u00e9rences en \u00e9conomie \u00e0 l\u2019universit\u00e9 de Cergy-Pontoise, chercheur au THEMA, conseiller scientifique au CAE. Il travaille sur l\u2019impact de la fiscalit\u00e9 sur les comportements des agents \u00e9conomiques.<\/pre>\n","protected":false},"excerpt":{"rendered":"<p>Depuis plusieurs d\u00e9cennies, la France soutient activement les emplois de services \u00e0 la personne, au point que ce secteur compte 1,2 million de salari\u00e9s aujourd&rsquo;hui.<span class=\"excerpt-hellip\"> [\u2026]<\/span><\/p>\n","protected":false},"author":3,"featured_media":6661,"comment_status":"closed","ping_status":"open","sticky":false,"template":"","format":"standard","meta":{"footnotes":""},"categories":[317,18,325,197],"tags":[72,84,93,68,75,99],"_links":{"self":[{"href":"https:\/\/www.sciencespo.fr\/research\/cogito\/home\/wp-json\/wp\/v2\/posts\/6651"}],"collection":[{"href":"https:\/\/www.sciencespo.fr\/research\/cogito\/home\/wp-json\/wp\/v2\/posts"}],"about":[{"href":"https:\/\/www.sciencespo.fr\/research\/cogito\/home\/wp-json\/wp\/v2\/types\/post"}],"author":[{"embeddable":true,"href":"https:\/\/www.sciencespo.fr\/research\/cogito\/home\/wp-json\/wp\/v2\/users\/3"}],"replies":[{"embeddable":true,"href":"https:\/\/www.sciencespo.fr\/research\/cogito\/home\/wp-json\/wp\/v2\/comments?post=6651"}],"version-history":[{"count":11,"href":"https:\/\/www.sciencespo.fr\/research\/cogito\/home\/wp-json\/wp\/v2\/posts\/6651\/revisions"}],"predecessor-version":[{"id":13261,"href":"https:\/\/www.sciencespo.fr\/research\/cogito\/home\/wp-json\/wp\/v2\/posts\/6651\/revisions\/13261"}],"wp:featuredmedia":[{"embeddable":true,"href":"https:\/\/www.sciencespo.fr\/research\/cogito\/home\/wp-json\/wp\/v2\/media\/6661"}],"wp:attachment":[{"href":"https:\/\/www.sciencespo.fr\/research\/cogito\/home\/wp-json\/wp\/v2\/media?parent=6651"}],"wp:term":[{"taxonomy":"category","embeddable":true,"href":"https:\/\/www.sciencespo.fr\/research\/cogito\/home\/wp-json\/wp\/v2\/categories?post=6651"},{"taxonomy":"post_tag","embeddable":true,"href":"https:\/\/www.sciencespo.fr\/research\/cogito\/home\/wp-json\/wp\/v2\/tags?post=6651"}],"curies":[{"name":"wp","href":"https:\/\/api.w.org\/{rel}","templated":true}]}}