{"id":5439,"date":"2018-10-08T18:17:12","date_gmt":"2018-10-08T16:17:12","guid":{"rendered":"https:\/\/www.sciencespo.fr\/research\/cogito\/home\/?p=5439"},"modified":"2018-11-19T17:14:35","modified_gmt":"2018-11-19T15:14:35","slug":"think-altogether-our-planet-great-again","status":"publish","type":"post","link":"https:\/\/www.sciencespo.fr\/research\/cogito\/home\/think-altogether-our-planet-great-again\/?lang=en","title":{"rendered":"Cogitate simul et pariter Orbem"},"content":{"rendered":"<p style=\"text-align: right;\"><em>by Bernard Reber<br \/>\nCNRS Research Director at CEVIPOF*<\/em><\/p>\n<h3 style=\"text-align: center;\">Thinking together (at the same time) about Earth equally!<\/h3>\n<p><em><b>Cogitate simul et pariter Orbem <\/b><\/em>could have been a slogan in the international language of yesteryear \u2013 Latin \u2013 to encourage thought and not simply action, like the famous and welcome presidential call to \u201cMake our planet great again\u201d!<a href=\"https:\/\/www.sciencespo.fr\/research\/cogito\/wp-content\/uploads\/2018\/10\/Screenshot_2018-10-01-Quintilian_Institutio_oratoria_Florence_Plut-_46-12-jpg-Image-JPEG-2249-\u00d7-3251-pixels-Redimen....png\"><br \/>\n<img decoding=\"async\" loading=\"lazy\" class=\"wp-image-4856 size-medium alignright\" title=\"Quintilian, Institutio oratoria in ms. Florence, Biblioteca Medicea Laurenziana, Plut. 46.12, fol. 1r. Cr\u00e9dits : Domaine public\" src=\"https:\/\/www.sciencespo.fr\/research\/cogito\/wp-content\/uploads\/2018\/10\/Screenshot_2018-10-01-Quintilian_Institutio_oratoria_Florence_Plut-_46-12-jpg-Image-JPEG-2249-\u00d7-3251-pixels-Redimen...-207x300.png\" alt=\"Quintilian, Institutio oratoria in ms. Florence, Biblioteca Medicea Laurenziana, Plut. 46.12, fol. 1r. Cr\u00e9dits : Domaine public\" width=\"207\" height=\"300\" srcset=\"https:\/\/www.sciencespo.fr\/research\/cogito\/wp-content\/uploads\/2018\/10\/Screenshot_2018-10-01-Quintilian_Institutio_oratoria_Florence_Plut-_46-12-jpg-Image-JPEG-2249-\u00d7-3251-pixels-Redimen...-207x300.png 207w, https:\/\/www.sciencespo.fr\/research\/cogito\/wp-content\/uploads\/2018\/10\/Screenshot_2018-10-01-Quintilian_Institutio_oratoria_Florence_Plut-_46-12-jpg-Image-JPEG-2249-\u00d7-3251-pixels-Redimen...-101x146.png 101w, https:\/\/www.sciencespo.fr\/research\/cogito\/wp-content\/uploads\/2018\/10\/Screenshot_2018-10-01-Quintilian_Institutio_oratoria_Florence_Plut-_46-12-jpg-Image-JPEG-2249-\u00d7-3251-pixels-Redimen...-35x50.png 35w, https:\/\/www.sciencespo.fr\/research\/cogito\/wp-content\/uploads\/2018\/10\/Screenshot_2018-10-01-Quintilian_Institutio_oratoria_Florence_Plut-_46-12-jpg-Image-JPEG-2249-\u00d7-3251-pixels-Redimen...-52x75.png 52w, https:\/\/www.sciencespo.fr\/research\/cogito\/wp-content\/uploads\/2018\/10\/Screenshot_2018-10-01-Quintilian_Institutio_oratoria_Florence_Plut-_46-12-jpg-Image-JPEG-2249-\u00d7-3251-pixels-Redimen....png 414w\" sizes=\"(max-width: 207px) 100vw, 207px\" \/><span style=\"color: #333333;\">In addition to being in the language of this journal\u2019s title, <\/span><i style=\"color: #333333;\">Cogito<\/i><span style=\"color: #333333;\">, Latin has other advantages.<\/span><\/a><i><br \/>\nOrbis<\/i> indicates both the globe and the breadth of all our knowledge. Quintilian, a rhetorician and educator in the 1st century, used it to refer to all of our knowledge. Cicero, an orator who had lived several years earlier, wrote <i>Terrarum orbis<\/i> to designate both our planet and what exists in time and space.<br \/>\n<i>Simul<\/i> <i>et<\/i> <i>pariter <\/i>can be translated as \u201cat the same time\u201d, which journalists were apparently surprised to hear from the mouth of Emmanuel Macron, even through it is the first step for any moral and political assessment that seriously heeds the pluralist imperative in our societies, underscoring the need to consider positions, opinions, and justifications in order to reach a balanced judgment. We have at least two \u201cat the same times\u201d to honor: 1. Thinking and acting together, 2. by equally treating contributions seeking to solve environmental issues.<\/p>\n<h4>Shared responsibilities<\/h4>\n<p>These \u201cat the same times\u201d and the French President\u2019s slogan particularly targeting climatic issues, are reflected in the notion of \u201ccommon but differentiated responsibilities\u201d that structure international climate negotiations. <a href=\"https:\/\/www.sciencespo.fr\/research\/cogito\/wp-content\/uploads\/2018\/10\/Gossuin_de_Metz_-_Limage_du_monde_-_BNF_Fr._574_fo42_-_miniature.jpg\" rel=\"Gossuin de Metz - L'image du monde, BNF Fr. 574 folio 42. Cr\u00e9dits : Domaine public\"><img decoding=\"async\" loading=\"lazy\" class=\"wp-image-4854 size-medium alignleft\" title=\"Gossuin de Metz - L'image du monde, BNF Fr. 574 folio 42. Cr\u00e9dits : Domaine public\" src=\"https:\/\/www.sciencespo.fr\/research\/cogito\/wp-content\/uploads\/2018\/10\/Gossuin_de_Metz_-_Limage_du_monde_-_BNF_Fr._574_fo42_-_miniature-155x300.jpg\" alt=\"Quintilian, Institutio oratoria in ms. Florence, Biblioteca Medicea Laurenziana, Plut. 46.12, fol. 1r. Domaine public\" width=\"155\" height=\"300\" srcset=\"https:\/\/www.sciencespo.fr\/research\/cogito\/wp-content\/uploads\/2018\/10\/Gossuin_de_Metz_-_Limage_du_monde_-_BNF_Fr._574_fo42_-_miniature-155x300.jpg 155w, https:\/\/www.sciencespo.fr\/research\/cogito\/wp-content\/uploads\/2018\/10\/Gossuin_de_Metz_-_Limage_du_monde_-_BNF_Fr._574_fo42_-_miniature-76x146.jpg 76w, https:\/\/www.sciencespo.fr\/research\/cogito\/wp-content\/uploads\/2018\/10\/Gossuin_de_Metz_-_Limage_du_monde_-_BNF_Fr._574_fo42_-_miniature-26x50.jpg 26w, https:\/\/www.sciencespo.fr\/research\/cogito\/wp-content\/uploads\/2018\/10\/Gossuin_de_Metz_-_Limage_du_monde_-_BNF_Fr._574_fo42_-_miniature-39x75.jpg 39w, https:\/\/www.sciencespo.fr\/research\/cogito\/wp-content\/uploads\/2018\/10\/Gossuin_de_Metz_-_Limage_du_monde_-_BNF_Fr._574_fo42_-_miniature.jpg 180w\" sizes=\"(max-width: 155px) 100vw, 155px\" \/><\/a>Responsibility for the problem, and ability to mitigate the effects by reducing greenhouse gases, are not the same across all actors and states. Furthermore, these aspects involve different kinds of justice \u2013 retributive for the mitigation, and corrective for the reduction. But the goal is not only to achieve shared thought and action on these two fronts, but also to mobilize relevant knowledge for our planet \u2013 all the knowledge, as the aforementioned Quintilian would put it.<\/p>\n<h4>A governance of knowledge<\/h4>\n<p>This is precisely the challenge and transition to reflexive governance. The latter is not simply a mode of regulation wherein a state and non-state actors participate in mixed public\/private policy networks. Governance must work towards normative objectives* to be good: efficiency, coherence, greater participation, transparency, and especially better responsibility sharing.<br \/>\nReflexive governance must be even more ambitious: it is an experimental process that transforms roles and forms of normative production. The innovative interpretation of norms changes the behavior of the individual and institutional actors involved. It is therefore dynamic. And, beyond the actors, it must summon, piece together, and question knowledge at all levels. Indeed, while this knowledge is used in speeches, inter-institutional communications and research, the necessary links are not made between them. A good plan for the fertilization of environmental and political studies would be to establish these links. Philosophy can contribute to sciences (epistemology), ethics and politics, but especially to inter-linkage between the two.<\/p>\n<h4>Against the salami slicing of research<\/h4>\n<p><a href=\"https:\/\/www.sciencespo.fr\/research\/cogito\/wp-content\/uploads\/2018\/10\/367px-COP21_la_recherche_se_mobilise_20139776565.jpg\" rel=\"By EnseignementSup-Recherche-Innovation (COP21 : la recherche se mobilise) [CC BY-SA 2.0 (https:\/\/creativecommons.org\/licenses\/by-sa\/2.0)], via Wikimedia Commons\"><img decoding=\"async\" loading=\"lazy\" class=\"wp-image-4858 size-medium alignright\" title=\"By EnseignementSup-Recherche-Innovation (COP21 : la recherche se mobilise) [CC BY-SA 2.0 (https:\/\/creativecommons.org\/licenses\/by-sa\/2.0)], via Wikimedia Commons\" src=\"https:\/\/www.sciencespo.fr\/research\/cogito\/wp-content\/uploads\/2018\/10\/367px-COP21_la_recherche_se_mobilise_20139776565-184x300.jpg\" alt=\"\" width=\"184\" height=\"300\" srcset=\"https:\/\/www.sciencespo.fr\/research\/cogito\/wp-content\/uploads\/2018\/10\/367px-COP21_la_recherche_se_mobilise_20139776565-184x300.jpg 184w, https:\/\/www.sciencespo.fr\/research\/cogito\/wp-content\/uploads\/2018\/10\/367px-COP21_la_recherche_se_mobilise_20139776565-89x146.jpg 89w, https:\/\/www.sciencespo.fr\/research\/cogito\/wp-content\/uploads\/2018\/10\/367px-COP21_la_recherche_se_mobilise_20139776565-31x50.jpg 31w, https:\/\/www.sciencespo.fr\/research\/cogito\/wp-content\/uploads\/2018\/10\/367px-COP21_la_recherche_se_mobilise_20139776565-46x75.jpg 46w, https:\/\/www.sciencespo.fr\/research\/cogito\/wp-content\/uploads\/2018\/10\/367px-COP21_la_recherche_se_mobilise_20139776565.jpg 367w\" sizes=\"(max-width: 184px) 100vw, 184px\" \/><\/a>The work of scientific predictions and decisions is often shared on the basis of a division between the share devolved to climate and energy sciences on the one hand, and to ethics, politics, and economics on the other, including justifications for ethical choices in the latter. But it is important to bear these in mind at the same time. Despite the complexity of studied phenomena, a broad consensus has emerged to describe the state of the climate and sketch transition scenarios. This issue, presented as a real-life experiment with only one try and one \u201claboratory\u201d \u2013 our planet \u2013 could boil down to the following question: How to determine together, with simultaneously scientific and ethical evaluations, their respective pluralisms and uncertainties, in the context of collective deliberations?<br \/>\nThis question also applies to reflections on sustainable development, consultations on controversial technologies, and general assemblies on bioethics.<br \/>\nTwo other complementary questions are currently being studied via a research project conducted by Sciences Po and Columbia University, <a href=\"https:\/\/alliance.columbia.edu\/joint-projects-grant-recipients\"><i>Science-based Policy and Democratic Deliberation: The Climate Case<\/i><\/a>\u00a0(2018-2019):<\/p>\n<ol>\n<li>How might climate sciences better respond (morally responsible) to normative sciences and vice versa?<\/li>\n<li>How might scientific results and predictions translate and adjust to the needs of political decision-making and the divided body of citizens?<\/li>\n<\/ol>\n<h4>Think our planet great again<\/h4>\n<p><a href=\"https:\/\/www.lemonde.fr\/planete\/video\/2017\/06\/02\/emmanuel-macron-make-our-planet-great-again_5137604_3244.html\"><img decoding=\"async\" loading=\"lazy\" class=\"wp-image-4862 size-medium alignleft\" title=\"Le 1er juin 2017, le pr\u00e9sident fran\u00e7ais Emmanuel Macron a appele les scientifiques, ing\u00e9nieurs et entrepreneurs am\u00e9ricains \u00e0 venir travailler en France sur \u00ab des solutions concr\u00e8tes \u00bb pour le climat.\" src=\"https:\/\/www.sciencespo.fr\/research\/cogito\/wp-content\/uploads\/2018\/10\/Screenshot_2018-10-01-make-our-planet-great-again-Campus-France-300x169.png\" alt=\"Le 1er juin 2017, le pr\u00e9sident fran\u00e7ais Emmanuel Macron a appele les scientifiques, ing\u00e9nieurs et entrepreneurs am\u00e9ricains \u00e0 venir travailler en France sur \u00ab des solutions concr\u00e8tes \u00bb pour le climat.\" width=\"300\" height=\"169\" srcset=\"https:\/\/www.sciencespo.fr\/research\/cogito\/wp-content\/uploads\/2018\/10\/Screenshot_2018-10-01-make-our-planet-great-again-Campus-France-300x169.png 300w, https:\/\/www.sciencespo.fr\/research\/cogito\/wp-content\/uploads\/2018\/10\/Screenshot_2018-10-01-make-our-planet-great-again-Campus-France-260x146.png 260w, https:\/\/www.sciencespo.fr\/research\/cogito\/wp-content\/uploads\/2018\/10\/Screenshot_2018-10-01-make-our-planet-great-again-Campus-France-50x28.png 50w, https:\/\/www.sciencespo.fr\/research\/cogito\/wp-content\/uploads\/2018\/10\/Screenshot_2018-10-01-make-our-planet-great-again-Campus-France-133x75.png 133w, https:\/\/www.sciencespo.fr\/research\/cogito\/wp-content\/uploads\/2018\/10\/Screenshot_2018-10-01-make-our-planet-great-again-Campus-France.png 608w\" sizes=\"(max-width: 300px) 100vw, 300px\" \/><\/a>One might wonder what kind of planetary greatness is involved in Macron\u2019s famous \u201cgreat again\u201d slogan. It is probably not the greatness of the earth, protection concerns, or a return to a Golden Age or Garden of Eden. The planet needs to be considered more broadly. The slogan should be accompanied by at least a \u201c<i>Thinking<\/i> to make our planet great again!\u201d in order to make it possible. Furthermore, Macron\u2019s call primarily addressed researchers. Research and decisions \u2013 <i>simul<\/i> and <i>pariter<\/i> \u2013 must be thought of together, with the most responsible possible division of responsibilities, understood as capacities.<br \/>\nThe famous Cartesian \u201cCogito\u201d emerged in the midst of contestation over the physical structure of the world, wherein two models confronted each other: one centered on the earth, and the other, on the sun. Solar activity, now coupled with industrial activities, reshaped the problem, which is no longer simply the earth\u2019s past and its place in the universe, but also our future history with it. It is important that <i>cogitate<\/i> not become a future imperative \u2013 a mode and tense in Latin that could translate to: \u201cThink later\u2026\u201d. It would be too late.<\/p>\n<p><i>*The \u201cnormative sciences\u201d identify laws and principles enabling \u201cjudgment\u201d of the value of a piece of knowledge, the morality of an action, and the beauty of an artwork. They opine on what should be, while other sciences describe what is and what will happen (with more or less certainty). \u00a0<\/i><\/p>\n<pre>Philosopher <a href=\"http:\/\/www.sciencespo.fr\/cevipof\/fr\/chercheur\/bernard-reber\">Bernard Reber<\/a>, a CNRS research director at CEVIPOF, studies issues like climate using political, moral, and scientific philosophy. He focuses on pluralism, responsibility, deliberation and argumentation, evaluation, governance, institutional design, environmental ethics, and the ethics of controversial technologies. He seeks to maintain a dialogue between philosophy and the social sciences, natural sciences, and engineering.<\/pre>\n","protected":false},"excerpt":{"rendered":"<p>by Bernard Reber CNRS Research Director at CEVIPOF* Thinking together (at the same time) about Earth equally! Cogitate simul et pariter Orbem could have been<span class=\"excerpt-hellip\"> [\u2026]<\/span><\/p>\n","protected":false},"author":3,"featured_media":5463,"comment_status":"closed","ping_status":"closed","sticky":false,"template":"","format":"standard","meta":{"footnotes":""},"categories":[175,124,172],"tags":[218,129],"_links":{"self":[{"href":"https:\/\/www.sciencespo.fr\/research\/cogito\/home\/wp-json\/wp\/v2\/posts\/5439\/?lang=en"}],"collection":[{"href":"https:\/\/www.sciencespo.fr\/research\/cogito\/home\/wp-json\/wp\/v2\/posts\/?lang=en"}],"about":[{"href":"https:\/\/www.sciencespo.fr\/research\/cogito\/home\/wp-json\/wp\/v2\/types\/post\/?lang=en"}],"author":[{"embeddable":true,"href":"https:\/\/www.sciencespo.fr\/research\/cogito\/home\/wp-json\/wp\/v2\/users\/3\/?lang=en"}],"replies":[{"embeddable":true,"href":"https:\/\/www.sciencespo.fr\/research\/cogito\/home\/wp-json\/wp\/v2\/comments\/?lang=en&post=5439"}],"version-history":[{"count":8,"href":"https:\/\/www.sciencespo.fr\/research\/cogito\/home\/wp-json\/wp\/v2\/posts\/5439\/revisions\/?lang=en"}],"predecessor-version":[{"id":5647,"href":"https:\/\/www.sciencespo.fr\/research\/cogito\/home\/wp-json\/wp\/v2\/posts\/5439\/revisions\/5647\/?lang=en"}],"wp:featuredmedia":[{"embeddable":true,"href":"https:\/\/www.sciencespo.fr\/research\/cogito\/home\/wp-json\/wp\/v2\/media\/5463\/?lang=en"}],"wp:attachment":[{"href":"https:\/\/www.sciencespo.fr\/research\/cogito\/home\/wp-json\/wp\/v2\/media\/?lang=en&parent=5439"}],"wp:term":[{"taxonomy":"category","embeddable":true,"href":"https:\/\/www.sciencespo.fr\/research\/cogito\/home\/wp-json\/wp\/v2\/categories\/?lang=en&post=5439"},{"taxonomy":"post_tag","embeddable":true,"href":"https:\/\/www.sciencespo.fr\/research\/cogito\/home\/wp-json\/wp\/v2\/tags\/?lang=en&post=5439"}],"curies":[{"name":"wp","href":"https:\/\/api.w.org\/{rel}","templated":true}]}}