{"id":5408,"date":"2018-11-19T16:21:32","date_gmt":"2018-11-19T14:21:32","guid":{"rendered":"https:\/\/www.sciencespo.fr\/research\/cogito\/home\/?p=5408"},"modified":"2023-06-20T08:40:12","modified_gmt":"2023-06-20T06:40:12","slug":"labor-regulations-under-stress","status":"publish","type":"post","link":"https:\/\/www.sciencespo.fr\/research\/cogito\/home\/labor-regulations-under-stress\/?lang=en","title":{"rendered":"Labor Regulations Under Stress"},"content":{"rendered":"<h1>What are the conflicts in professional relationships in France?<\/h1>\n<p>What are the open or latent conflicts in the workplace? How are they regulated? <a href=\"https:\/\/www.sciencespo.fr\/research\/cogito\/wp-content\/uploads\/2018\/10\/30801311904_aa7d22b625_z.jpg\"><img decoding=\"async\" loading=\"lazy\" class=\"alignright wp-image-5305 size-medium\" title=\"Conseil de prud'hommes de Paris. Cr\u00e9dits image : ActuaLitt\u00e9. CC BY-SA 2.0\" src=\"https:\/\/www.sciencespo.fr\/research\/cogito\/wp-content\/uploads\/2018\/10\/30801311904_aa7d22b625_z-300x200.jpg\" alt=\"Conseil de prud'hommes de Paris. Cr\u00e9dits image : ActuaLitt\u00e9. CC BY-SA 2.0\" width=\"300\" height=\"200\" srcset=\"https:\/\/www.sciencespo.fr\/research\/cogito\/wp-content\/uploads\/2018\/10\/30801311904_aa7d22b625_z-300x200.jpg 300w, https:\/\/www.sciencespo.fr\/research\/cogito\/wp-content\/uploads\/2018\/10\/30801311904_aa7d22b625_z-219x146.jpg 219w, https:\/\/www.sciencespo.fr\/research\/cogito\/wp-content\/uploads\/2018\/10\/30801311904_aa7d22b625_z-50x33.jpg 50w, https:\/\/www.sciencespo.fr\/research\/cogito\/wp-content\/uploads\/2018\/10\/30801311904_aa7d22b625_z-112x75.jpg 112w, https:\/\/www.sciencespo.fr\/research\/cogito\/wp-content\/uploads\/2018\/10\/30801311904_aa7d22b625_z.jpg 640w\" sizes=\"(max-width: 300px) 100vw, 300px\" \/><\/a>These two questions are the focus of the REGULTRAV (labor regulations) research project led by CSO researcher <a href=\"http:\/\/www.cso.edu\/cv_equipe.asp?langue=en&amp;per_id=233\" target=\"_blank\" rel=\"noopener noreferrer\">J\u00e9r\u00f4me P\u00e9lisse<\/a> as part of a contract with the Ministry of labor, employment, professional training, and social dialogue.<\/p>\n<h4>Conflicts and regulations<\/h4>\n<p>The research objective is to understand evolutions in professional relationships in France, based on their percolating tensions and structuring conflicts. Focused on modes of labor regulation, this research also aims to study the implementation and consequences of Labor Code reforms adopted between 2015 and 2017.<\/p>\n<p>Workplace conflict is addressed in terms of open or latent conflicts, and of regulatory activities, like formal or informal arrangements and negotiations aiming to manage the forms of cooperation and conflicts of interest that arise in corporate professional relationships.<\/p>\n<h4>The project\u2019s main parts:<\/h4>\n<p>The first step is to analyze how different modes of regulation combine by focusing on three of its dimensions: an actor, a form, and a regulatory issue.<\/p>\n<ul>\n<li><b>Management representatives <\/b><\/li>\n<\/ul>\n<p><a href=\"https:\/\/www.sciencespo.fr\/research\/cogito\/wp-content\/uploads\/2018\/10\/recruitment-3716042_640.jpg\"><img decoding=\"async\" loading=\"lazy\" class=\"alignleft wp-image-5353 size-medium\" title=\"Recrutement. Pixabay. CC0 Creative Commons\" src=\"https:\/\/www.sciencespo.fr\/research\/cogito\/wp-content\/uploads\/2018\/10\/recruitment-3716042_640-300x169.jpg\" alt=\"Recrutement. Pixabay. CC0 Creative Commons\" width=\"300\" height=\"169\" srcset=\"https:\/\/www.sciencespo.fr\/research\/cogito\/wp-content\/uploads\/2018\/10\/recruitment-3716042_640-300x169.jpg 300w, https:\/\/www.sciencespo.fr\/research\/cogito\/wp-content\/uploads\/2018\/10\/recruitment-3716042_640-260x146.jpg 260w, https:\/\/www.sciencespo.fr\/research\/cogito\/wp-content\/uploads\/2018\/10\/recruitment-3716042_640-50x28.jpg 50w, https:\/\/www.sciencespo.fr\/research\/cogito\/wp-content\/uploads\/2018\/10\/recruitment-3716042_640-133x75.jpg 133w, https:\/\/www.sciencespo.fr\/research\/cogito\/wp-content\/uploads\/2018\/10\/recruitment-3716042_640.jpg 640w\" sizes=\"(max-width: 300px) 100vw, 300px\" \/><\/a>First, the analysis will examine management representatives, be they bosses, heads of institutions, heads of social relations or human resources, operational managers, or workshop managers. The actions of all these actors are rarely analyzed. While the merger of staff representation bodies imposed by ordinances adopted at the end of the 2017 constitutes a key issue for coming years, and will be studied by many researchers, the team also intends to consider the leadership and management policies of elected union representatives and delegates. The hypothesis here is that evolutions in the profiles and roles of these actors shape the transformations in professional regulations, the issues placed on the agenda (or not), and the nature of interactions with staff representatives.<\/p>\n<ul>\n<li><b>Uses of the law and justice<\/b><\/li>\n<\/ul>\n<p>Next, we will study how tensions can be expressed in uses of the law, and even of justice. The idea will be to analyze the deployment of legal or judicial remedies used by actors to deal with the tensions they confront in workplaces. The hypothesis is that professional relationships are taken in a simultaneous process of going to court (i.e. the of law as a framework and reference, influenced by recent institutional evolutions) and sidestepping the courts (less use of the judicial system, and notably of labor courts \u2013 a trend that has accelerated sharply since 2016-2017).<\/p>\n<ul>\n<li><b> Work time<a href=\"https:\/\/www.sciencespo.fr\/research\/cogito\/wp-content\/uploads\/2018\/10\/27406333976_cd32f9d85e_z-1.jpg\"><img decoding=\"async\" loading=\"lazy\" class=\"wp-image-5349 size-medium alignright\" title=\"Rue du retrait - de la loi travail - Paris M\u00e9nilmontant. Cr\u00e9dit photo : Paule Bodilis. CC BY 2.0\" src=\"https:\/\/www.sciencespo.fr\/research\/cogito\/wp-content\/uploads\/2018\/10\/27406333976_cd32f9d85e_z-1-187x300.jpg\" alt=\"Rue du retrait - de la loi travail - Paris M\u00e9nilmontant. Cr\u00e9dit photo : Paule Bodilis. CC BY 2.0\" width=\"187\" height=\"300\" srcset=\"https:\/\/www.sciencespo.fr\/research\/cogito\/wp-content\/uploads\/2018\/10\/27406333976_cd32f9d85e_z-1-187x300.jpg 187w, https:\/\/www.sciencespo.fr\/research\/cogito\/wp-content\/uploads\/2018\/10\/27406333976_cd32f9d85e_z-1-91x146.jpg 91w, https:\/\/www.sciencespo.fr\/research\/cogito\/wp-content\/uploads\/2018\/10\/27406333976_cd32f9d85e_z-1-31x50.jpg 31w, https:\/\/www.sciencespo.fr\/research\/cogito\/wp-content\/uploads\/2018\/10\/27406333976_cd32f9d85e_z-1-47x75.jpg 47w, https:\/\/www.sciencespo.fr\/research\/cogito\/wp-content\/uploads\/2018\/10\/27406333976_cd32f9d85e_z-1.jpg 352w\" sizes=\"(max-width: 187px) 100vw, 187px\" \/><\/a><\/b><\/li>\n<\/ul>\n<p>Finally, work time will be the third subject of analysis. Along with salary, it is an essential dimension of work and employment that continues to crystallize many tensions. Work time has undergone profound transformations under the effect of the increased time flexibility required of (but also requested by) workers: Sunday work, variable schedules, teleworking, etc. Evolutions are currently underway in the digital area. Finally, work time is at the heart of the latest legislative evolutions, current negotiations, and recent inter-professional conflicts. The hypothesis here is the maintenance, if not the return, of issues surrounding work time in professional relationships that appear both at the institutional level (with the 2016 labor law in particular) and in daily interactions that link actors in workplaces. The idea will be to study how these issues are changing, and how actors confront each other, negotiate, and cooperate to manage them (including, notably, Sunday and nocturnal work).<\/p>\n<h4><b>The different levels of regulation<\/b><\/h4>\n<p>The second part of the research will explore different levels of regulation and the way conflicts and arrangements primarily form at the local level of the company and institution.<\/p>\n<ul>\n<li><b>At the employee level<\/b><\/li>\n<\/ul>\n<p>A first approach will focus on the individual level \u2013 that of employees \u2013 by drawing on the REPONSE employee database. The idea will be to study the process of transitioning from individual tensions and conflicts to collective forms of mobilization. We will seek to understand who is mobilizing (or not) and in what context.<\/p>\n<ul>\n<li><b>Professional relations in PMEs (small and mid-size businesses) <\/b><\/li>\n<\/ul>\n<p><a href=\"https:\/\/www.sciencespo.fr\/research\/cogito\/wp-content\/uploads\/2018\/10\/640px-2012_Francois_Hollande_CGPME.jpg\"><img decoding=\"async\" loading=\"lazy\" class=\"alignleft wp-image-5355 size-medium\" title=\"Fran\u00e7ois Hollande au si\u00e8ge de la CGPME, Author ; Copyleft Own work. CC BY-SA 3.0\" src=\"https:\/\/www.sciencespo.fr\/research\/cogito\/wp-content\/uploads\/2018\/10\/640px-2012_Francois_Hollande_CGPME-300x225.jpg\" alt=\"Fran\u00e7ois Hollande au si\u00e8ge de la CGPME, Author ; Copyleft Own work. CC BY-SA 3.0\" width=\"300\" height=\"225\" srcset=\"https:\/\/www.sciencespo.fr\/research\/cogito\/wp-content\/uploads\/2018\/10\/640px-2012_Francois_Hollande_CGPME-300x225.jpg 300w, https:\/\/www.sciencespo.fr\/research\/cogito\/wp-content\/uploads\/2018\/10\/640px-2012_Francois_Hollande_CGPME-195x146.jpg 195w, https:\/\/www.sciencespo.fr\/research\/cogito\/wp-content\/uploads\/2018\/10\/640px-2012_Francois_Hollande_CGPME-50x38.jpg 50w, https:\/\/www.sciencespo.fr\/research\/cogito\/wp-content\/uploads\/2018\/10\/640px-2012_Francois_Hollande_CGPME-100x75.jpg 100w, https:\/\/www.sciencespo.fr\/research\/cogito\/wp-content\/uploads\/2018\/10\/640px-2012_Francois_Hollande_CGPME.jpg 640w\" sizes=\"(max-width: 300px) 100vw, 300px\" \/><\/a>This analysis will examine labor tensions and regulations in PMEs where individual conflicts are the main, if not sole, form of conflict, with collective conflict appearing to be less important. The hypothesis here is that this type of context strongly shapes the nature of workplace regulations.<\/p>\n<ul>\n<li><b>Interwoven levels and regulations in a continuous and hierarchical socio-productive fabric <\/b><\/li>\n<\/ul>\n<p>Finally, we will look at the socio-productive fabric more broadly. The idea here will be to tackle the observation of an increased segmentation of production between small and large institutions, and between independent and group institutions, according to types of capital and economic and financial valorization, of sectors, and of the workforce that structure these labor regulations. The \u201cinstitution\u201d category actually needs to be taken apart despite its legal homogeneity. The analysis will seek to study the conflict and modes of regulation of these universes <i>separately<\/i>, without ignoring the inter-linkages between these production worlds: order-giving and subcontracting relations; vertical, horizontal, and networked modes of governance, etc. We will use statistical analysis to highlight the main drivers of this segmentation in production and in the dynamics that determine the structure of conflicts and labor regulations in each of these production worlds.<\/p>\n<h4>The methodology<\/h4>\n<p>The project will use<a href=\"https:\/\/dares.travail-emploi.gouv.fr\/dares-etudes-et-statistiques\/enquetes-de-a-a-z\/reponse2017\"> the results of the de REPONSE survey<\/a> (Professional relationships and corporate negotiations), of which the 5th edition took place in 2017 and which includes three bases: management representatives, labor representatives, and employees. The researchers will furthermore produce sixteen corporate monographs developed on the basis of interviews, observations, and documents. Six of them will go deeper by interviewing many actors: labor and management representatives of course, as well as employees, labor inspectors, lawyers, local union and employer association members, etc. <span style=\"color: #ff9900;\"><em>The research will also relate to the sociological literature on professional relationships, organizations, labor, law, and social movements, which has renewed itself over the past ten years. \u00a0\u00a0<\/em><\/span><\/p>\n<pre><strong>Le cadre et l\u2019\u00e9quipe\r\n<\/strong>Ce projet est r\u00e9alis\u00e9 dans le cadre d\u2019un contrat avec la direction de l'animation de la recherche, des \u00e9tudes et des statistiques (DARES) du Minist\u00e8re du travail, de l\u2019emploi, de la formation professionnelle et du dialogue social.\r\nSon \u00e9quipe, coordonn\u00e9e par <a href=\"http:\/\/www.cso.edu\/cv_equipe.asp?per_id=233\" target=\"_blank\" rel=\"noopener noreferrer\">J\u00e9r\u00f4me P\u00e9lisse<\/a> (Professeur de sociologie \u00e0 Sciences Po, chercheur au CSO), est constitu\u00e9e de :<b>\r\n- <\/b>Pierre Blavier (Charg\u00e9 de recherche CNRS, CLERSEE, Lille)\r\n- Ana\u00efs Bonanno (Doctorante \u00e0 l\u2019ENS Lyon, au laboratoire Triangle et au CSO)\r\n- <a href=\"http:\/\/www.cso.edu\/cv_equipe.asp?per_id=58\" target=\"_blank\" rel=\"noopener noreferrer\">Pierre Fran\u00e7ois<\/a> (Directeur de recherche au CNRS, CSO)\r\n- <a href=\"http:\/\/www.cso.edu\/cv_equipe.asp?per_id=241\" target=\"_blank\" rel=\"noopener noreferrer\">Pauline Grimaud<\/a> (Doctorante \u00e0 Sciences Po, CSO)\r\n- 6 \u00e9tudiants du <a href=\"http:\/\/www.sciencespo.fr\/ecole-doctorale\/fr\/content\/master-sociologie\" target=\"_blank\" rel=\"noopener noreferrer\">master de sociologie de Sciences Po<\/a> dans le cadre d\u2019un module d\u2019enqu\u00eate collective encadr\u00e9 par J\u00e9r\u00f4me P\u00e9lisse (Jerry Andr\u00e9, Audrey Chamboredon, B\u00e9r\u00e9nice Chaumont, Emilie Grisez, Rebecca Levy-Guillain, Marie Liermier).<\/pre>\n","protected":false},"excerpt":{"rendered":"<p>What are the conflicts in professional relationships in France? What are the open or latent conflicts in the workplace? How are they regulated? These two<span class=\"excerpt-hellip\"> [\u2026]<\/span><\/p>\n","protected":false},"author":3,"featured_media":5306,"comment_status":"closed","ping_status":"closed","sticky":false,"template":"","format":"standard","meta":{"footnotes":""},"categories":[32,172],"tags":[204,136,79],"_links":{"self":[{"href":"https:\/\/www.sciencespo.fr\/research\/cogito\/home\/wp-json\/wp\/v2\/posts\/5408\/?lang=en"}],"collection":[{"href":"https:\/\/www.sciencespo.fr\/research\/cogito\/home\/wp-json\/wp\/v2\/posts\/?lang=en"}],"about":[{"href":"https:\/\/www.sciencespo.fr\/research\/cogito\/home\/wp-json\/wp\/v2\/types\/post\/?lang=en"}],"author":[{"embeddable":true,"href":"https:\/\/www.sciencespo.fr\/research\/cogito\/home\/wp-json\/wp\/v2\/users\/3\/?lang=en"}],"replies":[{"embeddable":true,"href":"https:\/\/www.sciencespo.fr\/research\/cogito\/home\/wp-json\/wp\/v2\/comments\/?lang=en&post=5408"}],"version-history":[{"count":4,"href":"https:\/\/www.sciencespo.fr\/research\/cogito\/home\/wp-json\/wp\/v2\/posts\/5408\/revisions\/?lang=en"}],"predecessor-version":[{"id":13434,"href":"https:\/\/www.sciencespo.fr\/research\/cogito\/home\/wp-json\/wp\/v2\/posts\/5408\/revisions\/13434\/?lang=en"}],"wp:featuredmedia":[{"embeddable":true,"href":"https:\/\/www.sciencespo.fr\/research\/cogito\/home\/wp-json\/wp\/v2\/media\/5306\/?lang=en"}],"wp:attachment":[{"href":"https:\/\/www.sciencespo.fr\/research\/cogito\/home\/wp-json\/wp\/v2\/media\/?lang=en&parent=5408"}],"wp:term":[{"taxonomy":"category","embeddable":true,"href":"https:\/\/www.sciencespo.fr\/research\/cogito\/home\/wp-json\/wp\/v2\/categories\/?lang=en&post=5408"},{"taxonomy":"post_tag","embeddable":true,"href":"https:\/\/www.sciencespo.fr\/research\/cogito\/home\/wp-json\/wp\/v2\/tags\/?lang=en&post=5408"}],"curies":[{"name":"wp","href":"https:\/\/api.w.org\/{rel}","templated":true}]}}