{"id":5044,"date":"2018-11-06T12:11:31","date_gmt":"2018-11-06T10:11:31","guid":{"rendered":"https:\/\/www.sciencespo.fr\/research\/cogito\/home\/?p=5044"},"modified":"2019-07-07T14:17:18","modified_gmt":"2019-07-07T12:17:18","slug":"yemen-terra-incognita","status":"publish","type":"post","link":"https:\/\/www.sciencespo.fr\/research\/cogito\/home\/yemen-terra-incognita\/","title":{"rendered":"Y\u00e9men, terra incognita"},"content":{"rendered":"<p><a href=\"https:\/\/www.fayard.fr\/histoire\/le-yemen-9782213687568\"><img decoding=\"async\" loading=\"lazy\" class=\"wp-image-5045 size-medium alignright\" title=\" Le Y\u00e9men ; de l'Arabie heureuse \u00e0 la guerre Laurent Bonnefoy Cr\u00e9dits : Jean Bonnefoy-Mercuriali et Fayard\" src=\"https:\/\/www.sciencespo.fr\/research\/cogito\/wp-content\/uploads\/2018\/10\/9782213687568_1_75-190x300.jpg\" alt=\" Le Y\u00e9men ; de l'Arabie heureuse \u00e0 la guerre Laurent Bonnefoy Cr\u00e9dits : Jean Bonnefoy-Mercuriali et Fayard\" width=\"190\" height=\"300\" srcset=\"https:\/\/www.sciencespo.fr\/research\/cogito\/wp-content\/uploads\/2018\/10\/9782213687568_1_75-190x300.jpg 190w, https:\/\/www.sciencespo.fr\/research\/cogito\/wp-content\/uploads\/2018\/10\/9782213687568_1_75-768x1213.jpg 768w, https:\/\/www.sciencespo.fr\/research\/cogito\/wp-content\/uploads\/2018\/10\/9782213687568_1_75-649x1024.jpg 649w, https:\/\/www.sciencespo.fr\/research\/cogito\/wp-content\/uploads\/2018\/10\/9782213687568_1_75-92x146.jpg 92w, https:\/\/www.sciencespo.fr\/research\/cogito\/wp-content\/uploads\/2018\/10\/9782213687568_1_75-32x50.jpg 32w, https:\/\/www.sciencespo.fr\/research\/cogito\/wp-content\/uploads\/2018\/10\/9782213687568_1_75-47x75.jpg 47w, https:\/\/www.sciencespo.fr\/research\/cogito\/wp-content\/uploads\/2018\/10\/9782213687568_1_75.jpg 1000w\" sizes=\"(max-width: 190px) 100vw, 190px\" \/><\/a>Alors que le conflit qui ravage le Y\u00e9men est \u00e0 l\u2019origine d\u2019une grave crise humanitaire, il n\u2019est pourtant que furtivement \u00e9voqu\u00e9 dans les m\u00e9dias. Pour comprendre ce quasi-silence, Laurent Bonnefoy, chercheur au Centre de recherches internationales (CERI), invite \u00e0 se pencher sur l\u2019histoire riche et fantasm\u00e9e de ce pays dans son dernier ouvrage : <a href=\"https:\/\/www.fayard.fr\/histoire\/le-yemen-9782213687568\" target=\"_blank\" rel=\"noopener\">Le Y\u00e9men. De l\u2019Arabie heureuse \u00e0 la guerre<\/a> (\u00e9d. Fayard), r\u00e9compens\u00e9 par le Prix <span class=\"s1\">Eug\u00e8ne Colas d\u00e9cern\u00e9 par l&rsquo;Acad\u00e9mie fran\u00e7aise et <\/span>traduit en anglais (<a href=\"https:\/\/www.hurstpublishers.com\/book\/yemen-and-the-world\/\" target=\"_blank\" rel=\"noopener\">Yemen and the World. Beyond Insecurity<\/a>, \u00e9d. Hurst &amp; Oxford University Press). Entretien.<\/p>\n<p><strong>Le Y\u00e9men a acquis au fil du temps l\u2019image d\u2019un pays interdit ou inaccessible. Pourquoi ce myst\u00e8re ?<\/strong><\/p>\n<p><em>Laurent Bonnefoy<\/em> : Le Y\u00e9men occupe une place \u00e0 part dans les imaginaires. Son histoire, marqu\u00e9e par les sp\u00e9cificit\u00e9s de sa trajectoire, en fait une usine \u00e0 fantasmes : <a href=\"https:\/\/www.sciencespo.fr\/research\/cogito\/wp-content\/uploads\/2018\/10\/37596182344_fcd12c3dfc_z.jpg\"><img decoding=\"async\" loading=\"lazy\" class=\"wp-image-5050 size-medium alignleft\" title=\"Francesco Solimena. 1657-1747. Naples. La reine de Saba devant le roi Salomon. The Queen of Sheba before King Solomon. 1724 Torino Sabauda, Cr\u00e9dits photo : Jean-Louis Mazieres via Flickr CC BY-NC-SA 2.0\" src=\"https:\/\/www.sciencespo.fr\/research\/cogito\/wp-content\/uploads\/2018\/10\/37596182344_fcd12c3dfc_z-300x204.jpg\" alt=\"Francesco Solimena. 1657-1747. Naples. La reine de Saba devant le roi Salomon. The Queen of Sheba before King Solomon. 1724 Torino Sabauda, Cr\u00e9dits photo : Jean-Louis Mazieres via Flickr CC BY-NC-SA 2.0\" width=\"300\" height=\"204\" srcset=\"https:\/\/www.sciencespo.fr\/research\/cogito\/wp-content\/uploads\/2018\/10\/37596182344_fcd12c3dfc_z-300x204.jpg 300w, https:\/\/www.sciencespo.fr\/research\/cogito\/wp-content\/uploads\/2018\/10\/37596182344_fcd12c3dfc_z-214x146.jpg 214w, https:\/\/www.sciencespo.fr\/research\/cogito\/wp-content\/uploads\/2018\/10\/37596182344_fcd12c3dfc_z-50x34.jpg 50w, https:\/\/www.sciencespo.fr\/research\/cogito\/wp-content\/uploads\/2018\/10\/37596182344_fcd12c3dfc_z-110x75.jpg 110w, https:\/\/www.sciencespo.fr\/research\/cogito\/wp-content\/uploads\/2018\/10\/37596182344_fcd12c3dfc_z.jpg 640w\" sizes=\"(max-width: 300px) 100vw, 300px\" \/><\/a>territoire suppos\u00e9 de la Reine de Saba biblique, il fut aussi le si\u00e8ge du r\u00e9gime des imams zaydites ayant r\u00e9gn\u00e9 pendant plus d\u2019un mill\u00e9naire, l\u2019hinterland de la colonie britannique d\u2019Aden et, plus r\u00e9cemment, le lieu o\u00f9 s\u2019est construite l\u2019unique R\u00e9publique socialiste du monde arabe. Il fascine aussi, et \u00e0 raison, par les tr\u00e9sors qu\u2019il rec\u00e8le : arch\u00e9ologie, architecture et topographie extraordinaire. Il intrigue aussi par la complexit\u00e9 de sa soci\u00e9t\u00e9. Enfin, ce registre d\u2019ombre et de myst\u00e8re est entretenu par les r\u00e9cits des grands voyageurs, de Marco Polo et Ibn al-Mujawir, voyageur persan du XIIIe si\u00e8cle, \u00e0 Joseph Kessel, en passant par Arthur Rimbaud et Andr\u00e9 Malraux.<\/p>\n<p><strong>Cette image fantasm\u00e9e que l\u2019on a du Y\u00e9men semble perdurer&#8230;<\/strong><\/p>\n<p>L.B : Oui, il faut voir que le Y\u00e9men n\u2019est pas qu\u2019un fantasme orientaliste, il reste aussi une \u00e9nigme pour les Arabes et les musulmans qui voient bien souvent en lui leur berceau civilisationnel tout en le consid\u00e9rant avec un certain m\u00e9pris du fait de son \u201csous-d\u00e9veloppement\u201d et <a href=\"https:\/\/www.sciencespo.fr\/research\/cogito\/wp-content\/uploads\/2018\/10\/640px-Hamid_Mir_interviewing_Osama_bin_Laden_and_Ayman_al-Zawahiri_2001.jpg\"><img decoding=\"async\" loading=\"lazy\" class=\"wp-image-5052 size-medium alignright\" title=\"Hamid Mir interviewing Osama bin Laden and Ayman al-Zawahiri 2001Par Hamid Mir [CC BY-SA 3.0 (https:\/\/creativecommons.org\/licenses\/by-sa\/3.0)], via Wikimedia Commons\" src=\"https:\/\/www.sciencespo.fr\/research\/cogito\/wp-content\/uploads\/2018\/10\/640px-Hamid_Mir_interviewing_Osama_bin_Laden_and_Ayman_al-Zawahiri_2001-300x207.jpg\" alt=\"Hamid Mir interviewing Osama bin Laden and Ayman al-Zawahiri 2001Par Hamid Mir [CC BY-SA 3.0 (https:\/\/creativecommons.org\/licenses\/by-sa\/3.0)], via Wikimedia Commons\" width=\"300\" height=\"207\" srcset=\"https:\/\/www.sciencespo.fr\/research\/cogito\/wp-content\/uploads\/2018\/10\/640px-Hamid_Mir_interviewing_Osama_bin_Laden_and_Ayman_al-Zawahiri_2001-300x207.jpg 300w, https:\/\/www.sciencespo.fr\/research\/cogito\/wp-content\/uploads\/2018\/10\/640px-Hamid_Mir_interviewing_Osama_bin_Laden_and_Ayman_al-Zawahiri_2001-212x146.jpg 212w, https:\/\/www.sciencespo.fr\/research\/cogito\/wp-content\/uploads\/2018\/10\/640px-Hamid_Mir_interviewing_Osama_bin_Laden_and_Ayman_al-Zawahiri_2001-50x34.jpg 50w, https:\/\/www.sciencespo.fr\/research\/cogito\/wp-content\/uploads\/2018\/10\/640px-Hamid_Mir_interviewing_Osama_bin_Laden_and_Ayman_al-Zawahiri_2001-109x75.jpg 109w, https:\/\/www.sciencespo.fr\/research\/cogito\/wp-content\/uploads\/2018\/10\/640px-Hamid_Mir_interviewing_Osama_bin_Laden_and_Ayman_al-Zawahiri_2001.jpg 640w\" sizes=\"(max-width: 300px) 100vw, 300px\" \/><\/a>de sa pauvret\u00e9 actuels. Il est aussi, pour reprendre la terminologie utilis\u00e9e par les m\u00e9dias, \u201cle pays d\u2019origine d\u2019Oussama Ben Laden\u201d et, depuis une quinzaine d\u2019ann\u00e9es, il est associ\u00e9 \u00e0 la menace djihadiste&#8230; Ainsi, l\u2019image que l\u2019on a du Y\u00e9men reste ind\u00e9niablement ambivalente.<\/p>\n<p><strong>Le pays est guerre depuis 2015, causant des milliers de morts civils, au point que l\u2019ONU parle \u201cd\u2019une des plus graves crises humanitaires de notre \u00e9poque\u00a0\u00bb. Cette triste actualit\u00e9 devrait nous amener \u00e0 r\u00e9viser cette image&#8230;<\/strong><\/p>\n<p>L.B : Ce n\u2019est malheureusement pas le cas et c\u2019est le point de d\u00e9part de la r\u00e9flexion que je m\u00e8ne dans mon ouvrage. La guerre qui s\u2019y d\u00e9roule depuis 2015 n\u2019a pas bouscul\u00e9 ce rapport fond\u00e9 sur le myst\u00e8re. Le conflit est ainsi fr\u00e9quemment d\u00e9crit comme \u00ab cach\u00e9 \u00bb ou \u00ab ignor\u00e9 \u00bb par les ONG. De fait, son traitement m\u00e9diatique, en d\u00e9pit de la grave crise humanitaire qui y s\u00e9vit, reste minimal. C\u2019est sans doute l\u00e0 un signe suppl\u00e9mentaire du rapport contrari\u00e9 du monde au Y\u00e9men. <a href=\"https:\/\/dod.defense.gov\/News\/Article\/Article\/1064682\/us-raid-in-yemen-garners-intelligence\/\"><img decoding=\"async\" loading=\"lazy\" class=\"wp-image-5056 size-medium alignleft\" title=\" During a raid against the terrorist group al-Qaida in the Arabian Peninsula, Jan. 28, 2017, in Yemen, an Osprey hard-landed, injuring three service members and killing one. Air Force photo Tech. Sgt. Joshua J. Garcia\" src=\"https:\/\/www.sciencespo.fr\/research\/cogito\/wp-content\/uploads\/2018\/10\/170105-F-QF982-687-1-300x200.jpg\" alt=\" During a raid against the terrorist group al-Qaida in the Arabian Peninsula, Jan. 28, 2017, in Yemen, an Osprey hard-landed, injuring three service members and killing one. Air Force photo Tech. Sgt. Joshua J. Garcia\" width=\"300\" height=\"200\" srcset=\"https:\/\/www.sciencespo.fr\/research\/cogito\/wp-content\/uploads\/2018\/10\/170105-F-QF982-687-1-300x200.jpg 300w, https:\/\/www.sciencespo.fr\/research\/cogito\/wp-content\/uploads\/2018\/10\/170105-F-QF982-687-1-768x511.jpg 768w, https:\/\/www.sciencespo.fr\/research\/cogito\/wp-content\/uploads\/2018\/10\/170105-F-QF982-687-1-1024x682.jpg 1024w, https:\/\/www.sciencespo.fr\/research\/cogito\/wp-content\/uploads\/2018\/10\/170105-F-QF982-687-1-219x146.jpg 219w, https:\/\/www.sciencespo.fr\/research\/cogito\/wp-content\/uploads\/2018\/10\/170105-F-QF982-687-1-50x33.jpg 50w, https:\/\/www.sciencespo.fr\/research\/cogito\/wp-content\/uploads\/2018\/10\/170105-F-QF982-687-1-113x75.jpg 113w\" sizes=\"(max-width: 300px) 100vw, 300px\" \/><\/a>De plus, le soutien apport\u00e9 par les diplomaties am\u00e9ricaine, fran\u00e7aise et britannique \u00e0 la coalition militaire emmen\u00e9e par l\u2019Arabie saoudite qui bombarde le Y\u00e9men depuis pr\u00e8s de trois ans et qui est accus\u00e9e de crimes de guerre, n\u2019encourage gu\u00e8re la mise sur l\u2019agenda de la question y\u00e9m\u00e9nite. Enfin, les juteux contrats d\u2019armement pass\u00e9s avec les arm\u00e9es du Golfe entretiennent un certain malaise. Ces \u00e9l\u00e9ments expliquent en grande partie que cette guerre continue d\u2019\u00eatre largement ignor\u00e9e.<\/p>\n<p><strong>L&rsquo;insertion \u00e9quivoque du Y\u00e9men dans les relations internationales peut-elle servir \u00e0 \u00e9clairer la crise profonde qui touche le Moyen-Orient ?<\/strong><\/p>\n<p>L.B : Je pense que le Y\u00e9men est un sympt\u00f4me d\u2019un Moyen-Orient en plein bouleversement, et qu\u2019il en est un laboratoire. C\u2019est ce qui rend son \u00e9tude \u00e0 la fois passionnante, n\u00e9cessaire, mais aussi inqui\u00e9tante. Les questions li\u00e9es \u00e0 la polarisation confessionnelle, la transformation des \u00e9quilibres r\u00e9gionaux, avec notamment la place de l\u2019Arabie saoudite qui autonomise sa politique \u00e9trang\u00e8re, ou encore les impasses de la politique des drones men\u00e9e par les \u00c9tats-Unis, s\u2019incarnent au Y\u00e9men, avec des effets qui n\u2019invitent gu\u00e8re \u00e0 l\u2019optimisme. <a href=\"https:\/\/www.sciencespo.fr\/research\/cogito\/wp-content\/uploads\/2018\/10\/640px-Sana_Yemen_4324293041.jpg\"><img decoding=\"async\" loading=\"lazy\" class=\"wp-image-5058 size-medium alignright\" title=\"By yeowatzup (San'a, Yemen) [CC BY 2.0 (https:\/\/creativecommons.org\/licenses\/by\/2.0)], via Wikimedia Commons\" src=\"https:\/\/www.sciencespo.fr\/research\/cogito\/wp-content\/uploads\/2018\/10\/640px-Sana_Yemen_4324293041-300x200.jpg\" alt=\"By yeowatzup (San'a, Yemen) [CC BY 2.0 (https:\/\/creativecommons.org\/licenses\/by\/2.0)], via Wikimedia Commons\" width=\"300\" height=\"200\" srcset=\"https:\/\/www.sciencespo.fr\/research\/cogito\/wp-content\/uploads\/2018\/10\/640px-Sana_Yemen_4324293041-300x200.jpg 300w, https:\/\/www.sciencespo.fr\/research\/cogito\/wp-content\/uploads\/2018\/10\/640px-Sana_Yemen_4324293041-219x146.jpg 219w, https:\/\/www.sciencespo.fr\/research\/cogito\/wp-content\/uploads\/2018\/10\/640px-Sana_Yemen_4324293041-50x33.jpg 50w, https:\/\/www.sciencespo.fr\/research\/cogito\/wp-content\/uploads\/2018\/10\/640px-Sana_Yemen_4324293041-113x75.jpg 113w, https:\/\/www.sciencespo.fr\/research\/cogito\/wp-content\/uploads\/2018\/10\/640px-Sana_Yemen_4324293041.jpg 640w\" sizes=\"(max-width: 300px) 100vw, 300px\" \/><\/a>Par ailleurs, \u00e9mergent dans ce pays des probl\u00e9matiques imp\u00e9rieuses, tout particuli\u00e8rement li\u00e9es \u00e0 l\u2019\u00e9cologie qui devraient nous inciter \u00e0 mieux comprendre ce qui s\u2019y joue. Car il est probable que l\u2019\u00e9puisement des ressources en eau dans les hautes terres, et notamment autour de Sanaa dans les ann\u00e9es \u00e0 venir, ne soit qu\u2019un avant-go\u00fbt des processus qui vont affecter d\u2019autres r\u00e9gions du monde. Or, qui peut pr\u00e9dire ce qui se passera quand on devra d\u00e9m\u00e9nager une capitale de trois millions d\u2019habitants ?<\/p>\n<p><strong>Vous faites r\u00e9f\u00e9rence aux travaux de Romain Bertrand qui pr\u00f4ne une \u00ab\u00a0<a href=\"https:\/\/www.librairie-sciencespo.fr\/livre\/9782757844533-l-histoire-a-parts-egales-recits-d-une-rencontre-orient-occident-xvie-xviie-siecles-romain-bertrand\/?_ga=2.51338985.1792719761.1540229253-792378527.1530637961\" target=\"_blank\" rel=\"noopener\">Histoire \u00e0 parts \u00e9gales<\/a>\u00ab\u00a0, c\u2019est-\u00e0-dire une histoire qui ne se cantonne pas aux rapports avec l\u2019Occident et qui prend en compte des sources locales pour mener les recherches. En quoi une telle approche peut-elle \u00eatre fructueuse dans le cas de l\u2019\u00e9tude du Y\u00e9men ?<\/strong><\/p>\n<p>L.B : Dans la mesure o\u00f9 le Y\u00e9men n\u2019est pas seulement un fantasme pour \u00ab homme blanc \u00bb, il me semble fondamental de valoriser les sources et les points de vue non-occidentaux dans ma recherche. C\u2019\u00e9tait l\u00e0 une ambition partag\u00e9e avec les travaux de Romain Bertrand. ll s\u2019agit, par exemple, d\u2019analyser les interactions de la soci\u00e9t\u00e9 y\u00e9m\u00e9nite avec la Corne de l\u2019Afrique ou l\u2019Asie du Sud-Est. Cela permet notamment de d\u00e9passer l\u2019id\u00e9e d\u2019une relation uniquement structur\u00e9e autour d\u2019un rapport de domination ou d\u2019un h\u00e9ritage colonial. Certes, l\u2019occupation britannique d\u2019Aden entre 1839 et 1967 en a fait, au milieu du XXe si\u00e8cle, le deuxi\u00e8me port le plus actif du monde, ce qui a structur\u00e9 la place du Y\u00e9men dans les \u00e9changes et la mondialisation. <a href=\"https:\/\/www.sciencespo.fr\/research\/cogito\/wp-content\/uploads\/2018\/10\/640px-Aden_postcard.jpg\"><img decoding=\"async\" loading=\"lazy\" class=\"wp-image-5060 size-medium alignleft\" title=\"Le Port d'Aden vers 1910 Par Inconnu, Unknown author (Postcard, scanned by Flominator) [Public domain], via Wikimedia Commons\" src=\"https:\/\/www.sciencespo.fr\/research\/cogito\/wp-content\/uploads\/2018\/10\/640px-Aden_postcard-300x196.jpg\" alt=\"Le Port d'Aden vers 1910 Par Inconnu, Unknown author (Postcard, scanned by Flominator) [Public domain], via Wikimedia Commons\" width=\"300\" height=\"196\" srcset=\"https:\/\/www.sciencespo.fr\/research\/cogito\/wp-content\/uploads\/2018\/10\/640px-Aden_postcard-300x196.jpg 300w, https:\/\/www.sciencespo.fr\/research\/cogito\/wp-content\/uploads\/2018\/10\/640px-Aden_postcard-224x146.jpg 224w, https:\/\/www.sciencespo.fr\/research\/cogito\/wp-content\/uploads\/2018\/10\/640px-Aden_postcard-50x33.jpg 50w, https:\/\/www.sciencespo.fr\/research\/cogito\/wp-content\/uploads\/2018\/10\/640px-Aden_postcard-115x75.jpg 115w, https:\/\/www.sciencespo.fr\/research\/cogito\/wp-content\/uploads\/2018\/10\/640px-Aden_postcard.jpg 640w\" sizes=\"(max-width: 300px) 100vw, 300px\" \/><\/a>De m\u00eame, la lutte contre le terrorisme depuis 2001 et le poids de la diplomatie des \u00c9tats-Unis ont r\u00e9v\u00e9l\u00e9 sa d\u00e9pendance manifeste envers les Am\u00e9ricains et ont reconfigur\u00e9 les \u00e9quilibres politiques int\u00e9rieurs. Mais, et c\u2019est le propos de mon ouvrage, le rapport au monde du Y\u00e9men s\u2019inscrit \u00e9galement dans une multitude de flux de personnes, de cr\u00e9ations et d\u2019id\u00e9es qui, par exemple, concernent les \u00e9tudiants indon\u00e9siens dans les instituts religieux soufis de la ville de Tarim, les professeurs irakiens coop\u00e9rant dans les provinces du Y\u00e9men, ou encore les commer\u00e7ants de la r\u00e9gion du Yafi install\u00e9s en Chine. De plus, c\u2019est avec l\u2019Arabie saoudite, et donc un cadre qui \u00e9chappe aujourd\u2019hui largement aux manifestations de la domination am\u00e9ricaine, que le rapport in\u00e9galitaire est le plus marqu\u00e9, signalant, une fois encore, la f\u00e9condit\u00e9 d\u2019une approche qui a le souci de chercher ses sources hors des sentiers battus d\u2019une approche stato-centr\u00e9e et univoque.<\/p>\n<p><strong>Vous avez aussi choisi d&rsquo;\u00e9tudier le Y\u00e9men \u00ab\u00a0de l&rsquo;ext\u00e9rieur\u00a0\u00bb car le pays ne vous \u00e9tait plus accessible. Comment travaille-t-on loin de son champ de recherche ?<\/strong><\/p>\n<p>L.B : Le parti pris d\u2019\u00e9tudier le Y\u00e9men \u201cavec le monde\u201d et non en tant que tel, s\u2019est initialement fond\u00e9 sur une contrainte li\u00e9e \u00e0 mon acc\u00e8s au terrain qui est devenu de plus en plus difficile puis totalement impossible. J\u2019en ai \u00e9t\u00e9 expuls\u00e9 alors que j\u2019y travaillais et y vivais en famille, puis la situation s\u2019est aggrav\u00e9e du point de vue s\u00e9curitaire et \u00e0 cause de la guerre. Pour un chercheur, \u00eatre priv\u00e9 d\u2019acc\u00e8s \u00e0 \u00ab son \u00bb terrain est une grande frustration. C\u2019\u00e9tait m\u00eame une souffrance tant y travailler a toujours \u00e9t\u00e9 pour moi une source in\u00e9puisable d\u2019\u00e9merveillement. Mais, progressivement, la d\u00e9marche consistant \u00e0 \u00e9tudier le Y\u00e9men depuis l\u2019ext\u00e9rieur est devenue autre chose qu\u2019un pis-aller. \u00catre contraint de transformer son regard, de varier son approche et de d\u00e9velopper de nouveaux questionnements et de nouvelles m\u00e9thodes de travail m\u2019est apparu comme particuli\u00e8rement stimulant.<\/p>\n<p><strong>Cette difficult\u00e9 d\u2019acc\u00e9der au terrain touche de plus en plus de pays&#8230;<\/strong><\/p>\n<p><a href=\"https:\/\/www.sciencespo.fr\/research\/cogito\/wp-content\/uploads\/2018\/10\/Screenshot_2018-10-23-2-Yemen-Press-\u064a\u0645\u0646-\u0628\u0631\u0633-Accueil-1.png\"><img decoding=\"async\" loading=\"lazy\" class=\"wp-image-5064 size-medium alignright\" title=\"Screenshot - Facebook of Yemen Press \u064a\u0645\u0646 \u0628\u0631\u0633 - Accueil\" src=\"https:\/\/www.sciencespo.fr\/research\/cogito\/wp-content\/uploads\/2018\/10\/Screenshot_2018-10-23-2-Yemen-Press-\u064a\u0645\u0646-\u0628\u0631\u0633-Accueil-1-300x134.png\" alt=\"Screenshot - Facebook of Yemen Press \u064a\u0645\u0646 \u0628\u0631\u0633 - Accueil\" width=\"300\" height=\"134\" srcset=\"https:\/\/www.sciencespo.fr\/research\/cogito\/wp-content\/uploads\/2018\/10\/Screenshot_2018-10-23-2-Yemen-Press-\u064a\u0645\u0646-\u0628\u0631\u0633-Accueil-1-300x134.png 300w, https:\/\/www.sciencespo.fr\/research\/cogito\/wp-content\/uploads\/2018\/10\/Screenshot_2018-10-23-2-Yemen-Press-\u064a\u0645\u0646-\u0628\u0631\u0633-Accueil-1-768x342.png 768w, https:\/\/www.sciencespo.fr\/research\/cogito\/wp-content\/uploads\/2018\/10\/Screenshot_2018-10-23-2-Yemen-Press-\u064a\u0645\u0646-\u0628\u0631\u0633-Accueil-1-260x116.png 260w, https:\/\/www.sciencespo.fr\/research\/cogito\/wp-content\/uploads\/2018\/10\/Screenshot_2018-10-23-2-Yemen-Press-\u064a\u0645\u0646-\u0628\u0631\u0633-Accueil-1-50x22.png 50w, https:\/\/www.sciencespo.fr\/research\/cogito\/wp-content\/uploads\/2018\/10\/Screenshot_2018-10-23-2-Yemen-Press-\u064a\u0645\u0646-\u0628\u0631\u0633-Accueil-1-150x67.png 150w, https:\/\/www.sciencespo.fr\/research\/cogito\/wp-content\/uploads\/2018\/10\/Screenshot_2018-10-23-2-Yemen-Press-\u064a\u0645\u0646-\u0628\u0631\u0633-Accueil-1.png 821w\" sizes=\"(max-width: 300px) 100vw, 300px\" \/><\/a>L.B : Oui, et c\u2019est un vrai probl\u00e8me. Face \u00e0 ces obstacles, les chercheurs ont deux options : changer d\u2019objet de recherche &#8211; mais cela demande un investissement consid\u00e9rable &#8211; ou bien, comme je l\u2019ai fait, adopter une nouvelle approche. M\u00eame si les sources auxquelles on a acc\u00e8s \u00e0 distance sont insatisfaisantes, elles permettent de mener des recherches approfondies d\u00e8s lors que l\u2019on a, au pr\u00e9alable, une connaissance intime de la soci\u00e9t\u00e9 sur laquelle on travaille, qu\u2019on en parle la langue, qu\u2019on a de solides rep\u00e8res historiques et g\u00e9ographiques d\u00e9velopp\u00e9s sur le terrain ainsi qu\u2019une connaissance fine des travaux scientifiques qui s\u2019y sont int\u00e9ress\u00e9s. En s\u2019appuyant sur les contacts et des amiti\u00e9s d\u00e9j\u00e0 \u00e9tablis, en s\u2019informant via les r\u00e9seaux sociaux \u2013 v\u00e9ritables puits sans fond \u2013 de nouveaux questionnements \u00e9mergent et fondent une approche qui, \u00e0 mon sens, n\u2019est pas une r\u00e9gression. C\u2019est cela que je tente de d\u00e9montrer dans cet ouvrage.<\/p>\n<p><strong>L\u2019assassinat, en d\u00e9cembre 2017, de l\u2019ancien pr\u00e9sident y\u00e9m\u00e9nite, Ali Abdallah Saleh. Comment analysez-vous cet \u00e9v\u00e9nement\u2009? Les m\u00e9dias occidentaux ont pr\u00e9dit qu\u2019\u00e0 sa suite, le conflit risquait de s\u2019aggraver, voire de s\u2019\u00e9tendre. Qu\u2019en est-il\u2009? Quelles ont \u00e9t\u00e9 les r\u00e9actions dans la soci\u00e9t\u00e9 y\u00e9m\u00e9nite\u2009?<\/strong><\/p>\n<p><a href=\"https:\/\/www.sciencespo.fr\/research\/cogito\/wp-content\/uploads\/2018\/10\/600px-Ali_Abdullah_Saleh_2004.jpg\"><img decoding=\"async\" loading=\"lazy\" class=\"alignleft wp-image-5066\" title=\"Ali Abdullah Saleh 2004 via ar.wikipedia.org\" src=\"https:\/\/www.sciencespo.fr\/research\/cogito\/wp-content\/uploads\/2018\/10\/600px-Ali_Abdullah_Saleh_2004-300x300.jpg\" alt=\"Ali Abdullah Saleh 2004 via ar.wikipedia.org\" width=\"250\" height=\"250\" srcset=\"https:\/\/www.sciencespo.fr\/research\/cogito\/wp-content\/uploads\/2018\/10\/600px-Ali_Abdullah_Saleh_2004-300x300.jpg 300w, https:\/\/www.sciencespo.fr\/research\/cogito\/wp-content\/uploads\/2018\/10\/600px-Ali_Abdullah_Saleh_2004-150x150.jpg 150w, https:\/\/www.sciencespo.fr\/research\/cogito\/wp-content\/uploads\/2018\/10\/600px-Ali_Abdullah_Saleh_2004-146x146.jpg 146w, https:\/\/www.sciencespo.fr\/research\/cogito\/wp-content\/uploads\/2018\/10\/600px-Ali_Abdullah_Saleh_2004-50x50.jpg 50w, https:\/\/www.sciencespo.fr\/research\/cogito\/wp-content\/uploads\/2018\/10\/600px-Ali_Abdullah_Saleh_2004-75x75.jpg 75w, https:\/\/www.sciencespo.fr\/research\/cogito\/wp-content\/uploads\/2018\/10\/600px-Ali_Abdullah_Saleh_2004-85x85.jpg 85w, https:\/\/www.sciencespo.fr\/research\/cogito\/wp-content\/uploads\/2018\/10\/600px-Ali_Abdullah_Saleh_2004-80x80.jpg 80w, https:\/\/www.sciencespo.fr\/research\/cogito\/wp-content\/uploads\/2018\/10\/600px-Ali_Abdullah_Saleh_2004.jpg 600w\" sizes=\"(max-width: 250px) 100vw, 250px\" \/><\/a>L.B : La mort d\u2019Ali Abdallah Saleh constitue un \u00e9v\u00e9nement notable dans la mesure o\u00f9 elle met fin \u00e0 une trajectoire politique de quatre d\u00e9cennies qui a structur\u00e9 pour une large part le Y\u00e9men contemporain. D\u2019autre part, la brutalit\u00e9 de sa chute a boulevers\u00e9 bien des Y\u00e9m\u00e9nites, y compris ses opposants, laissant finalement l\u2019ensemble des parties sans rep\u00e8re. Cette mort montre aussi que la r\u00e9bellion houthiste contre laquelle Saleh s\u2019\u00e9tait soudainement retourn\u00e9 apr\u00e8s l\u2019avoir soutenue, a repris la main. Forts de leur ancrage politique et militaire, les houthistes continuent de contr\u00f4ler de larges pans de territoire. La mort de l\u2019ancien pr\u00e9sident signale enfin un nouvel \u00e9chec de la coalition men\u00e9e par l\u2019Arabie saoudite qui a sans doute sous-estim\u00e9, comme Saleh a pu le faire, la puissance des houthistes. Quoi qu\u2019il en soit, ce bouleversement ne constitue pas n\u00e9cessairement un tournant dans la guerre. M\u00eame s\u2019il risque, apr\u00e8s une phase d\u2019attentisme g\u00e9n\u00e9ralis\u00e9, de favoriser l\u2019aggravation des combats et d\u2019amener les Saoudiens \u00e0 accentuer leur pression sur les rebelles \u00e0 travers les bombardements, au prix de nombreuses victimes civiles.<\/p>\n<p style=\"text-align: right;\"><em>Propos recueillis par Miriam P\u00e9rier, CERI, janvier 2018<\/em><\/p>\n<div class=\"idea_box\"><div class=\"icon\"><i class=\"icon-lamp\"><\/i><\/div><div class=\"desc\"><\/p>\n<p><a href=\"https:\/\/www.fayard.fr\/histoire\/le-yemen-9782213687568\" target=\"_blank\" rel=\"noopener\">Le Y\u00e9men. De l\u2019Arabie heureuse \u00e0 la guerre<\/a>, \u00e9d. Fayard, novembre 2017.<br \/>\nDisponible \u00e0 Sciences Po \u00e0 la <a href=\"https:\/\/www.librairie-sciencespo.fr\/livre\/9782213687568-le-yemen-de-l-arabie-heureuse-a-la-guerre-laurent-bonnefoy\/?_ga=2.244652869.1792719761.1540229253-792378527.1530637961\" target=\"_blank\" rel=\"noopener\">librairie<\/a> et \u00e0 la biblioth\u00e8que.<\/p>\n<p>En anglais : <a href=\"https:\/\/www.hurstpublishers.com\/book\/yemen-and-the-world\/\" target=\"_blank\" rel=\"noopener\">Yemen and the World. Beyond Insecurity<\/a>, \u00e9d. Hurst &amp; Oxford University Press, octobre 2018<\/p>\n<p><\/div><\/div>\n\n","protected":false},"excerpt":{"rendered":"<p>Alors que le conflit qui ravage le Y\u00e9men est \u00e0 l\u2019origine d\u2019une grave crise humanitaire, il n\u2019est pourtant que furtivement \u00e9voqu\u00e9 dans les m\u00e9dias. Pour<span class=\"excerpt-hellip\"> [\u2026]<\/span><\/p>\n","protected":false},"author":3,"featured_media":5559,"comment_status":"closed","ping_status":"open","sticky":false,"template":"","format":"standard","meta":{"footnotes":""},"categories":[318,18,173],"tags":[92,68],"_links":{"self":[{"href":"https:\/\/www.sciencespo.fr\/research\/cogito\/home\/wp-json\/wp\/v2\/posts\/5044"}],"collection":[{"href":"https:\/\/www.sciencespo.fr\/research\/cogito\/home\/wp-json\/wp\/v2\/posts"}],"about":[{"href":"https:\/\/www.sciencespo.fr\/research\/cogito\/home\/wp-json\/wp\/v2\/types\/post"}],"author":[{"embeddable":true,"href":"https:\/\/www.sciencespo.fr\/research\/cogito\/home\/wp-json\/wp\/v2\/users\/3"}],"replies":[{"embeddable":true,"href":"https:\/\/www.sciencespo.fr\/research\/cogito\/home\/wp-json\/wp\/v2\/comments?post=5044"}],"version-history":[{"count":8,"href":"https:\/\/www.sciencespo.fr\/research\/cogito\/home\/wp-json\/wp\/v2\/posts\/5044\/revisions"}],"predecessor-version":[{"id":5590,"href":"https:\/\/www.sciencespo.fr\/research\/cogito\/home\/wp-json\/wp\/v2\/posts\/5044\/revisions\/5590"}],"wp:featuredmedia":[{"embeddable":true,"href":"https:\/\/www.sciencespo.fr\/research\/cogito\/home\/wp-json\/wp\/v2\/media\/5559"}],"wp:attachment":[{"href":"https:\/\/www.sciencespo.fr\/research\/cogito\/home\/wp-json\/wp\/v2\/media?parent=5044"}],"wp:term":[{"taxonomy":"category","embeddable":true,"href":"https:\/\/www.sciencespo.fr\/research\/cogito\/home\/wp-json\/wp\/v2\/categories?post=5044"},{"taxonomy":"post_tag","embeddable":true,"href":"https:\/\/www.sciencespo.fr\/research\/cogito\/home\/wp-json\/wp\/v2\/tags?post=5044"}],"curies":[{"name":"wp","href":"https:\/\/api.w.org\/{rel}","templated":true}]}}