{"id":4909,"date":"2018-11-27T10:04:50","date_gmt":"2018-11-27T08:04:50","guid":{"rendered":"https:\/\/www.sciencespo.fr\/research\/cogito\/home\/?p=4909"},"modified":"2019-05-06T16:16:43","modified_gmt":"2019-05-06T14:16:43","slug":"cogito-n4-2-2","status":"publish","type":"post","link":"https:\/\/www.sciencespo.fr\/research\/cogito\/home\/cogito-n4-2-2\/?lang=en","title":{"rendered":"Cogito n\u00b05"},"content":{"rendered":"<p><span style=\"font-weight: 400;\">We cannot wait until tomorrow to reduce our blows to the environment. Their effects are worsening by the day and have been doing so for too long. This is the crucial challenge addressed in the 5<\/span><span style=\"font-weight: 400;\">th<\/span><span style=\"font-weight: 400;\"> issue of Cogito, devoted to the research and initiatives of a group of Sciences Po researchers thinking together about this question. This issue also presents research on economic and political democracy, public action, international trade, the political dimensions of the law, and the devastation in Yemen.\u00a0<\/span><span style=\"font-weight: 400;\">You will also meet two recent PhD graduates awarded for their theses. Finally, you will learn how an innovative research project is formed. <\/span><\/p>\n<h3><u>Focus: Thinking together the environment<\/u><\/h3>\n<ul>\n<li><a href=\"https:\/\/www.sciencespo.fr\/research\/cogito\/home\/a-collective-to-rethink-the-environment\/?lang=en\" target=\"_blank\" rel=\"noopener\">Introduction: A collective to rethink the environment<\/a><\/li>\n<li><a href=\"https:\/\/www.sciencespo.fr\/research\/cogito\/home\/environmental-policymaking-the-case-of-china\/?lang=en\" target=\"_blank\" rel=\"noopener\">Environmental policymaking: the case of China<\/a> by\u00a0Richard Balme, CEE<\/li>\n<li><a href=\"https:\/\/www.sciencespo.fr\/research\/cogito\/home\/consume-less-consume-betterwhat-can-consumers-do\/?lang=en\" target=\"_blank\" rel=\"noopener\">Consume less, consume better:what can consumers do?<\/a> by Sophie Dubuisson-Quellier, CSO<\/li>\n<li><a href=\"https:\/\/www.sciencespo.fr\/research\/cogito\/home\/conservative-cities-a-3rd-way-between-business-as-usual-and-decline\/?lang=en\" target=\"_blank\" rel=\"noopener\">Frugal cities: a 3rd way between \u201cbusiness as usual\u201d and decline?<\/a>\u00a0by Charlotte Halpern, CEE<\/li>\n<li class=\"entry-title\"><a href=\"https:\/\/www.sciencespo.fr\/research\/cogito\/home\/fault-lines-earthquakes-and-historical-change\/?lang=en\" target=\"_blank\" rel=\"noopener\">Fault lines: earthquakes and historical change<\/a>\u00a0by Giacomo Parrinello, Center for History<\/li>\n<li class=\"entry-title\"><a href=\"https:\/\/www.sciencespo.fr\/research\/cogito\/home\/pesticides-and-human-health-between-toxicology-and-epidemiology\/?lang=en\" target=\"_blank\" rel=\"noopener\">Pesticides and human health: between toxicology and epidemiology\u00a0<\/a>by Jean-No\u00ebl Jouzel, CSO<\/li>\n<li><a href=\"https:\/\/www.sciencespo.fr\/research\/cogito\/home\/think-altogether-our-planet-great-again\/?lang=en\" target=\"_blank\" rel=\"noopener\">Thinking together to make our planet great again<\/a> by Bernard Reber, CEVIPOF<\/li>\n<\/ul>\n<h3><u>In Folio: Recent publications<br \/>\n<\/u><\/h3>\n<ul>\n<li><a href=\"https:\/\/www.sciencespo.fr\/research\/cogito\/home\/when-the-study-of-individual-behaviors-shapes-public-decision-making\/?lang=en\" target=\"_blank\" rel=\"noopener\">When the study of individual behaviors shapes public decision-making<\/a>\u00a0by a team of\u00a0\u00a0six researchers at CSO<\/li>\n<li><a href=\"https:\/\/www.sciencespo.fr\/research\/cogito\/home\/making-parliament-the-beating-heart-of-democracy\/?lang=en\" target=\"_blank\" rel=\"noopener\">Making Parliament the beating heart of democracy<\/a>\u00a0 Olivier Rozenberg&#8217;s (CEE) interview<\/li>\n<li><a href=\"https:\/\/www.sciencespo.fr\/research\/cogito\/home\/when-pierre-mauroy-rigorously-resisted-neo-liberalism\/?lang=en\" target=\"_blank\" rel=\"noopener\">When Pierre Mauroy rigorously resisted &#8216;neo-liberalism&#8217; (1981-1984)<\/a> by Mathieu Fulla, Center for History<\/li>\n<li><a href=\"https:\/\/www.sciencespo.fr\/research\/cogito\/home\/yemen-terra-incognita\/?lang=en\" target=\"_blank\" rel=\"noopener\">Yemen, terra incognita<\/a>\u00a0, Laurent Bonnefoy&#8217;s (CERI) interview<\/li>\n<li><a href=\"https:\/\/www.sciencespo.fr\/research\/cogito\/home\/the-politics-of-symbols-the-french-governments-response-to-the-2015-terrorist-attacks\/?lang=en\" target=\"_blank\" rel=\"noopener\">The politics of symbols: the French government\u2019s response to the 2015 terrorist attacks<\/a>, by Laurie Boussaguet and Florence Faucher, CEE<\/li>\n<li><a href=\"https:\/\/www.sciencespo.fr\/research\/cogito\/home\/you-better-move-on\/?lang=en\" target=\"_blank\" rel=\"noopener\">You better move on! \u00a0The expatriation of young Italians<\/a>\u00a0by Carlo Barone, Ettore Recchi &amp; al, OSC<\/li>\n<li><a href=\"https:\/\/www.sciencespo.fr\/research\/cogito\/home\/distributing-trade-mapsthe-gravity-equation\/?lang=en\" target=\"_blank\" rel=\"noopener\">Distributing trade maps:the gravity equation<\/a> by Thomas Chaney, Department of Economics<\/li>\n<li><a href=\"https:\/\/www.sciencespo.fr\/research\/cogito\/home\/what-civil-and-administrative-law-have-in-common\/?lang=en\" target=\"_blank\" rel=\"noopener\">What civil and administrative law have in common<\/a>, Conversation with Christophe Jamin and Fabrice Melleray, Law of School<\/li>\n<li><a href=\"https:\/\/www.sciencespo.fr\/research\/cogito\/home\/digital-readings-of-the-bible\/?lang=en\" target=\"_blank\" rel=\"noopener\">Digital readings of the Bible<\/a> by Jean-Philippe Cointet, m\u00e9dialab &amp; alii<\/li>\n<\/ul>\n<h3><u>Kick-off: new contracts<\/u><\/h3>\n<ul>\n<li><a href=\"https:\/\/www.sciencespo.fr\/research\/cogito\/home\/labor-regulations-under-stress\/?lang=en\" target=\"_blank\" rel=\"noopener\">Labor regulations under stress:What are the conflicts in professional relationships in France?<\/a> by J\u00e9r\u00f4me P\u00e9lisse, CSO<\/li>\n<li><a href=\"https:\/\/www.sciencespo.fr\/research\/cogito\/home\/citizen-representations-of-regional-democracy\/?lang=en\" target=\"_blank\" rel=\"noopener\">Citizen representations of regional democracy<\/a> by Sylvain Brouard, CEVIPOF<\/li>\n<\/ul>\n<h3><u>Rising stars: young researchers<\/u><\/h3>\n<ul>\n<li><a href=\"https:\/\/www.sciencespo.fr\/research\/cogito\/home\/michel-rocard-from-attraction-to-criticism-of-the-media\/?lang=en\" target=\"_blank\" rel=\"noopener\">Michel Rocard: from attraction to criticism of the media<\/a> by Pierre-Emmanuel Guigo, Doctoral School, Center for History<\/li>\n<li><a href=\"https:\/\/www.sciencespo.fr\/research\/cogito\/home\/arming-france-national-independence-or-international-cooperation\/?lang=en\" target=\"_blank\" rel=\"noopener\">Arming France: national independence or international cooperation?<\/a> by\u00a0\u00a0par Samuel B.H. Faure, Doctoral School, CERI<\/li>\n<\/ul>\n<h3><u>Data<br \/>\n<\/u><\/h3>\n<ul>\n<li><span style=\"font-weight: 400;\"><a href=\"https:\/\/www.sciencespo.fr\/research\/cogito\/home\/the-history-of-international-trade-in-data\/?lang=en\" target=\"_blank\" rel=\"noopener\">The history of international trade in data<\/a>, Conversation with<\/span>\u00a0B\u00e9atrice D\u00e9dinger, Center for history and Paul Girard, m\u00e9dialab<\/li>\n<\/ul>\n","protected":false},"excerpt":{"rendered":"<p>We cannot wait until tomorrow to reduce our blows to the environment. Their effects are worsening by the day and have been doing so for<span class=\"excerpt-hellip\"> [\u2026]<\/span><\/p>\n","protected":false},"author":3,"featured_media":4915,"comment_status":"closed","ping_status":"closed","sticky":false,"template":"","format":"image","meta":{"footnotes":""},"categories":[159,172],"tags":[],"_links":{"self":[{"href":"https:\/\/www.sciencespo.fr\/research\/cogito\/home\/wp-json\/wp\/v2\/posts\/4909\/?lang=en"}],"collection":[{"href":"https:\/\/www.sciencespo.fr\/research\/cogito\/home\/wp-json\/wp\/v2\/posts\/?lang=en"}],"about":[{"href":"https:\/\/www.sciencespo.fr\/research\/cogito\/home\/wp-json\/wp\/v2\/types\/post\/?lang=en"}],"author":[{"embeddable":true,"href":"https:\/\/www.sciencespo.fr\/research\/cogito\/home\/wp-json\/wp\/v2\/users\/3\/?lang=en"}],"replies":[{"embeddable":true,"href":"https:\/\/www.sciencespo.fr\/research\/cogito\/home\/wp-json\/wp\/v2\/comments\/?lang=en&post=4909"}],"version-history":[{"count":33,"href":"https:\/\/www.sciencespo.fr\/research\/cogito\/home\/wp-json\/wp\/v2\/posts\/4909\/revisions\/?lang=en"}],"predecessor-version":[{"id":5722,"href":"https:\/\/www.sciencespo.fr\/research\/cogito\/home\/wp-json\/wp\/v2\/posts\/4909\/revisions\/5722\/?lang=en"}],"wp:featuredmedia":[{"embeddable":true,"href":"https:\/\/www.sciencespo.fr\/research\/cogito\/home\/wp-json\/wp\/v2\/media\/4915\/?lang=en"}],"wp:attachment":[{"href":"https:\/\/www.sciencespo.fr\/research\/cogito\/home\/wp-json\/wp\/v2\/media\/?lang=en&parent=4909"}],"wp:term":[{"taxonomy":"category","embeddable":true,"href":"https:\/\/www.sciencespo.fr\/research\/cogito\/home\/wp-json\/wp\/v2\/categories\/?lang=en&post=4909"},{"taxonomy":"post_tag","embeddable":true,"href":"https:\/\/www.sciencespo.fr\/research\/cogito\/home\/wp-json\/wp\/v2\/tags\/?lang=en&post=4909"}],"curies":[{"name":"wp","href":"https:\/\/api.w.org\/{rel}","templated":true}]}}