{"id":4908,"date":"2018-11-06T20:50:42","date_gmt":"2018-11-06T18:50:42","guid":{"rendered":"https:\/\/www.sciencespo.fr\/research\/cogito\/home\/?p=4908"},"modified":"2019-05-17T11:47:08","modified_gmt":"2019-05-17T09:47:08","slug":"cogito-n5","status":"publish","type":"post","link":"https:\/\/www.sciencespo.fr\/research\/cogito\/home\/cogito-n5\/","title":{"rendered":"Cogito n\u00b05"},"content":{"rendered":"<p><span style=\"color: #ff6600;\"><span style=\"color: #000000;\"><span class=\"im\">On ne peut attendre demain pour r\u00e9duire les coups\u00a0que nous portons \u00e0 l&rsquo;environnement.\u00a0Leurs effets s&rsquo;aggravent\u00a0jour apr\u00e8s jour\u00a0et depuis trop longtemps. C&rsquo;est sur cet enjeu vital que s&rsquo;ouvre le num\u00e9ro 5 de Cogito, avec un dossier consacr\u00e9 aux travaux et initiatives\u00a0d&rsquo;un collectif chercheurs de Sciences Po\u00a0qui r\u00e9fl\u00e9chissent ensemble \u00e0 cette question. Dans ce num\u00e9ro vous trouverez \u00e9galement la pr\u00e9sentation de recherches\u00a0portant sur la\u00a0d\u00e9mocratie\u00a0\u00e9conomique et politique, l&rsquo;action publique, le\u00a0commerce international, les dimensions politiques du droit ainsi que sur ce pays d\u00e9vast\u00e9 qu&rsquo;est le\u00a0Y\u00e9men.<br \/>\n<\/span>Vous y rencontrerez aussi deux\u00a0jeunes docteurs\u00a0prim\u00e9s pour leurs th\u00e8ses. Enfin, vous apprendrez\u00a0comment se fabrique un projet de recherche innovant.\u00a0 <\/span><\/span><\/p>\n<h1>Sommaire<\/h1>\n<h3><span style=\"color: #333333;\"><u>Focus : Repenser ensemble l&rsquo;environnement<\/u><\/span><\/h3>\n<ul>\n<li><a href=\"https:\/\/www.sciencespo.fr\/research\/cogito\/home\/un-collectif-pour-repenser-lenvironnement\/\" target=\"_blank\" rel=\"noopener\">Introduction : un collectif pour repenser l&rsquo;environnement<\/a>, par H\u00e9l\u00e8ne Naudet, direction scientifique<\/li>\n<li><a href=\"https:\/\/www.sciencespo.fr\/research\/cogito\/home\/la-fabrique-des-politiques-environnementales-le-cas-chinois\/\" target=\"_blank\" rel=\"noopener\">La fabrique des politiques environnementales : le cas chinois<\/a>,\u00a0par Richard Balme, CEE<\/li>\n<li><a href=\"https:\/\/www.sciencespo.fr\/research\/cogito\/home\/la-consommation-engagee-que-peut-le-consommateur\/\" target=\"_blank\" rel=\"noopener\">La consommation engag\u00e9e : que peut le consommateur ?<\/a>,\u00a0par Sophie Dubuisson-Quellier, CSO<\/li>\n<li><a href=\"https:\/\/www.sciencespo.fr\/research\/cogito\/home\/villes-sobres-une-3eme-voie-entre-business-as-usual-et-decroissance\/\" target=\"_blank\" rel=\"noopener\">Villes sobres : une 3\u00e8me voie entre \u00ab business as usual \u00bb et d\u00e9croissance ?<\/a>, par Charlotte Halpern, CEE<\/li>\n<li class=\"entry-title\"><a href=\"https:\/\/www.sciencespo.fr\/research\/cogito\/home\/lignes-de-faille-tremblements-de-terre-et-changement-historique\/\" target=\"_blank\" rel=\"noopener\">Lignes de faille : tremblements de terre et changement historique<\/a>,\u00a0par Giacomo Parrinello, Centre d&rsquo;histoire<\/li>\n<li class=\"entry-title\"><a href=\"https:\/\/www.sciencespo.fr\/research\/cogito\/home\/pesticides-et-sante-humaine-entre-toxicologie-et-epidemiologie\/\" target=\"_blank\" rel=\"noopener\">Pesticides et sant\u00e9 humaine : entre toxicologie et \u00e9pid\u00e9miologie<\/a>, par Jean-No\u00ebl Jouzel, CSO<\/li>\n<li><a href=\"https:\/\/www.sciencespo.fr\/research\/cogito\/home\/thinking-together-to-make-our-planet-great-again\/\" target=\"_blank\" rel=\"noopener\">Thinking together to make our planet GREAT again<\/a>, par Bernard Reber, CEVIPOF<\/li>\n<\/ul>\n<h3><span style=\"color: #333333;\"><u>In Folio : publications r\u00e9centes<\/u><\/span><u><\/u><\/h3>\n<ul>\n<li><a href=\"https:\/\/www.sciencespo.fr\/research\/cogito\/home\/quand-letude-des-comportements-individuels-oriente-la-decision-publique\/\">Quand l\u2019\u00e9tude des comportements individuels oriente la d\u00e9cision publique<\/a>,\u00a0 par un collectif de six chercheurs du CSO<\/li>\n<li><a href=\"https:\/\/www.sciencespo.fr\/research\/cogito\/home\/nos-deputes-et-leurope-un-enjeu-democratique\/\" target=\"_blank\" rel=\"noopener\">Nos d\u00e9put\u00e9s et l&rsquo;Europe : un enjeu d\u00e9mocratique<\/a>,\u00a0\u00a0Interview d&rsquo;Olivier Rozenberg, CEE<\/li>\n<li><a href=\"https:\/\/www.sciencespo.fr\/research\/cogito\/home\/quand-pierre-mauroy-resistait-avec-rigueur-au-neo-liberalisme-1981-1984\/\" target=\"_blank\" rel=\"noopener\">Quand Pierre Mauroy r\u00e9sistait avec rigueur au \u2018n\u00e9o-lib\u00e9ralisme\u2019 (1981-1984)<\/a>,\u00a0 par Mathieu Fulla, Centre d&rsquo;histoire<\/li>\n<li><a href=\"https:\/\/www.sciencespo.fr\/research\/cogito\/home\/yemen-terra-incognita\/\" target=\"_blank\" rel=\"noopener\">Y\u00e9men, terra incognita<\/a>,\u00a0Interview de Laurent Bonnefoy, CERI<\/li>\n<li><a href=\"https:\/\/www.sciencespo.fr\/research\/cogito\/home\/la-politique-des-symboles-le-gouvernement-francais-face-aux-attentats-terroristes-de-2015\/\" target=\"_blank\" rel=\"noopener\">La politique des symboles : le gouvernement fran\u00e7ais face aux attentats terroristes de 2015<\/a>, par Laurie Boussaguet et Florence Faucher, CEE &amp; LIEPP<\/li>\n<li><a href=\"https:\/\/www.sciencespo.fr\/research\/cogito\/home\/vous-feriez-mieux-de-partir\/\" target=\"_blank\" rel=\"noopener\">Vous feriez mieux de partir ! L\u2019expatriation des jeunes italiens<\/a>,\u00a0par Carlo Barone, Ettore Recchi &amp; al, OSC<\/li>\n<li><a href=\"https:\/\/www.sciencespo.fr\/research\/cogito\/home\/la-gravite-du-commerce\/\" target=\"_blank\" rel=\"noopener\">La gravit\u00e9 du commerce<\/a>, par Thomas Chaney, D\u00e9partement d&rsquo;\u00e9conomie<\/li>\n<li><a href=\"https:\/\/www.sciencespo.fr\/research\/cogito\/home\/ce-que-les-droits-civil-et-administratif-ont-en-commun\/\" target=\"_blank\" rel=\"noopener\">Ce que les droits civil et administratif ont en commun<\/a>,\u00a0Interview de Christophe Jamin et Fabrice Melleray, \u00c9cole de droit<\/li>\n<li><a href=\"https:\/\/www.sciencespo.fr\/research\/cogito\/home\/lectures-numeriques-de-la-bible\/\" target=\"_blank\" rel=\"noopener\">Lectures num\u00e9riques de la Bible<\/a>, par Jean-Philippe Cointet, m\u00e9dialab &amp; alii<\/li>\n<\/ul>\n<h3><span style=\"color: #333333;\"><u>Coups d&rsquo;envoi : nouveaux contrats<\/u><\/span><\/h3>\n<ul>\n<li><a href=\"https:\/\/www.sciencespo.fr\/research\/cogito\/home\/des-regulations-du-travail-sous-tensions\/\" target=\"_blank\" rel=\"noopener\">Des r\u00e9gulations du travail sous tensions. Quelles conflictualit\u00e9s dans les relations professionnelles en France ?<\/a>, par J\u00e9r\u00f4me P\u00e9lisse, CSO<\/li>\n<li><a href=\"https:\/\/www.sciencespo.fr\/research\/cogito\/home\/la-democratie-regionale-dans-les-representations-citoyennes\/\" target=\"_blank\" rel=\"noopener\">L\u2019action publique r\u00e9gionale : l&rsquo;impact du red\u00e9coupage<\/a>, par Sylvain Brouard, CEVIPOF<\/li>\n<\/ul>\n<h3><span style=\"color: #333333;\"><u>\u00c9toiles montantes : jeunes docteurs<\/u><\/span><\/h3>\n<ul>\n<li><a href=\"https:\/\/www.sciencespo.fr\/research\/cogito\/home\/michel-rocard-de-lattraction-a-la-critique-des-medias\/\" target=\"_blank\" rel=\"noopener\">Michel Rocard : de l\u2019attraction \u00e0 la critique des m\u00e9dias<\/a>, par Pierre-Emmanuel Guigo, Centre d&rsquo;histoire<\/li>\n<li><a href=\"https:\/\/www.sciencespo.fr\/research\/cogito\/home\/armer-la-france-independance-nationale-ou-cooperation-internationale\/\" target=\"_blank\" rel=\"noopener\">Armer la France : ind\u00e9pendance nationale ou coop\u00e9ration internationale ?<\/a> par Samuel B.H. Faure, CERI<\/li>\n<\/ul>\n<h3><u><span style=\"color: #333333;\">Data<\/span><br \/>\n<\/u><\/h3>\n<ul>\n<li><a href=\"https:\/\/www.sciencespo.fr\/research\/cogito\/home\/histoire-du-commerce-international-les-apports-du-numerique\/\" target=\"_blank\" rel=\"noopener\">Histoire du commerce international : les apports du num\u00e9rique<\/a>, Interview de B\u00e9atrice D\u00e9dinger, Centre d&rsquo;histoire et Paul Girard, m\u00e9dialab<\/li>\n<\/ul>\n","protected":false},"excerpt":{"rendered":"<p>On ne peut attendre demain pour r\u00e9duire les coups\u00a0que nous portons \u00e0 l&rsquo;environnement.\u00a0Leurs effets s&rsquo;aggravent\u00a0jour apr\u00e8s jour\u00a0et depuis trop longtemps. C&rsquo;est sur cet enjeu vital<span class=\"excerpt-hellip\"> [\u2026]<\/span><\/p>\n","protected":false},"author":3,"featured_media":4914,"comment_status":"closed","ping_status":"closed","sticky":false,"template":"","format":"image","meta":{"footnotes":""},"categories":[173],"tags":[],"_links":{"self":[{"href":"https:\/\/www.sciencespo.fr\/research\/cogito\/home\/wp-json\/wp\/v2\/posts\/4908"}],"collection":[{"href":"https:\/\/www.sciencespo.fr\/research\/cogito\/home\/wp-json\/wp\/v2\/posts"}],"about":[{"href":"https:\/\/www.sciencespo.fr\/research\/cogito\/home\/wp-json\/wp\/v2\/types\/post"}],"author":[{"embeddable":true,"href":"https:\/\/www.sciencespo.fr\/research\/cogito\/home\/wp-json\/wp\/v2\/users\/3"}],"replies":[{"embeddable":true,"href":"https:\/\/www.sciencespo.fr\/research\/cogito\/home\/wp-json\/wp\/v2\/comments?post=4908"}],"version-history":[{"count":39,"href":"https:\/\/www.sciencespo.fr\/research\/cogito\/home\/wp-json\/wp\/v2\/posts\/4908\/revisions"}],"predecessor-version":[{"id":5561,"href":"https:\/\/www.sciencespo.fr\/research\/cogito\/home\/wp-json\/wp\/v2\/posts\/4908\/revisions\/5561"}],"wp:featuredmedia":[{"embeddable":true,"href":"https:\/\/www.sciencespo.fr\/research\/cogito\/home\/wp-json\/wp\/v2\/media\/4914"}],"wp:attachment":[{"href":"https:\/\/www.sciencespo.fr\/research\/cogito\/home\/wp-json\/wp\/v2\/media?parent=4908"}],"wp:term":[{"taxonomy":"category","embeddable":true,"href":"https:\/\/www.sciencespo.fr\/research\/cogito\/home\/wp-json\/wp\/v2\/categories?post=4908"},{"taxonomy":"post_tag","embeddable":true,"href":"https:\/\/www.sciencespo.fr\/research\/cogito\/home\/wp-json\/wp\/v2\/tags?post=4908"}],"curies":[{"name":"wp","href":"https:\/\/api.w.org\/{rel}","templated":true}]}}