{"id":4060,"date":"2018-04-16T11:08:23","date_gmt":"2018-04-16T09:08:23","guid":{"rendered":"https:\/\/www.sciencespo.fr\/research\/cogito\/home\/?p=4060"},"modified":"2018-04-17T11:25:39","modified_gmt":"2018-04-17T09:25:39","slug":"the-young-christian-workers-movement-at-the-forefront-of-social-activism","status":"publish","type":"post","link":"https:\/\/www.sciencespo.fr\/research\/cogito\/home\/the-young-christian-workers-movement-at-the-forefront-of-social-activism\/?lang=en","title":{"rendered":"The \u201cYoung Christian Workers Movement\u201d, at the forefront of social activism"},"content":{"rendered":"<p>As part of a research project funded by the European Union, Guido Panvini, a postdoc at Sciences Po\u2019s Center for History, is seeking to examine how the Young Christian Workers Movement influenced European political life in the 1960s and 70s.<\/p>\n<p><img decoding=\"async\" loading=\"lazy\" class=\"alignleft wp-image-4056 size-medium\" title=\"Tract pour la Jeunesse ouvri\u00e8re chr\u00e9tienne, 1961. Collection particuli\u00e8re.\" src=\"https:\/\/www.sciencespo.fr\/research\/cogito\/wp-content\/uploads\/2018\/04\/tract_joc-300x194.jpg\" alt=\"Tract pour la Jeunesse ouvri\u00e8re chr\u00e9tienne, 1961. Collection particuli\u00e8re.\" width=\"300\" height=\"194\" srcset=\"https:\/\/www.sciencespo.fr\/research\/cogito\/wp-content\/uploads\/2018\/04\/tract_joc-300x194.jpg 300w, https:\/\/www.sciencespo.fr\/research\/cogito\/wp-content\/uploads\/2018\/04\/tract_joc-226x146.jpg 226w, https:\/\/www.sciencespo.fr\/research\/cogito\/wp-content\/uploads\/2018\/04\/tract_joc-50x32.jpg 50w, https:\/\/www.sciencespo.fr\/research\/cogito\/wp-content\/uploads\/2018\/04\/tract_joc-116x75.jpg 116w, https:\/\/www.sciencespo.fr\/research\/cogito\/wp-content\/uploads\/2018\/04\/tract_joc.jpg 600w\" sizes=\"(max-width: 300px) 100vw, 300px\" \/>In this study he will assess the role of Catholic associations in social conflicts, and the function of religion in Europe at the time as a source of democratic strengthening. With a his focus on Italy, France and Spain, he is approaching these issues from a transnational perspective that has been underutilized to date, but that provides many insights in this case.<\/p>\n<h4>Mediterranean Europe as a laboratory<\/h4>\n<p>During this period, the industrialization process that unfolded in different ways across the three countries, mass consumption and internal migrations (and external immigration in the French case) linked to economic development, created unprecedented challenges. The result was extreme social conflicts that were particularly fraught in factories and that had immediate political repercussions.<br \/>\nThe result was extreme social conflicts that were particularly fraught in factories and that had immediate political repercussions.<br \/>\nIn Spain, worker protests weakened Franco\u2019s regime. In Italy, these struggles tested the reform projects of center-left governments. In France, renewed social tensions marked the birth of the 5th Republic, which was already strained by the Algerian tragedy. In these three countries, where the majority of citizens were Catholic at the time, religious tensions unleashed by the Second Vatican Council compounded the discontent. At the same time they expressed demands, mainly represented by Christian worker associations, for a radical overturning of the political and social structure.<br \/>\nThese three different but interlaced stories confirm Mediterranean Europe\u2019s role as a political laboratory for the conflicts and transformations that characterized the Western world in the 1960s and 70s.<\/p>\n<h4>France\u2019s central role<\/h4>\n<p>While a concurrent study of the French, Italian and Spanish stories provide critical insight, <img decoding=\"async\" loading=\"lazy\" class=\"alignright wp-image-4038\" title=\"Logo Jeunesse Ouvri\u00e8re Chr\u00e9tienne By Joc2France (Own work) [CC0], via Wikimedia Commons\" src=\"https:\/\/www.sciencespo.fr\/research\/cogito\/wp-content\/uploads\/2018\/04\/Logo-joc-variante-rvb-rouge-193x300.png\" alt=\"Logo Jeunesse Ouvri\u00e8re Chr\u00e9tienne By Joc2France (Own work) [CC0], via Wikimedia Commons\" width=\"130\" height=\"202\" srcset=\"https:\/\/www.sciencespo.fr\/research\/cogito\/wp-content\/uploads\/2018\/04\/Logo-joc-variante-rvb-rouge-193x300.png 193w, https:\/\/www.sciencespo.fr\/research\/cogito\/wp-content\/uploads\/2018\/04\/Logo-joc-variante-rvb-rouge-94x146.png 94w, https:\/\/www.sciencespo.fr\/research\/cogito\/wp-content\/uploads\/2018\/04\/Logo-joc-variante-rvb-rouge-32x50.png 32w, https:\/\/www.sciencespo.fr\/research\/cogito\/wp-content\/uploads\/2018\/04\/Logo-joc-variante-rvb-rouge-48x75.png 48w, https:\/\/www.sciencespo.fr\/research\/cogito\/wp-content\/uploads\/2018\/04\/Logo-joc-variante-rvb-rouge.png 384w\" sizes=\"(max-width: 130px) 100vw, 130px\" \/>the analysis of France\u2019s position as a bridge between central and northern Europe and southern Europe is of particular interest. It helps explain the similarities and differences between other European nations, such as Belgium, the Netherlands and West Germany, where the Catholic and Protestant worlds faced each other.<br \/>\nFrom this perspective, the \u201cYoung Christian Workers Movement\u201d is a case study of great interest both for its transnational dimension and for its role as a European-level crucible of radicalized youth.<\/p>\n<h4>1978: a decisive year<\/h4>\n<p>In France, the Union of the Left\u2019s defeat during the legislative elections marked the beginning of a period of ideological revision. In Spain, the enactment of a new Constitution confirmed the emergence of a transition towards a more democratic regime. <img decoding=\"async\" loading=\"lazy\" class=\"alignleft wp-image-4042\" title=\"D\u00e9couverte du corps d'Aldo Moro, Wikipedia Commons\" src=\"https:\/\/www.sciencespo.fr\/research\/cogito\/wp-content\/uploads\/2018\/04\/Aldo_moro_rit-300x199.jpg\" alt=\"D\u00e9couverte du corps d'Aldo Moro, Wikipedia Commons\" width=\"280\" height=\"185\" srcset=\"https:\/\/www.sciencespo.fr\/research\/cogito\/wp-content\/uploads\/2018\/04\/Aldo_moro_rit-300x199.jpg 300w, https:\/\/www.sciencespo.fr\/research\/cogito\/wp-content\/uploads\/2018\/04\/Aldo_moro_rit-221x146.jpg 221w, https:\/\/www.sciencespo.fr\/research\/cogito\/wp-content\/uploads\/2018\/04\/Aldo_moro_rit-50x33.jpg 50w, https:\/\/www.sciencespo.fr\/research\/cogito\/wp-content\/uploads\/2018\/04\/Aldo_moro_rit-113x75.jpg 113w, https:\/\/www.sciencespo.fr\/research\/cogito\/wp-content\/uploads\/2018\/04\/Aldo_moro_rit.jpg 500w\" sizes=\"(max-width: 280px) 100vw, 280px\" \/>In Italy, the Red Brigade\u2019s assassination of Aldo Moro interrupted a long period of social struggles, while cooperation between the Christian Democrats and the Communist Party fell apart. Moreover, although the working class\u2019s struggles persisted in the three countries, they were overtaken by social transformations: the advancement of the middle classes and the contraction of the working class caused by the automation of industrial production.<\/p>\n<h4>The role of the Second Vatican Council<\/h4>\n<p>The Catholic Church had encouraged the formation of Christian worker groups in the past. The idea was to curb de-Christianization and the influence of Marxism among workers. The Church was also suspicious of these movements\u2019 autonomy and radicalism. The most thwarted (and ultimately foiled) attempt at missionary work within the working class was pursued by working-class priests, particularly in France and Belgium, where priests had experimented with a different model of apostolate among workers, sharing their difficulties and struggles. \u00a0\u00a0\u00a0\u00a0\u00a0\u00a0<img decoding=\"async\" loading=\"lazy\" class=\"alignright wp-image-4053\" title=\"Second Vatican Council by Lothar Wolleh Lothar Wolleh - CC BY-SA 3.0 via Wikimedia Commons\" src=\"https:\/\/www.sciencespo.fr\/research\/cogito\/wp-content\/uploads\/2018\/04\/600px-Second_Vatican_Council_by_Lothar_Wolleh_006-300x300.jpg\" alt=\"Second Vatican Council by Lothar Wolleh Lothar Wolleh - CC BY-SA 3.0 via Wikimedia Commons\" width=\"250\" height=\"250\" srcset=\"https:\/\/www.sciencespo.fr\/research\/cogito\/wp-content\/uploads\/2018\/04\/600px-Second_Vatican_Council_by_Lothar_Wolleh_006-300x300.jpg 300w, https:\/\/www.sciencespo.fr\/research\/cogito\/wp-content\/uploads\/2018\/04\/600px-Second_Vatican_Council_by_Lothar_Wolleh_006-150x150.jpg 150w, https:\/\/www.sciencespo.fr\/research\/cogito\/wp-content\/uploads\/2018\/04\/600px-Second_Vatican_Council_by_Lothar_Wolleh_006-146x146.jpg 146w, https:\/\/www.sciencespo.fr\/research\/cogito\/wp-content\/uploads\/2018\/04\/600px-Second_Vatican_Council_by_Lothar_Wolleh_006-50x50.jpg 50w, https:\/\/www.sciencespo.fr\/research\/cogito\/wp-content\/uploads\/2018\/04\/600px-Second_Vatican_Council_by_Lothar_Wolleh_006-75x75.jpg 75w, https:\/\/www.sciencespo.fr\/research\/cogito\/wp-content\/uploads\/2018\/04\/600px-Second_Vatican_Council_by_Lothar_Wolleh_006-85x85.jpg 85w, https:\/\/www.sciencespo.fr\/research\/cogito\/wp-content\/uploads\/2018\/04\/600px-Second_Vatican_Council_by_Lothar_Wolleh_006-80x80.jpg 80w, https:\/\/www.sciencespo.fr\/research\/cogito\/wp-content\/uploads\/2018\/04\/600px-Second_Vatican_Council_by_Lothar_Wolleh_006.jpg 600w\" sizes=\"(max-width: 250px) 100vw, 250px\" \/><br \/>\nThis experience was reconsidered during the Second Vatican Council, which also showed that theological issues were increasingly running up against political and social demands.<\/p>\n<h4>A new compromise between Church and capitalism<\/h4>\n<p>Thus, the need for international coordination of these social struggle experiences was born. Indeed, greater social justice could only be achieved though new forms of political participation that went beyond national boundaries. <img decoding=\"async\" loading=\"lazy\" class=\"alignleft wp-image-4047 size-medium\" title=\"LIFE December 17, 1965 Cr\u00e9dits : manhhai CC BY 2.0 via Flickr\" src=\"https:\/\/www.sciencespo.fr\/research\/cogito\/wp-content\/uploads\/2018\/04\/8606654626_68f60e9b3d_z-222x300.jpg\" alt=\"LIFE December 17, 1965 Cr\u00e9dits : manhhai CC BY 2.0 via Flickr\" width=\"222\" height=\"300\" srcset=\"https:\/\/www.sciencespo.fr\/research\/cogito\/wp-content\/uploads\/2018\/04\/8606654626_68f60e9b3d_z-222x300.jpg 222w, https:\/\/www.sciencespo.fr\/research\/cogito\/wp-content\/uploads\/2018\/04\/8606654626_68f60e9b3d_z-108x146.jpg 108w, https:\/\/www.sciencespo.fr\/research\/cogito\/wp-content\/uploads\/2018\/04\/8606654626_68f60e9b3d_z-37x50.jpg 37w, https:\/\/www.sciencespo.fr\/research\/cogito\/wp-content\/uploads\/2018\/04\/8606654626_68f60e9b3d_z-55x75.jpg 55w, https:\/\/www.sciencespo.fr\/research\/cogito\/wp-content\/uploads\/2018\/04\/8606654626_68f60e9b3d_z.jpg 473w\" sizes=\"(max-width: 222px) 100vw, 222px\" \/>The very structure of the Catholic Church stimulated this process, encouraging communication, information exchange and coordination among different local movements.<br \/>\nDuring these years of intense collective mobilization, many Christians believed that the time had come to rethink what they saw as a long history of compromise between the Church and capitalism. From this perspective the 1968 protests were a crucial element that accelerated the crisis of post-Second Vatican Catholicism and the transformation of religious sensibility, which was now imbued with political dimensions.<\/p>\n<h4>A renewed religious identity<\/h4>\n<h4><\/h4>\n<p>Guido Panvini\u2019s research thus aims to contribute to the study of secularizing and de-secularizing processes that have affected Europe over the past thirty years. The idea is to revisit the traditional narrative according to which de-secularization started in the 1970s, was inexorable and would inevitably lead to the disappearance of religions. It is a strange stance considering that the Second Vatican Council made the link between faith and contemporary society a key issue.<br \/>\nFinally, the goal is to understand whether the radicalization of social conflict pursued by Christian worker movements might have actually been the expression of a renewed religious identity.<\/p>\n<p>&#8212;-<\/p>\n<p>*This project was funded through a European \u201cMarie Sk\u0142odowska-Curie Individual Fellowship\u201d. It is being conducted under the supervision of Gerd-Rainer Horn, professor of political history and researcher at Sciences Po\u2019s Center for History.<\/p>\n<p>&nbsp;<\/p>\n","protected":false},"excerpt":{"rendered":"<p>As part of a research project funded by the European Union, Guido Panvini, a postdoc at Sciences Po\u2019s Center for History, is seeking to examine<span class=\"excerpt-hellip\"> [\u2026]<\/span><\/p>\n","protected":false},"author":3,"featured_media":4057,"comment_status":"closed","ping_status":"closed","sticky":false,"template":"","format":"standard","meta":{"footnotes":""},"categories":[32,159],"tags":[222,81],"_links":{"self":[{"href":"https:\/\/www.sciencespo.fr\/research\/cogito\/home\/wp-json\/wp\/v2\/posts\/4060\/?lang=en"}],"collection":[{"href":"https:\/\/www.sciencespo.fr\/research\/cogito\/home\/wp-json\/wp\/v2\/posts\/?lang=en"}],"about":[{"href":"https:\/\/www.sciencespo.fr\/research\/cogito\/home\/wp-json\/wp\/v2\/types\/post\/?lang=en"}],"author":[{"embeddable":true,"href":"https:\/\/www.sciencespo.fr\/research\/cogito\/home\/wp-json\/wp\/v2\/users\/3\/?lang=en"}],"replies":[{"embeddable":true,"href":"https:\/\/www.sciencespo.fr\/research\/cogito\/home\/wp-json\/wp\/v2\/comments\/?lang=en&post=4060"}],"version-history":[{"count":3,"href":"https:\/\/www.sciencespo.fr\/research\/cogito\/home\/wp-json\/wp\/v2\/posts\/4060\/revisions\/?lang=en"}],"predecessor-version":[{"id":4532,"href":"https:\/\/www.sciencespo.fr\/research\/cogito\/home\/wp-json\/wp\/v2\/posts\/4060\/revisions\/4532\/?lang=en"}],"wp:featuredmedia":[{"embeddable":true,"href":"https:\/\/www.sciencespo.fr\/research\/cogito\/home\/wp-json\/wp\/v2\/media\/4057\/?lang=en"}],"wp:attachment":[{"href":"https:\/\/www.sciencespo.fr\/research\/cogito\/home\/wp-json\/wp\/v2\/media\/?lang=en&parent=4060"}],"wp:term":[{"taxonomy":"category","embeddable":true,"href":"https:\/\/www.sciencespo.fr\/research\/cogito\/home\/wp-json\/wp\/v2\/categories\/?lang=en&post=4060"},{"taxonomy":"post_tag","embeddable":true,"href":"https:\/\/www.sciencespo.fr\/research\/cogito\/home\/wp-json\/wp\/v2\/tags\/?lang=en&post=4060"}],"curies":[{"name":"wp","href":"https:\/\/api.w.org\/{rel}","templated":true}]}}