{"id":3426,"date":"2017-10-08T16:09:24","date_gmt":"2017-10-08T14:09:24","guid":{"rendered":"http:\/\/www.sciencespo.fr\/research\/cogito\/home\/?p=3426"},"modified":"2019-07-07T15:28:14","modified_gmt":"2019-07-07T13:28:14","slug":"obama-face-aux-crises","status":"publish","type":"post","link":"https:\/\/www.sciencespo.fr\/research\/cogito\/home\/obama-face-aux-crises\/","title":{"rendered":"Obama face aux crises"},"content":{"rendered":"<p>\u00c0 l\u2019heure o\u00f9 les \u00c9tats-Unis connaissent avec la pr\u00e9sidence de Donald Trump un des moments les plus pol\u00e9miques de leur vie politique, l\u2019examen approfondi des deux mandats de Barack Obama, fait plus qu\u2019\u00e9clairer le pass\u00e9 : il donne des cl\u00e9s pour comprendre le pr\u00e9sent.<\/p>\n<p><strong>Une histoire unique<\/strong><\/p>\n<div id=\"attachment_3429\" style=\"width: 160px\" class=\"wp-caption alignright\"><a href=\"http:\/\/www.feltrinellieditore.it\/opera\/opera\/era-obama\/\" rel=\"Era Obama di Mario Del Pero, Feltrinelli, 2017\"><img aria-describedby=\"caption-attachment-3429\" decoding=\"async\" loading=\"lazy\" class=\"Era Obama di Mario Del Pero, Feltrinelli, 2017 wp-image-3429\" title=\"Era Obama di Mario Del Pero, Feltrinelli, 2017\" src=\"http:\/\/www.sciencespo.fr\/research\/cogito\/wp-content\/uploads\/2017\/10\/9788807173196_quarta.jpg.600x800_q100_upscale-191x300.jpg\" alt=\"Era Obama di Mario Del Pero, Feltrinelli, 2017\" width=\"150\" height=\"235\" srcset=\"https:\/\/www.sciencespo.fr\/research\/cogito\/wp-content\/uploads\/2017\/10\/9788807173196_quarta.jpg.600x800_q100_upscale-191x300.jpg 191w, https:\/\/www.sciencespo.fr\/research\/cogito\/wp-content\/uploads\/2017\/10\/9788807173196_quarta.jpg.600x800_q100_upscale-93x146.jpg 93w, https:\/\/www.sciencespo.fr\/research\/cogito\/wp-content\/uploads\/2017\/10\/9788807173196_quarta.jpg.600x800_q100_upscale-32x50.jpg 32w, https:\/\/www.sciencespo.fr\/research\/cogito\/wp-content\/uploads\/2017\/10\/9788807173196_quarta.jpg.600x800_q100_upscale-48x75.jpg 48w, https:\/\/www.sciencespo.fr\/research\/cogito\/wp-content\/uploads\/2017\/10\/9788807173196_quarta.jpg.600x800_q100_upscale.jpg 510w\" sizes=\"(max-width: 150px) 100vw, 150px\" \/><\/a><p id=\"caption-attachment-3429\" class=\"wp-caption-text\">Era Obama, Mario Del Pero, Feltrinelli, 2017<\/p><\/div>\n<p>C\u2019est \u00e0 retracer cette histoire que s\u2019est employ\u00e9 <a href=\"http:\/\/chsp.sciences-po.fr\/chercheur-permanent\/del-pero\" target=\"_blank\" rel=\"noopener noreferrer\">Mario Del Pero<\/a>, professeur et chercheur en histoire \u00e0 Sciences Po, et qu\u2019il expose dans son ouvrage \u201c<a href=\"http:\/\/www.feltrinellieditore.it\/opera\/opera\/era-obama\/\" target=\"_blank\" rel=\"noopener noreferrer\">Era Obama: Dalla speranza del cambiamento all&rsquo;elezione di Trump<\/a>\u201d (L\u2019\u00e8re Obama : de l\u2019esp\u00e9rance du changement \u00e0 l\u2019\u00e9lection de Trump, 2017).<br \/>\nAnalysant les \u00a0politiques conduites par le 44\u00e8me Pr\u00e9sident des \u00c9tats-Unis, Mario Del Pero d\u00e9crypte les r\u00e9ponses que Barack Obama a voulu apporter \u00e0 la crise \u00e9conomique de 2007-2008 ; les r\u00e9formes les plus importantes qu\u2019il a engag\u00e9es &#8211; notamment l\u2019\u201c<i>Obamacare\u201d<\/i> &#8211; et sa tentative d\u2019infl\u00e9chir l\u2019action internationale des \u00c9tats-Unis.<br \/>\nEn examinant et illustrant les succ\u00e8s et les \u00e9checs des pr\u00e9sidences de Barack Obama, l\u2019ouvrage de Mario Del Pero souligne les difficult\u00e9s que le Pr\u00e9sident a d\u00fb affronter, dans un contexte de polarisation devenue tr\u00e8s aigu\u00eb ces vingt derni\u00e8res ann\u00e9es tant entre partis qu\u2019entre \u00e9lecteurs. Cette polarisation de m\u00eame que la radicalisation du parti r\u00e9publicain &#8211; pris en otage par ses factions les plus extr\u00eames &#8211; ont \u00e9t\u00e9 un obstacle consid\u00e9rable auquel s\u2019est confront\u00e9 Obama. La paralysie l\u00e9gislative qui a suivi les \u00e9lections de mi-mandat de 2010 et la reconqu\u00eate r\u00e9publicaine de la Chambre des repr\u00e9sentants en 2014 en sont de parfaits exemples.<\/p>\n<p><b>Le temps des crises<\/b><\/p>\n<div id=\"attachment_3431\" style=\"width: 310px\" class=\"wp-caption alignleft\"><img aria-describedby=\"caption-attachment-3431\" decoding=\"async\" loading=\"lazy\" class=\"AUSTIN -- APRIL 10: President Barack Obama, 44th President of the United States, speaks to the audience at the Civil Rights Summit at the LBJ Presidential Library. (Photo by David Hume Kennerly). Domaine public wp-image-3431 size-medium\" title=\"AUSTIN -- APRIL 10: President Barack Obama, 44th President of the United States, speaks to the audience at the Civil Rights Summit at the LBJ Presidential Library. (Photo by David Hume Kennerly). Domaine public\" src=\"http:\/\/www.sciencespo.fr\/research\/cogito\/wp-content\/uploads\/2017\/10\/13764825445_54dcb2ff8a_z-300x200.jpg\" alt=\"AUSTIN -- APRIL 10: President Barack Obama, 44th President of the United States, speaks to the audience at the Civil Rights Summit at the LBJ Presidential Library. (Photo by David Hume Kennerly). Domaine public\" width=\"300\" height=\"200\" srcset=\"https:\/\/www.sciencespo.fr\/research\/cogito\/wp-content\/uploads\/2017\/10\/13764825445_54dcb2ff8a_z-300x200.jpg 300w, https:\/\/www.sciencespo.fr\/research\/cogito\/wp-content\/uploads\/2017\/10\/13764825445_54dcb2ff8a_z-219x146.jpg 219w, https:\/\/www.sciencespo.fr\/research\/cogito\/wp-content\/uploads\/2017\/10\/13764825445_54dcb2ff8a_z-50x33.jpg 50w, https:\/\/www.sciencespo.fr\/research\/cogito\/wp-content\/uploads\/2017\/10\/13764825445_54dcb2ff8a_z-112x75.jpg 112w, https:\/\/www.sciencespo.fr\/research\/cogito\/wp-content\/uploads\/2017\/10\/13764825445_54dcb2ff8a_z.jpg 640w\" sizes=\"(max-width: 300px) 100vw, 300px\" \/><p id=\"caption-attachment-3431\" class=\"wp-caption-text\">Austin, April 10: Barack Obama speaks at the Civil Rights Summit at the LBJ Presidential Library. Photo by David Hume Kennerly. Domaine public<\/p><\/div>\n<p>Au fil d\u2019<i>Era Obama<\/i>, Mario Del Pero examine les crises successives qui contribu\u00e8rent \u00e0 la victoire d\u2019Obama en 2008 et auxquelles le premier pr\u00e9sident noir dut r\u00e9pondre.<br \/>\nCe fut d\u2019abord la \u00a0crise \u00e9conomique, qui s&rsquo;ouvre en 2007, et qui, d\u00e8s 2009, conduit \u00e0 une baisse du PIB de pr\u00e8s de 3% et \u00e0 un ch\u00f4mage d\u00e9passant 10%.<br \/>\nLa deuxi\u00e8me crise fut celle de \u00a0la politique \u00e9trang\u00e8re et la remise en cause de l\u2019h\u00e9g\u00e9monie des \u00c9tats-Unis, une crise caract\u00e9ris\u00e9e par des fragilit\u00e9s et contradictions structurelles exacerb\u00e9es par les erreurs commises par Washington apr\u00e8s les attaques terroristes du 11 septembre 2001.<br \/>\nEnfin, la troisi\u00e8me et derni\u00e8re crise fut celle de la perte de l\u00e9gitimit\u00e9 d\u2019un syst\u00e8me politique dysfonctionnel et polaris\u00e9, caract\u00e9ris\u00e9 par un d\u00e9passement de mobilit\u00e9 entre les \u00e9lectorats des deux partis et la quasi absence de collaboration bipartisan au Congr\u00e8s.<\/p>\n<p><strong>De multiples r\u00e9ponses<br \/>\n<\/strong><\/p>\n<p>Le livre aborde les diff\u00e9rentes r\u00e9ponses de l\u2019administration Obama \u00e0 cette triple crise. Celle-ci fut domin\u00e9e :<\/p>\n<ul>\n<li>\n<div id=\"attachment_3433\" style=\"width: 310px\" class=\"wp-caption alignright\"><img aria-describedby=\"caption-attachment-3433\" decoding=\"async\" loading=\"lazy\" class=\"Ford stamping plant Geelong by Marcus Wong Wongm CC BY-SA 3.0 wp-image-3433 size-medium\" title=\"Ford stamping plant Geelong by Marcus Wong Wongm CC BY-SA 3.0\" src=\"http:\/\/www.sciencespo.fr\/research\/cogito\/wp-content\/uploads\/2017\/10\/Ford_stamping_plant_Geelong-300x195.jpg\" alt=\"Ford stamping plant Geelong by Marcus Wong Wongm CC BY-SA 3.0\" width=\"300\" height=\"195\" srcset=\"https:\/\/www.sciencespo.fr\/research\/cogito\/wp-content\/uploads\/2017\/10\/Ford_stamping_plant_Geelong-300x195.jpg 300w, https:\/\/www.sciencespo.fr\/research\/cogito\/wp-content\/uploads\/2017\/10\/Ford_stamping_plant_Geelong-225x146.jpg 225w, https:\/\/www.sciencespo.fr\/research\/cogito\/wp-content\/uploads\/2017\/10\/Ford_stamping_plant_Geelong-50x32.jpg 50w, https:\/\/www.sciencespo.fr\/research\/cogito\/wp-content\/uploads\/2017\/10\/Ford_stamping_plant_Geelong-116x75.jpg 116w, https:\/\/www.sciencespo.fr\/research\/cogito\/wp-content\/uploads\/2017\/10\/Ford_stamping_plant_Geelong.jpg 512w\" sizes=\"(max-width: 300px) 100vw, 300px\" \/><p id=\"caption-attachment-3433\" class=\"wp-caption-text\">Ford stamping plant Geelong by Marcus Wong Wongm CC BY-SA 3.0<\/p><\/div>\n<p><span style=\"color: #333333;\">par une politique ambitieuse de soutien public \u00e0 la croissance, telles que les mesures incitatives mises en place \u00e0 partir de f\u00e9vrier 2009 et au sauvetage de l\u2019industrie automobile,<\/span><\/li>\n<li><span style=\"color: #333333;\">par de nombreuses r\u00e9formes sociales,<\/span><\/li>\n<li><span style=\"color: #333333;\">par un discours sur la n\u00e9cessit\u00e9 de convergences \u00ab bipartisanes \u00bb, notamment \u00e0 propos de l\u2019immigration ou du contr\u00f4le des armes \u00e0 feu,<\/span><\/li>\n<li><span style=\"color: #333333;\">et enfin, par une approche et un discours de politique \u00e9trang\u00e8re prudents et r\u00e9alistes, illustr\u00e9s par la volont\u00e9 de ne pas utiliser la puissance militaire de fa\u00e7on traditionnelle et la critique &#8211; apr\u00e8s coup &#8211; de la d\u00e9cision de suivre la France et la Grand Bretagne dans l\u2019op\u00e9ration conduisant \u00e0 la chute du r\u00e9gime de Mouammar Kadhafi en Libye.<\/span><\/li>\n<\/ul>\n<div id=\"attachment_3427\" style=\"width: 260px\" class=\"wp-caption alignleft\"><img aria-describedby=\"caption-attachment-3427\" decoding=\"async\" loading=\"lazy\" class=\"Then-President Obama meets with President-elect Donald Trump in the Oval Office, November 10, 2016. Cr\u00e9dit: Pete Souza \/ White House Domaine public wp-image-3427\" title=\"Then-President Obama meets with President-elect Donald Trump in the Oval Office, November 10, 2016. Cr\u00e9dit: Pete Souza \/ White House Domaine public\" src=\"http:\/\/www.sciencespo.fr\/research\/cogito\/wp-content\/uploads\/2017\/10\/37106390055_07e6fd9ed5_z-300x200.jpg\" alt=\"Then-President Obama meets with President-elect Donald Trump in the Oval Office, November 10, 2016. Cr\u00e9dit: Pete Souza \/ White House Domaine public\" width=\"250\" height=\"166\" srcset=\"https:\/\/www.sciencespo.fr\/research\/cogito\/wp-content\/uploads\/2017\/10\/37106390055_07e6fd9ed5_z-300x200.jpg 300w, https:\/\/www.sciencespo.fr\/research\/cogito\/wp-content\/uploads\/2017\/10\/37106390055_07e6fd9ed5_z-219x146.jpg 219w, https:\/\/www.sciencespo.fr\/research\/cogito\/wp-content\/uploads\/2017\/10\/37106390055_07e6fd9ed5_z-50x33.jpg 50w, https:\/\/www.sciencespo.fr\/research\/cogito\/wp-content\/uploads\/2017\/10\/37106390055_07e6fd9ed5_z-113x75.jpg 113w, https:\/\/www.sciencespo.fr\/research\/cogito\/wp-content\/uploads\/2017\/10\/37106390055_07e6fd9ed5_z.jpg 640w\" sizes=\"(max-width: 250px) 100vw, 250px\" \/><p id=\"caption-attachment-3427\" class=\"wp-caption-text\">B.Obama meets with D.Trump, Nov 2016. by P.Souza.White House. Domaine public<\/p><\/div>\n<p><strong>Vers une post\u00e9rit\u00e9 ?<br \/>\n<\/strong><\/p>\n<p>\u00c9clair\u00e9 par cette \u00ab\u00a0autopsie\u00a0\u00bb de l\u2019\u00a0\u00bb\u00e8re Obama\u00a0\u00bb, Mario Del Pero cherche aussi \u00e0 r\u00e9pondre \u00e0 la question, encore plus n\u00e9cessaire apr\u00e8s l\u2019arriv\u00e9e au pouvoir de Donald Trump : l\u2019exp\u00e9rience Obama a t-elle simplement \u00e9t\u00e9\u00a0 une parenth\u00e8se ou au contraire, a-t-elle constitu\u00e9 une rupture, profonde et durable, temporairement interrompue par le vote de 2016.<\/p>\n<p>&nbsp;<\/p>\n<div class=\"idea_box\"><div class=\"icon\"><i class=\"icon-lamp\"><\/i><\/div><div class=\"desc\">Mario Del Pero\u00a0 <a href=\"http:\/\/www.feltrinellieditore.it\/opera\/opera\/era-obama\/\">Era Obama: Dalla speranza del cambiamento all&rsquo;elezione di Trump<\/a> &#8211; Feltrinelli Editore, 2017<\/div><\/div>\n\n","protected":false},"excerpt":{"rendered":"<p>\u00c0 l\u2019heure o\u00f9 les \u00c9tats-Unis connaissent avec la pr\u00e9sidence de Donald Trump un des moments les plus pol\u00e9miques de leur vie politique, l\u2019examen approfondi des<span class=\"excerpt-hellip\"> [\u2026]<\/span><\/p>\n","protected":false},"author":3,"featured_media":3431,"comment_status":"closed","ping_status":"open","sticky":false,"template":"","format":"standard","meta":{"footnotes":""},"categories":[320,18,146],"tags":[80,93,92,83],"_links":{"self":[{"href":"https:\/\/www.sciencespo.fr\/research\/cogito\/home\/wp-json\/wp\/v2\/posts\/3426"}],"collection":[{"href":"https:\/\/www.sciencespo.fr\/research\/cogito\/home\/wp-json\/wp\/v2\/posts"}],"about":[{"href":"https:\/\/www.sciencespo.fr\/research\/cogito\/home\/wp-json\/wp\/v2\/types\/post"}],"author":[{"embeddable":true,"href":"https:\/\/www.sciencespo.fr\/research\/cogito\/home\/wp-json\/wp\/v2\/users\/3"}],"replies":[{"embeddable":true,"href":"https:\/\/www.sciencespo.fr\/research\/cogito\/home\/wp-json\/wp\/v2\/comments?post=3426"}],"version-history":[{"count":13,"href":"https:\/\/www.sciencespo.fr\/research\/cogito\/home\/wp-json\/wp\/v2\/posts\/3426\/revisions"}],"predecessor-version":[{"id":3514,"href":"https:\/\/www.sciencespo.fr\/research\/cogito\/home\/wp-json\/wp\/v2\/posts\/3426\/revisions\/3514"}],"wp:featuredmedia":[{"embeddable":true,"href":"https:\/\/www.sciencespo.fr\/research\/cogito\/home\/wp-json\/wp\/v2\/media\/3431"}],"wp:attachment":[{"href":"https:\/\/www.sciencespo.fr\/research\/cogito\/home\/wp-json\/wp\/v2\/media?parent=3426"}],"wp:term":[{"taxonomy":"category","embeddable":true,"href":"https:\/\/www.sciencespo.fr\/research\/cogito\/home\/wp-json\/wp\/v2\/categories?post=3426"},{"taxonomy":"post_tag","embeddable":true,"href":"https:\/\/www.sciencespo.fr\/research\/cogito\/home\/wp-json\/wp\/v2\/tags?post=3426"}],"curies":[{"name":"wp","href":"https:\/\/api.w.org\/{rel}","templated":true}]}}