{"id":2340,"date":"2017-02-16T17:55:39","date_gmt":"2017-02-16T15:55:39","guid":{"rendered":"http:\/\/www.sciencespo.fr\/research\/cogito\/home\/?p=2340"},"modified":"2018-04-11T23:28:07","modified_gmt":"2018-04-11T21:28:07","slug":"la-tolerance-en-progres","status":"publish","type":"post","link":"https:\/\/www.sciencespo.fr\/research\/cogito\/home\/la-tolerance-en-progres\/","title":{"rendered":"La tol\u00e9rance en progr\u00e8s"},"content":{"rendered":"<p>Synth\u00e9tisant 69 questions relatives aux minorit\u00e9s, l\u2019indice de tol\u00e9rance pr\u00e9sent\u00e9 ici varie entre 0 (intol\u00e9rance maximale) et 100 (tol\u00e9rance maximale).<\/p>\n<p><img decoding=\"async\" loading=\"lazy\" class=\"aligncenter size-full wp-image-2372\" src=\"http:\/\/www.sciencespo.fr\/research\/cogito\/wp-content\/uploads\/2017\/02\/gra_v1_161207.jpg\" alt=\"\" width=\"2051\" height=\"1140\" srcset=\"https:\/\/www.sciencespo.fr\/research\/cogito\/wp-content\/uploads\/2017\/02\/gra_v1_161207.jpg 2051w, https:\/\/www.sciencespo.fr\/research\/cogito\/wp-content\/uploads\/2017\/02\/gra_v1_161207-300x167.jpg 300w, https:\/\/www.sciencespo.fr\/research\/cogito\/wp-content\/uploads\/2017\/02\/gra_v1_161207-768x427.jpg 768w, https:\/\/www.sciencespo.fr\/research\/cogito\/wp-content\/uploads\/2017\/02\/gra_v1_161207-1024x569.jpg 1024w, https:\/\/www.sciencespo.fr\/research\/cogito\/wp-content\/uploads\/2017\/02\/gra_v1_161207-260x146.jpg 260w, https:\/\/www.sciencespo.fr\/research\/cogito\/wp-content\/uploads\/2017\/02\/gra_v1_161207-50x28.jpg 50w, https:\/\/www.sciencespo.fr\/research\/cogito\/wp-content\/uploads\/2017\/02\/gra_v1_161207-135x75.jpg 135w\" sizes=\"(max-width: 2051px) 100vw, 2051px\" \/><\/p>\n<p>Apr\u00e8s avoir chut\u00e9 sous le quinquennat de Nicolas Sarkozy, il remonte en 2015-2016, malgr\u00e9 une s\u00e9rie d\u2019attentats qui pouvait faire craindre une crispation accrue envers les musulmans.<\/p>\n<p>Les r\u00e9pondants de gauche sont toujours plus tol\u00e9rants que ceux de droite, mais c\u2019est chez ces derniers que la remont\u00e9e est la plus forte, reflet d\u2019un rejet du sarkozysme et de recompositions au sein de la droite.<\/p>\n<p>R\u00e9f\u00e9rence\u00a0: Nonna Mayer, Guy Michelat, Vincent Tiberj, Tommaso Vitale &#8211;\u00a0 \u00ab\u00a0Le retour inattendu de la tol\u00e9rance\u00a0\u00bb et \u00ab\u00a0L\u2019impact des attentats de 2015 sur l\u2019opinion\u00a0\u00bb in <a href=\"http:\/\/www.cncdh.fr\/sites\/default\/files\/cncdh_rapport_lutte_contre_le_racisme_2015.pdf\">La lutte contre le racisme, l\u2019antis\u00e9mitisme et la x\u00e9nophobie.<\/a><em> 2015<\/em>, Commission nationale consultative des droits de l\u2019homme, Paris, La Documentation fran\u00e7aise, 2016, pp.285-291 et 357-365<\/p>\n","protected":false},"excerpt":{"rendered":"<p>Synth\u00e9tisant 69 questions relatives aux minorit\u00e9s, l\u2019indice de tol\u00e9rance pr\u00e9sent\u00e9 ici varie entre 0 (intol\u00e9rance maximale) et 100 (tol\u00e9rance maximale). Apr\u00e8s avoir chut\u00e9 sous le<span class=\"excerpt-hellip\"> [\u2026]<\/span><\/p>\n","protected":false},"author":3,"featured_media":4505,"comment_status":"closed","ping_status":"open","sticky":false,"template":"","format":"standard","meta":{"footnotes":""},"categories":[21,130],"tags":[68,83],"_links":{"self":[{"href":"https:\/\/www.sciencespo.fr\/research\/cogito\/home\/wp-json\/wp\/v2\/posts\/2340"}],"collection":[{"href":"https:\/\/www.sciencespo.fr\/research\/cogito\/home\/wp-json\/wp\/v2\/posts"}],"about":[{"href":"https:\/\/www.sciencespo.fr\/research\/cogito\/home\/wp-json\/wp\/v2\/types\/post"}],"author":[{"embeddable":true,"href":"https:\/\/www.sciencespo.fr\/research\/cogito\/home\/wp-json\/wp\/v2\/users\/3"}],"replies":[{"embeddable":true,"href":"https:\/\/www.sciencespo.fr\/research\/cogito\/home\/wp-json\/wp\/v2\/comments?post=2340"}],"version-history":[{"count":4,"href":"https:\/\/www.sciencespo.fr\/research\/cogito\/home\/wp-json\/wp\/v2\/posts\/2340\/revisions"}],"predecessor-version":[{"id":2373,"href":"https:\/\/www.sciencespo.fr\/research\/cogito\/home\/wp-json\/wp\/v2\/posts\/2340\/revisions\/2373"}],"wp:featuredmedia":[{"embeddable":true,"href":"https:\/\/www.sciencespo.fr\/research\/cogito\/home\/wp-json\/wp\/v2\/media\/4505"}],"wp:attachment":[{"href":"https:\/\/www.sciencespo.fr\/research\/cogito\/home\/wp-json\/wp\/v2\/media?parent=2340"}],"wp:term":[{"taxonomy":"category","embeddable":true,"href":"https:\/\/www.sciencespo.fr\/research\/cogito\/home\/wp-json\/wp\/v2\/categories?post=2340"},{"taxonomy":"post_tag","embeddable":true,"href":"https:\/\/www.sciencespo.fr\/research\/cogito\/home\/wp-json\/wp\/v2\/tags?post=2340"}],"curies":[{"name":"wp","href":"https:\/\/api.w.org\/{rel}","templated":true}]}}