{"id":14943,"date":"2024-07-17T12:35:31","date_gmt":"2024-07-17T10:35:31","guid":{"rendered":"https:\/\/www.sciencespo.fr\/research\/cogito\/home\/?p=14943"},"modified":"2024-09-17T16:01:50","modified_gmt":"2024-09-17T14:01:50","slug":"grandir-a-lecole-primaire-catholique","status":"publish","type":"post","link":"https:\/\/www.sciencespo.fr\/research\/cogito\/home\/grandir-a-lecole-primaire-catholique\/","title":{"rendered":"Grandir \u00e0 l\u2019\u00e9cole primaire catholique"},"content":{"rendered":"<h2>Socialisation et reproduction sociale dans les familles des classes sup\u00e9rieures<\/h2>\n<p><a href=\"https:\/\/www.puf.com\/lecole-primaire-catholique\"><img decoding=\"async\" loading=\"lazy\" class=\"alignleft wp-image-14947\" src=\"https:\/\/www.sciencespo.fr\/research\/cogito\/wp-content\/uploads\/2024\/07\/Screenshot-2024-07-17-at-13-42-44-A-lecole-primaire-catholique-Recherche-Google.png\" alt=\"\" width=\"300\" height=\"456\" srcset=\"https:\/\/www.sciencespo.fr\/research\/cogito\/wp-content\/uploads\/2024\/07\/Screenshot-2024-07-17-at-13-42-44-A-lecole-primaire-catholique-Recherche-Google.png 400w, https:\/\/www.sciencespo.fr\/research\/cogito\/wp-content\/uploads\/2024\/07\/Screenshot-2024-07-17-at-13-42-44-A-lecole-primaire-catholique-Recherche-Google-197x300.png 197w, https:\/\/www.sciencespo.fr\/research\/cogito\/wp-content\/uploads\/2024\/07\/Screenshot-2024-07-17-at-13-42-44-A-lecole-primaire-catholique-Recherche-Google-96x146.png 96w, https:\/\/www.sciencespo.fr\/research\/cogito\/wp-content\/uploads\/2024\/07\/Screenshot-2024-07-17-at-13-42-44-A-lecole-primaire-catholique-Recherche-Google-33x50.png 33w, https:\/\/www.sciencespo.fr\/research\/cogito\/wp-content\/uploads\/2024\/07\/Screenshot-2024-07-17-at-13-42-44-A-lecole-primaire-catholique-Recherche-Google-49x75.png 49w\" sizes=\"(max-width: 300px) 100vw, 300px\" \/><\/a>En janvier 2024, les \u00e9tablissements scolaires catholiques surgissent au centre de l\u2019attention m\u00e9diatique suite aux d\u00e9clarations controvers\u00e9es de la nouvelle ministre de l\u2019\u00c9ducation nationale, Am\u00e9lie Oud\u00e9a-Cast\u00e9ra. Bien qu\u2019un \u00e9tablissement parisien attire particuli\u00e8rement les regards, c\u2019est le fonctionnement interne de l\u2019ensemble de l\u2019enseignement catholique qui est scrut\u00e9 et mis en question par les m\u00e9dias\u00a0: respecte-t-il les programmes scolaires, la la\u00efcit\u00e9, les droits des \u00e9l\u00e8ves\u2009? Comment le fonctionnement et le financement des \u00e9tablissements est-il contr\u00f4l\u00e9\u2009?<\/p>\n<p>Si r\u00e9pondre \u00e0 ces questions n\u00e9cessiterait plus d\u2019un ouvrage, le travail effectu\u00e9 par<a href=\"https:\/\/www.sciencespo.fr\/osc\/en\/node\/2343.html\" target=\"_blank\" rel=\"noopener\"> Emilie Grisez<\/a>, doctorante au Centre de recherche sur les in\u00e9galit\u00e9s sociales (CRIS) et \u00e0 l\u2019Ined, apporte un \u00e9clairage sur la socialisation des enfants dans les \u00e9coles catholiques fran\u00e7aises et les attentes de leurs familles. En immersion dans des \u00e9tablissements primaires depuis plusieurs ann\u00e9es, \u00c9milie observe et analyse comment se joue cette p\u00e9riode d\u2019\u00e9ducation enfantine, pour des familles souvent privil\u00e9gi\u00e9es qui s\u2019impliquent fortement dans la scolarit\u00e9. Des observations d\u00e9but\u00e9es dans une \u00e9cole parisienne lors de son master et qu\u2019elle poursuit \u00e0 plus grande \u00e9chelle dans le cadre de sa th\u00e8se. La richesse des mat\u00e9riaux recueillis lui a d\u2019ores et d\u00e9j\u00e0 permis d\u2019y consacrer un ouvrage remarqu\u00e9\u00a0: <a href=\"https:\/\/www.puf.com\/lecole-primaire-catholique\" target=\"_blank\" rel=\"noopener\">A l\u2019\u00e9cole primaire catholique\u00a0: Une \u00e9ducation bien ordonn\u00e9e <\/a>(PUF, 2023).<\/p>\n<h3>L\u2019enseignement priv\u00e9 sous contrat\u2009; son poids et son cadre juridique<\/h3>\n<p>Depuis les grandes manifestations pour l\u2019\u00e9cole libre de 1984, puis de celles en d\u00e9fense de la la\u00efcit\u00e9 en 1994, l\u2019existence d\u2019un double syst\u00e8me d\u2019enseignement a peu \u00e9t\u00e9 d\u00e9battue. L\u2019enseignement priv\u00e9 sous contrat est toujours r\u00e9gi par la loi sur les rapports entre l\u2019\u00c9tat et les \u00e9tablissements d\u2019enseignement priv\u00e9s, dite loi Debr\u00e9, de 1959. Ce cadre juridique offre la possibilit\u00e9 aux \u00e9tablissements de se lier \u00e0 l\u2019\u00c9tat par une relation contractuelle d\u00e8s lors qu\u2019ils r\u00e9pondent \u00e0 un \u00ab\u2009besoin scolaire\u2009\u00bb reconnu par le recteur. En contrepartie d\u2019un contr\u00f4le r\u00e9gulier et du respect des programmes scolaires, l\u2019\u00c9tat r\u00e9mun\u00e8re les enseignants et les collectivit\u00e9s territoriales financent les d\u00e9penses de fonctionnement li\u00e9es \u00e0 la scolarisation des \u00e9l\u00e8ves.<\/p>\n<p>\u00c0 ce jour, l\u2019enseignement priv\u00e9 sous contrat accueille, en France, un peu plus de 17 %<span class=\"footnote_referrer\"><a role=\"button\" tabindex=\"0\" onclick=\"footnote_moveToReference_14943_1('footnote_plugin_reference_14943_1_1');\" onkeypress=\"footnote_moveToReference_14943_1('footnote_plugin_reference_14943_1_1');\" ><sup id=\"footnote_plugin_tooltip_14943_1_1\" class=\"footnote_plugin_tooltip_text\">(1)<\/sup><\/a><span id=\"footnote_plugin_tooltip_text_14943_1_1\" class=\"footnote_tooltip\">Ces chiffres sont issus du rapport public th\u00e9matique <i>L\u2019enseignement priv\u00e9 sous contrat<\/i> publi\u00e9 par la Cour des comptes en juin 2023.<\/span><\/span><script type=\"text\/javascript\"> jQuery('#footnote_plugin_tooltip_14943_1_1').tooltip({ tip: '#footnote_plugin_tooltip_text_14943_1_1', tipClass: 'footnote_tooltip', effect: 'fade', predelay: 0, fadeInSpeed: 200, delay: 400, fadeOutSpeed: 200, position: 'top right', relative: true, offset: [10, 10], });<\/script> des \u00e9l\u00e8ves du primaire et du secondaire, soit la quasi-totalit\u00e9 des \u00e9l\u00e8ves du priv\u00e9 (98 %). Parmi ces \u00e9tablissements, l\u2019\u00e9crasante majorit\u00e9 (96 %) est catholique. Ils scolarisent plus de deux millions d\u2019\u00e9l\u00e8ves, et accueillent deux enfants sur cinq au cours de leur scolarit\u00e9. \u00c0 Paris, l\u2019enseignement catholique compte plus de 80\u2009000 \u00e9l\u00e8ves \u00e0 la rentr\u00e9e 2021, soit 23 %<span class=\"footnote_referrer\"><a role=\"button\" tabindex=\"0\" onclick=\"footnote_moveToReference_14943_1('footnote_plugin_reference_14943_1_2');\" onkeypress=\"footnote_moveToReference_14943_1('footnote_plugin_reference_14943_1_2');\" ><sup id=\"footnote_plugin_tooltip_14943_1_2\" class=\"footnote_plugin_tooltip_text\">(2)<\/sup><\/a><span id=\"footnote_plugin_tooltip_text_14943_1_2\" class=\"footnote_tooltip\">D\u2019apr\u00e8s les chiffres publi\u00e9s par l\u2019Enseignement catholique de Paris.<\/span><\/span><script type=\"text\/javascript\"> jQuery('#footnote_plugin_tooltip_14943_1_2').tooltip({ tip: '#footnote_plugin_tooltip_text_14943_1_2', tipClass: 'footnote_tooltip', effect: 'fade', predelay: 0, fadeInSpeed: 200, delay: 400, fadeOutSpeed: 200, position: 'top right', relative: true, offset: [10, 10], });<\/script>.<\/p>\n<p>Ce syst\u00e8me d\u2019enseignement porte un projet \u00e9ducatif propre\u00a0: celui de la formation int\u00e9grale de la personne, fond\u00e9 sur une philosophie \u00e9ducative chr\u00e9tienne h\u00e9rit\u00e9e de plusieurs si\u00e8cles. Cette \u00ab\u2009proposition \u00e9ducative sp\u00e9cifique de l\u2019\u00c9glise\u2009\u00bb est formalis\u00e9e dans le Statut de l\u2019enseignement catholique adopt\u00e9 en 2013 par la Conf\u00e9rence des \u00e9v\u00eaques de France. Ce texte pr\u00e9cise notamment que \u00ab\u2009l\u2019\u00c9vangile est la r\u00e9f\u00e9rence constante des projets \u00e9ducatifs [des \u00e9coles]\u2009\u00bb (Article\u00a023) et que \u00ab\u2009les principes \u00e9vang\u00e9liques font de l\u2019\u00e9cole catholique une \u00e9cole de l\u2019amour de la v\u00e9rit\u00e9\u2009\u00bb (Article\u00a024). Cette derni\u00e8re est \u00ab\u2009ordonn\u00e9e \u00e0 l\u2019homme, consid\u00e9r\u00e9 dans son unit\u00e9 et sa totalit\u00e9, [\u2026] corps et \u00e2me, c\u0153ur et conscience, pens\u00e9e et volont\u00e9\u2009\u00bb (Article\u00a024). Autant d\u2019\u00e9l\u00e9ments qui t\u00e9moignent de l\u2019intention holistique des \u00e9coles catholiques, qui visent \u00e0 former toutes les dimensions de la personne.<\/p>\n<h3>Un objet d\u00e9laiss\u00e9 par la sociologie fran\u00e7aise<\/h3>\n<p>Malgr\u00e9 ses effectifs substantiels et son projet \u00e9ducatif sp\u00e9cifique, la recherche sociologique sur l\u2019\u00e9ducation priv\u00e9e catholique est relativement rare, si bien que l\u2019on pourrait dire de la sociologie de l\u2019\u00e9cole qu\u2019elle est avant tout une sociologie de l\u2019\u00e9cole publique. Les quelques \u00e9tudes existantes s\u2019int\u00e9ressent aux choix scolaires ou aux effets de la fr\u00e9quentation des \u00e9coles priv\u00e9es, mais on sait peu de choses sur le processus de socialisation des \u00e9l\u00e8ves <i>au sein<\/i> de ces institutions. Pourtant, cette perspective permettrait d\u2019\u00e9clairer la mani\u00e8re dont les \u00e9coles catholiques forment et transforment les individus, dans un syst\u00e8me qui dit aspirer \u00e0 un mod\u00e8le \u00e9ducatif global.<\/p>\n<p>Ma recherche a pour but d\u2019ouvrir la \u00ab\u2009bo\u00eete noire\u2009\u00bb des pratiques p\u00e9dagogiques au sein de l\u2019enseignement catholique. D\u00e8s mon m\u00e9moire de master, puis en th\u00e8se, j\u2019ai men\u00e9 une \u00e9tude approfondie de l\u2019\u00e9ducation dispens\u00e9e dans les \u00e9coles primaires catholiques en France. Mon objectif \u00e9tait d\u2019examiner la vie ordinaire de ces \u00e9tablissements, d\u2019observer s\u2019ils fabriquent un \u00ab\u2009type\u2009\u00bb sp\u00e9cifique d\u2019enfant et, le cas \u00e9ch\u00e9ant, d\u2019en identifier les principales caract\u00e9ristiques.<\/p>\n<h3>Une enqu\u00eate ethnographique au plus pr\u00e8s du terrain<\/h3>\n<p>Pour explorer la socialisation des enfants dans l\u2019enseignement catholique, j\u2019ai d\u00e9cid\u00e9 de partir d\u2019un cas\u00a0: celui de l\u2019\u00e9cole primaire \u00ab\u2009Sainte-Marie\u2009\u00bb (le nom a \u00e9t\u00e9 chang\u00e9, seuls quelques \u00e9l\u00e9ments de contexte sont mentionn\u00e9s). Situ\u00e9e dans un quartier tr\u00e8s favoris\u00e9 de Paris, cette \u00e9cole accueille environ 380\u00a0enfants de la maternelle au CM2. Les parents des \u00e9l\u00e8ves appartiennent aux classes sup\u00e9rieures\u00a0: ils sont majoritairement cadres du secteur priv\u00e9, chefs d\u2019entreprise, ou encore membres des professions lib\u00e9rales. L\u2019admission se fait sur dossier et entretien, dans un contexte de forte concurrence compte tenu du nombre de demandes. L\u2019\u00e9cole suit le programme de l\u2019\u00c9ducation nationale, auquel s\u2019ajoute une heure de cat\u00e9ch\u00e8se anim\u00e9e par les pr\u00eatres de la paroisse locale, les enseignants et des parents b\u00e9n\u00e9voles.<\/p>\n<div id=\"attachment_14950\" style=\"width: 410px\" class=\"wp-caption alignright\"><a href=\"https:\/\/www.sciencespo.fr\/research\/cogito\/wp-content\/uploads\/2024\/07\/shutterstock_1926896975.jpg\"><img aria-describedby=\"caption-attachment-14950\" decoding=\"async\" loading=\"lazy\" class=\"wp-image-14950\" src=\"https:\/\/www.sciencespo.fr\/research\/cogito\/wp-content\/uploads\/2024\/07\/shutterstock_1926896975.jpg\" alt=\"\" width=\"400\" height=\"267\" srcset=\"https:\/\/www.sciencespo.fr\/research\/cogito\/wp-content\/uploads\/2024\/07\/shutterstock_1926896975.jpg 1000w, https:\/\/www.sciencespo.fr\/research\/cogito\/wp-content\/uploads\/2024\/07\/shutterstock_1926896975-300x200.jpg 300w, https:\/\/www.sciencespo.fr\/research\/cogito\/wp-content\/uploads\/2024\/07\/shutterstock_1926896975-768x512.jpg 768w, https:\/\/www.sciencespo.fr\/research\/cogito\/wp-content\/uploads\/2024\/07\/shutterstock_1926896975-219x146.jpg 219w, https:\/\/www.sciencespo.fr\/research\/cogito\/wp-content\/uploads\/2024\/07\/shutterstock_1926896975-50x33.jpg 50w, https:\/\/www.sciencespo.fr\/research\/cogito\/wp-content\/uploads\/2024\/07\/shutterstock_1926896975-112x75.jpg 112w\" sizes=\"(max-width: 400px) 100vw, 400px\" \/><\/a><p id=\"caption-attachment-14950\" class=\"wp-caption-text\">\u00a9 2003 -2024 Shutterstock<\/p><\/div>\n<p>Afin d\u2019observer la socialisation en train de se faire, j\u2019ai adopt\u00e9 une d\u00e9marche ethnographique. Pendant l\u2019ann\u00e9e scolaire 2019\/2020, je me suis rendue \u00e0 l\u2019\u00e9cole un \u00e0 deux jours par semaine pour suivre les \u00e9l\u00e8ves de CP et de CM2 tout au long de leur journ\u00e9e\u00a0: en classe, dans la cour de r\u00e9cr\u00e9ation, \u00e0 la cantine, lors des sorties scolaires et des c\u00e9l\u00e9brations religieuses. J\u2019ai \u00e9galement r\u00e9alis\u00e9 des entretiens avec les enfants, les parents et le personnel de l\u2019\u00e9cole \u2014 enseignants, directrice et pr\u00eatre. \u00c0 la fin de l\u2019ann\u00e9e scolaire, j\u2019ai distribu\u00e9 un questionnaire \u00e0 tous les \u00e9l\u00e8ves des classes observ\u00e9es.<\/p>\n<h3>Un enseignement englobant, qui s\u2019\u00e9tend au-del\u00e0 des programmes scolaires<\/h3>\n<p>L\u2019\u00e9tude a r\u00e9v\u00e9l\u00e9 deux \u00e9l\u00e9ments sp\u00e9cifiques \u00e0 l\u2019enseignement catholique\u00a0: le projet \u00e9ducatif global et l\u2019imbrication des instances de socialisation. Ce travail a permis de constater que l\u2019\u00e9cole ne se contente pas d\u2019instruire les \u00e9l\u00e8ves, mais qu\u2019elle vise \u00e0 \u00e9lever des personnes compl\u00e8tes, en couvrant tous les plans de leur vie. Ce projet \u00e9ducatif global caract\u00e9ristique de l\u2019enseignement catholique se d\u00e9cline de fa\u00e7on singuli\u00e8re \u00e0 Sainte-Marie, du fait de son histoire et des demandes parentales\u00a0: elle cherche \u00e0 former de bons \u00e9l\u00e8ves, de bons professionnels et de bons chr\u00e9tiens. Pour ce faire, elle axe son action \u00e9ducative autour des apprentissages scolaires, de <i>soft skills<\/i> propres au monde de l\u2019entreprise et, en parall\u00e8le, de savoirs, savoir-\u00eatre et savoir-faire chr\u00e9tiens.<\/p>\n<p>Pour d\u00e9ployer ce projet d\u2019\u00e9ducation globale, le personnel \u00e9ducatif s\u2019appuie sur une articulation syst\u00e9matique des instances de socialisation. Les parents se coordonnent entre eux et avec le personnel de l\u2019\u00e9cole pour former ce que l\u2019on peut qualifier de grande \u00ab\u2009famille \u00e9ducative\u2009\u00bb. Ils participent pleinement \u00e0 la vie de l\u2019\u00e9cole par le biais des associations et des activit\u00e9s pour lesquelles elle les mobilise. Ils \u00e9changent fr\u00e9quemment avec les enseignants et se consid\u00e8rent comme de v\u00e9ritables partenaires \u00e9ducatifs. Bien qu\u2019il existe des tensions \u00e0 propos de la d\u00e9finition de l\u2019\u00e9cole et du r\u00f4le de chacun, les conflits n\u2019\u00e9clatent jamais au grand jour, ce qui peut s\u2019expliquer par la robustesse des dispositifs de r\u00e9gulation et des normes d\u2019harmonie, de bonne volont\u00e9 et d\u2019engagement qui r\u00e8gnent dans l\u2019\u00e9cole. En outre, l\u2019\u00e9tude a permis de constater la coop\u00e9ration \u00e9troite entre personnel \u00e9ducatif et pr\u00eatres de la paroisse locale, tous d\u00e9vou\u00e9s \u00e0 faire grandir les enfants en chr\u00e9tiens responsables.<\/p>\n<p>Ce travail quotidien de mise en coh\u00e9rence cr\u00e9e un dispositif \u00e9ducatif multidimensionnel \u2014 s\u2019adressant \u00e0 tous les pans de la vie des enfants \u2014 et coh\u00e9rent \u2014 du fait de la coordination des adultes \u2014, en d\u2019autres termes, un dispositif que l\u2019on peut qualifier d\u2019\u00ab\u2009englobant\u2009\u00bb.<\/p>\n<h3>Une diversit\u00e9 des mod\u00e8les \u00e9ducatifs en lien avec le positionnement social familial<\/h3>\n<p>Le travail de terrain dans une \u00e9cole catholique fr\u00e9quent\u00e9e par un public particuli\u00e8rement dot\u00e9 a \u00e9galement permis d\u2019affiner la compr\u00e9hension des modes de socialisation des enfants des classes sup\u00e9rieures. Les enfants grandissent non seulement dans un espace urbain et social homog\u00e8ne, mais aussi au sein de structures familiales stables, jouissant de conditions mat\u00e9rielles confortables. Les parents partagent des ambitions \u00e0 long terme pour leurs enfants, combin\u00e9es \u00e0 un id\u00e9al d\u2019\u00e9panouissement au temps pr\u00e9sent. Toutefois, derri\u00e8re cette homog\u00e9n\u00e9it\u00e9 apparente, leur mod\u00e8le \u00e9ducatif se d\u00e9cline diff\u00e9remment selon la fraction de classe d\u2019appartenance. Les entretiens et les observations ont permis de d\u00e9gager trois id\u00e9aux types.<\/p>\n<div id=\"attachment_14952\" style=\"width: 410px\" class=\"wp-caption alignleft\"><a href=\"https:\/\/www.sciencespo.fr\/research\/cogito\/wp-content\/uploads\/2024\/07\/shutterstock_1767334112.jpg\"><img aria-describedby=\"caption-attachment-14952\" decoding=\"async\" loading=\"lazy\" class=\"wp-image-14952\" src=\"https:\/\/www.sciencespo.fr\/research\/cogito\/wp-content\/uploads\/2024\/07\/shutterstock_1767334112.jpg\" alt=\"\" width=\"400\" height=\"225\" srcset=\"https:\/\/www.sciencespo.fr\/research\/cogito\/wp-content\/uploads\/2024\/07\/shutterstock_1767334112.jpg 1000w, https:\/\/www.sciencespo.fr\/research\/cogito\/wp-content\/uploads\/2024\/07\/shutterstock_1767334112-300x169.jpg 300w, https:\/\/www.sciencespo.fr\/research\/cogito\/wp-content\/uploads\/2024\/07\/shutterstock_1767334112-768x432.jpg 768w, https:\/\/www.sciencespo.fr\/research\/cogito\/wp-content\/uploads\/2024\/07\/shutterstock_1767334112-260x146.jpg 260w, https:\/\/www.sciencespo.fr\/research\/cogito\/wp-content\/uploads\/2024\/07\/shutterstock_1767334112-50x28.jpg 50w, https:\/\/www.sciencespo.fr\/research\/cogito\/wp-content\/uploads\/2024\/07\/shutterstock_1767334112-133x75.jpg 133w\" sizes=\"(max-width: 400px) 100vw, 400px\" \/><\/a><p id=\"caption-attachment-14952\" class=\"wp-caption-text\">\u00a9 2003 -2024 Shutterstock<\/p><\/div>\n<p>Les parents \u00ab\u2009traditionnels\u2009\u00bb se distinguent par une volont\u00e9 de contr\u00f4le des influences ext\u00e9rieures potentiellement dissonantes avec leurs vis\u00e9es \u00e9ducatives. Ces parents, souvent issus de la noblesse ou de la bourgeoisie et catholiques pratiquants, exercent une autorit\u00e9 statutaire et usent d\u2019injonctions, parfois de punitions, pour se faire ob\u00e9ir. Ils souhaitent \u00e9lever leurs enfants dans la foi et le respect des valeurs chr\u00e9tiennes, en particulier celles relatives a\u0300 l\u2019importance de la famille et au respect des a\u00een\u00e9s.<\/p>\n<p>Les parents \u00ab\u2009managers\u2009\u00bb, davantage dot\u00e9s en capital \u00e9conomique que culturel, moins anciennement \u00e9tablis dans les classes sup\u00e9rieures et dont l\u2019appartenance religieuse occupe une place moins centrale dans leur vie, d\u00e9ploient une \u00e9ducation plus ouverte et plus souple. Ils structurent l\u2019emploi du temps de leurs enfants par de nombreuses activit\u00e9s extrascolaires tout en leur accordant une certaine autonomie pendant leur temps libre. Ces parents favorisent la n\u00e9gociation et la discussion et pr\u00e9f\u00e8rent passer du bon temps avec leurs enfants plut\u00f4t que de les stimuler continuellement. Ils souhaitent leur offrir une ouverture sur le monde propre a\u0300 l\u2019ethos cosmopolite, tout en restant attach\u00e9s aux valeurs \u00ab\u2009familiales\u2009\u00bb et \u00e0 celle du \u00ab\u2009travail\u2009\u00bb.<\/p>\n<p>Enfin, les parents \u00ab\u2009intellectuels\u2009\u00bb, fortement dot\u00e9s en capital culturel, moins en capital \u00e9conomique, et plus distants du catholicisme, s\u2019efforcent activement de stimuler leurs enfants, ce qui passe par une \u00ab\u2009p\u00e9dagogisation\u2009\u00bb du quotidien. Ces familles ont des pratiques culturelles l\u00e9gitimes (mus\u00e9es, th\u00e9\u00e2tre, lecture, etc.) beaucoup plus fr\u00e9quentes que les pr\u00e9c\u00e9dentes et les enfants passent moins de temps avec leurs pairs. Les rapports interg\u00e9n\u00e9rationnels ne sont pas strictement statutaires\u2009; le dialogue et l\u2019explication sont centraux. Ces parents visent avant tout a\u0300 \u00e9lever de bons citoyens.<\/p>\n<h3>Participer d\u2019une conscience de classe<\/h3>\n<p>En plus de nous renseigner sur les projets \u00e9ducatifs des adultes qui gravitent autour de l\u2019\u00e9cole catholique, et de constater la relative coh\u00e9rence des univers dans lesquels grandissent les enfants, cette recherche donne \u00e0 voir le point de vue de ces derniers sur leur exp\u00e9rience de ce contexte scolaire. On mesure qu\u2019ils adh\u00e8rent largement au projet et \u00e0 la finalit\u00e9 de l\u2019\u00e9cole. Ils d\u00e9veloppent un go\u00fbt prononc\u00e9 pour celle-ci, ainsi que des dispositions n\u00e9cessaires \u00e0 leur r\u00e9ussite future, notamment le go\u00fbt de l\u2019effort, l\u2019autocontr\u00f4le et la pers\u00e9v\u00e9rance. Ils semblent persuad\u00e9s de leur sup\u00e9riorit\u00e9 intellectuelle, notamment en comparaison de leurs homologues du secteur public. La socialisation religieuse n\u2019est pas aussi efficace, puisqu\u2019elle d\u00e9pend largement de la religiosit\u00e9 des familles. Elle contribue toutefois \u00e0 l\u2019incorporation de dispositions religieuses \u2014 notamment des savoirs, savoir-\u00eatre et des savoir-faire, comme bien se tenir \u00e0 l\u2019\u00e9glise \u2014 connaissances et comp\u00e9tences encore tr\u00e8s utiles aujourd\u2019hui. De plus, elle participe \u00e0 la formation morale de ces enfants favoris\u00e9s\u00a0: ils apprennent qu\u2019ils ont une responsabilit\u00e9 \u00e0 l\u2019\u00e9gard des pauvres. Finalement, les enfants acqui\u00e8rent un ensemble de dispositions relativement coh\u00e9rent \u2014 en lien avec l\u2019environnement dans lequel ils \u00e9voluent, qui se caract\u00e9rise par l\u2019absence d\u2019\u00e9l\u00e9ments dissonants. Cela ne signifie pas pour autant que la socialisation soit m\u00e9canique\u00a0: les enfants jouent un r\u00f4le actif dans la r\u00e9ception et l\u2019interpr\u00e9tation des messages adultes. Ainsi, tandis que certains se les approprient en les faisant explicitement leurs, d\u2019autres s\u2019en d\u00e9tournent ou les rejettent frontalement.<\/p>\n<pre>\u00c9milie Grisez est doctorante en sociologie au Centre de recherche sur les in\u00e9galit\u00e9s sociales (Sciences Po\/CNRS) et \u00e0 l\u2019Ined. Ses recherches portent sur la sociologie de l\u2019\u00e9cole, de la famille, de l\u2019enfance, des religions et des in\u00e9galit\u00e9s. Elle poursuit ses observations dans les \u00e9tablissements catholiques en \u00e9largissant les terrains d\u2019enqu\u00eates \u00e0 d\u2019autres r\u00e9gions fran\u00e7aises.<\/pre>\n<p>&nbsp;<\/p>\n<div class=\"speaker-mute footnotes_reference_container\"> <div class=\"footnote_container_prepare\"><p><span role=\"button\" tabindex=\"0\" class=\"footnote_reference_container_label pointer\" onclick=\"footnote_expand_collapse_reference_container_14943_1();\">Notes<\/span><span role=\"button\" tabindex=\"0\" class=\"footnote_reference_container_collapse_button\" style=\"display: none;\" onclick=\"footnote_expand_collapse_reference_container_14943_1();\">[<a id=\"footnote_reference_container_collapse_button_14943_1\">+<\/a>]<\/span><\/p><\/div> <div id=\"footnote_references_container_14943_1\" style=\"\"><table class=\"footnotes_table footnote-reference-container\"><caption class=\"accessibility\">Notes<\/caption> <tbody> \r\n\r\n<tr class=\"footnotes_plugin_reference_row\"> <th scope=\"row\" class=\"footnote_plugin_index_combi pointer\"  onclick=\"footnote_moveToAnchor_14943_1('footnote_plugin_tooltip_14943_1_1');\"><a id=\"footnote_plugin_reference_14943_1_1\" class=\"footnote_backlink\"><span class=\"footnote_index_arrow\">&#8593;<\/span>1<\/a><\/th> <td class=\"footnote_plugin_text\">Ces chiffres sont issus du rapport public th\u00e9matique <i>L\u2019enseignement priv\u00e9 sous contrat<\/i> publi\u00e9 par la Cour des comptes en juin 2023.<\/td><\/tr>\r\n\r\n<tr class=\"footnotes_plugin_reference_row\"> <th scope=\"row\" class=\"footnote_plugin_index_combi pointer\"  onclick=\"footnote_moveToAnchor_14943_1('footnote_plugin_tooltip_14943_1_2');\"><a id=\"footnote_plugin_reference_14943_1_2\" class=\"footnote_backlink\"><span class=\"footnote_index_arrow\">&#8593;<\/span>2<\/a><\/th> <td class=\"footnote_plugin_text\">D\u2019apr\u00e8s les chiffres publi\u00e9s par l\u2019Enseignement catholique de Paris.<\/td><\/tr>\r\n\r\n <\/tbody> <\/table> <\/div><\/div><script type=\"text\/javascript\"> function footnote_expand_reference_container_14943_1() { jQuery('#footnote_references_container_14943_1').show(); jQuery('#footnote_reference_container_collapse_button_14943_1').text('\u2212'); } function footnote_collapse_reference_container_14943_1() { jQuery('#footnote_references_container_14943_1').hide(); jQuery('#footnote_reference_container_collapse_button_14943_1').text('+'); } function footnote_expand_collapse_reference_container_14943_1() { if (jQuery('#footnote_references_container_14943_1').is(':hidden')) { footnote_expand_reference_container_14943_1(); } else { footnote_collapse_reference_container_14943_1(); } } function footnote_moveToReference_14943_1(p_str_TargetID) { footnote_expand_reference_container_14943_1(); var l_obj_Target = jQuery('#' + p_str_TargetID); if (l_obj_Target.length) { jQuery( 'html, body' ).delay( 0 ); jQuery('html, body').animate({ scrollTop: l_obj_Target.offset().top - window.innerHeight * 0.2 }, 380); } } function footnote_moveToAnchor_14943_1(p_str_TargetID) { footnote_expand_reference_container_14943_1(); var l_obj_Target = jQuery('#' + p_str_TargetID); if (l_obj_Target.length) { jQuery( 'html, body' ).delay( 0 ); jQuery('html, body').animate({ scrollTop: l_obj_Target.offset().top - window.innerHeight * 0.2 }, 380); } }<\/script>","protected":false},"excerpt":{"rendered":"<p>Socialisation et reproduction sociale dans les familles des classes sup\u00e9rieures En janvier 2024, les \u00e9tablissements scolaires catholiques surgissent au centre de l\u2019attention m\u00e9diatique suite aux<span class=\"excerpt-hellip\"> [\u2026]<\/span><\/p>\n","protected":false},"author":3,"featured_media":14945,"comment_status":"closed","ping_status":"open","sticky":false,"template":"","format":"standard","meta":{"footnotes":""},"categories":[321,19,18,344],"tags":[102,75],"_links":{"self":[{"href":"https:\/\/www.sciencespo.fr\/research\/cogito\/home\/wp-json\/wp\/v2\/posts\/14943"}],"collection":[{"href":"https:\/\/www.sciencespo.fr\/research\/cogito\/home\/wp-json\/wp\/v2\/posts"}],"about":[{"href":"https:\/\/www.sciencespo.fr\/research\/cogito\/home\/wp-json\/wp\/v2\/types\/post"}],"author":[{"embeddable":true,"href":"https:\/\/www.sciencespo.fr\/research\/cogito\/home\/wp-json\/wp\/v2\/users\/3"}],"replies":[{"embeddable":true,"href":"https:\/\/www.sciencespo.fr\/research\/cogito\/home\/wp-json\/wp\/v2\/comments?post=14943"}],"version-history":[{"count":3,"href":"https:\/\/www.sciencespo.fr\/research\/cogito\/home\/wp-json\/wp\/v2\/posts\/14943\/revisions"}],"predecessor-version":[{"id":14954,"href":"https:\/\/www.sciencespo.fr\/research\/cogito\/home\/wp-json\/wp\/v2\/posts\/14943\/revisions\/14954"}],"wp:featuredmedia":[{"embeddable":true,"href":"https:\/\/www.sciencespo.fr\/research\/cogito\/home\/wp-json\/wp\/v2\/media\/14945"}],"wp:attachment":[{"href":"https:\/\/www.sciencespo.fr\/research\/cogito\/home\/wp-json\/wp\/v2\/media?parent=14943"}],"wp:term":[{"taxonomy":"category","embeddable":true,"href":"https:\/\/www.sciencespo.fr\/research\/cogito\/home\/wp-json\/wp\/v2\/categories?post=14943"},{"taxonomy":"post_tag","embeddable":true,"href":"https:\/\/www.sciencespo.fr\/research\/cogito\/home\/wp-json\/wp\/v2\/tags?post=14943"}],"curies":[{"name":"wp","href":"https:\/\/api.w.org\/{rel}","templated":true}]}}