{"id":14631,"date":"2023-09-24T16:00:59","date_gmt":"2023-09-24T14:00:59","guid":{"rendered":"https:\/\/www.sciencespo.fr\/research\/cogito\/home\/?p=14631"},"modified":"2023-12-14T18:54:31","modified_gmt":"2023-12-14T16:54:31","slug":"au-son-du-canon-le-reveil-geopolitique-de-leurope%e2%80%89","status":"publish","type":"post","link":"https:\/\/www.sciencespo.fr\/research\/cogito\/home\/au-son-du-canon-le-reveil-geopolitique-de-leurope%e2%80%89\/","title":{"rendered":"Au son du canon : le r\u00e9veil g\u00e9opolitique de l\u2019Europe\u2009?"},"content":{"rendered":"<p><a href=\"https:\/\/www.sciencespo.fr\/research\/cogito\/wp-content\/uploads\/2023\/09\/040-BAHI.png\"><img decoding=\"async\" loading=\"lazy\" class=\"alignleft wp-image-14638 size-medium\" src=\"https:\/\/www.sciencespo.fr\/research\/cogito\/wp-content\/uploads\/2023\/09\/040-BAHI-300x200.png\" alt=\"\" width=\"300\" height=\"200\" srcset=\"https:\/\/www.sciencespo.fr\/research\/cogito\/wp-content\/uploads\/2023\/09\/040-BAHI-300x200.png 300w, https:\/\/www.sciencespo.fr\/research\/cogito\/wp-content\/uploads\/2023\/09\/040-BAHI-219x146.png 219w, https:\/\/www.sciencespo.fr\/research\/cogito\/wp-content\/uploads\/2023\/09\/040-BAHI-50x33.png 50w, https:\/\/www.sciencespo.fr\/research\/cogito\/wp-content\/uploads\/2023\/09\/040-BAHI-113x75.png 113w, https:\/\/www.sciencespo.fr\/research\/cogito\/wp-content\/uploads\/2023\/09\/040-BAHI.png 500w\" sizes=\"(max-width: 300px) 100vw, 300px\" \/><\/a>Dans cet entretien exclusif avec Sylvain Kahn, sp\u00e9cialiste de l\u2019Europe, chercheur au Centre d\u2019histoire de Sciences Po, Zaki La\u00efdi, directeur de recherche \u00e0 Sciences Po en disponibilit\u00e9, conseiller sp\u00e9cial du Haut repr\u00e9sentant de l\u2019Union europ\u00e9enne pour les affaires \u00e9trang\u00e8res et la politique de s\u00e9curit\u00e9, nous livre son analyse sur l\u2019impact de la guerre en Ukraine sur L\u2019Europe, dix-huit mois apr\u00e8s le d\u00e9but du conflit. Il s\u2019exprime ici \u00e0 titre strictement personnel.<\/p>\n<h5>Sylvain Kahn\u00a0: En 2020, vous avez \u00e9t\u00e9 appel\u00e9 \u00e0 devenir conseiller sp\u00e9cial du Haut repr\u00e9sentant de l\u2019Union europ\u00e9enne pour les affaires \u00e9trang\u00e8res et la politique de s\u00e9curit\u00e9, passant ainsi du statut de chercheur \u00e0 celui de partie prenante. Pr\u00e8s de quatre ans plus tard, cette exp\u00e9rience a-t-elle chang\u00e9 votre regard sur l\u2019Europe\u2009?<\/h5>\n<p>Zaki La\u00efdi\u00a0: Pas de fa\u00e7on radicale. J\u2019ai bien s\u00fbr \u00e9norm\u00e9ment appris du fonctionnement de l\u2019Europe et des enjeux qu\u2019elle affronte. Je b\u00e9n\u00e9ficie aussi d\u2019un r\u00e9seau d\u2019informations in\u00e9dites rendues accessibles gr\u00e2ce aux \u00e9changes officiels ou interpersonnels, et aux rapports des d\u00e9l\u00e9gations de l\u2019Union europ\u00e9enne dans le monde. Mais on ne saurait parler de surprise au sens de d\u00e9couverte d\u2019une r\u00e9alit\u00e9 m\u00e9connue. Mon r\u00f4le est de conseiller directement le Haut repr\u00e9sentant sur ses choix, ses positions, et son expression publique. Non de participer aux arbitrages internes, m\u00eame si j\u2019en suis indirectement partie prenante \u00e0 travers mes propositions. Ensuite parce qu\u2019en mati\u00e8re de politique \u00e9trang\u00e8re et de s\u00e9curit\u00e9, il n\u2019y a pas de grande opacit\u00e9. C\u2019est un domaine non communautaris\u00e9 o\u00f9 les positions des uns et des autres sont bien connues.<br \/>\nLa surprise est plut\u00f4t venue du contexte exceptionnel que nous avons connu depuis 2020. En janvier 2020 la Commission nouvellement d\u00e9sign\u00e9e parlait d\u2019une Europe g\u00e9opolitique, c\u2019est-\u00e0-dire d\u2019une Europe capable de s\u2019inscrire dans une logique de comp\u00e9tition entre \u00c9tats sans pour autant \u00eatre elle-m\u00eame un \u00c9tat. Mais soyons honn\u00eates, cette id\u00e9e relevait plus de l\u2019intention que d\u2019un projet formalis\u00e9. Ce qui a conduit \u00e0 la traduction de cette intention en action ce sont deux \u00e9v\u00e9nements diff\u00e9rents, mais compl\u00e9mentaires : la crise du COVID puis la guerre en Ukraine. Avec la crise du COVID on a en effet compris que si l\u2019interd\u00e9pendance \u00e9conomique offrait d\u2019ind\u00e9niables avantages, elle pr\u00e9sentait aussi des risques s\u00e9rieux de vuln\u00e9rabilit\u00e9 et de d\u00e9pendance. C\u2019est d\u2019ailleurs \u00e0 partir de l\u00e0 que le d\u00e9bat sur la Chine a ressurgi.<\/p>\n<div id=\"attachment_14633\" style=\"width: 310px\" class=\"wp-caption alignright\"><a href=\"https:\/\/www.sciencespo.fr\/research\/cogito\/wp-content\/uploads\/2023\/09\/shutterstock_1820718362.jpg\"><img aria-describedby=\"caption-attachment-14633\" decoding=\"async\" loading=\"lazy\" class=\"wp-image-14633 size-medium\" src=\"https:\/\/www.sciencespo.fr\/research\/cogito\/wp-content\/uploads\/2023\/09\/shutterstock_1820718362-300x200.jpg\" alt=\"\" width=\"300\" height=\"200\" srcset=\"https:\/\/www.sciencespo.fr\/research\/cogito\/wp-content\/uploads\/2023\/09\/shutterstock_1820718362-300x200.jpg 300w, https:\/\/www.sciencespo.fr\/research\/cogito\/wp-content\/uploads\/2023\/09\/shutterstock_1820718362-219x146.jpg 219w, https:\/\/www.sciencespo.fr\/research\/cogito\/wp-content\/uploads\/2023\/09\/shutterstock_1820718362-50x33.jpg 50w, https:\/\/www.sciencespo.fr\/research\/cogito\/wp-content\/uploads\/2023\/09\/shutterstock_1820718362-112x75.jpg 112w, https:\/\/www.sciencespo.fr\/research\/cogito\/wp-content\/uploads\/2023\/09\/shutterstock_1820718362.jpg 500w\" sizes=\"(max-width: 300px) 100vw, 300px\" \/><\/a><p id=\"caption-attachment-14633\" class=\"wp-caption-text\">\u00a9 2003-2023 Shutterstock<\/p><\/div>\n<p>On a commenc\u00e9 \u00e0 se dire que si la Chine contr\u00f4lait la production de masques, qu\u2019en serait-il si une crise venait \u00e0 nous priver de mati\u00e8res rares ? On constate d\u2019ailleurs aujourd\u2019hui que les p\u00e9nuries de m\u00e9dicaments en France sont li\u00e9es aux perturbations des cha\u00eenes de valeur sans que soient en jeu des consid\u00e9rations politiques ou diplomatiques. Mais \u00e0 peine le COVID absorb\u00e9, nous nous sommes trouv\u00e9s plong\u00e9s dans la crise ukrainienne. Avec l\u00e0 encore comme toile de fond le d\u00e9bat sur notre d\u00e9pendance, cette fois-ci \u00e9nerg\u00e9tique vis-\u00e0-vis de Moscou. Au demeurant je reste convaincu que Poutine \u00e9tait \u00e0 peu pr\u00e8s certain que l\u2019Europe ne bougerait pas en Ukraine car \u00e0 ses yeux l\u2019Allemagne ne pouvait se permettre de se d\u00e9faire de sa d\u00e9pendance \u00e9nerg\u00e9tique vis-\u00e0-vis de la Russie. Cela va au-del\u00e0 de la simple d\u00e9pendance, il y a aussi un sentiment de culpabilit\u00e9 en toile de fond. J\u2019ai en m\u00e9moire cette interview du pr\u00e9sident allemand quelques mois avant la guerre \u2014 il a eu depuis l\u2019immense courage de se r\u00e9tracter \u2014 o\u00f9 il disait que la construction de North Stream 2 constituait une forme de dette morale contract\u00e9e par l\u2019Allemagne vis-\u00e0-vis de la Russie pour le mal qu\u2019elle avait fait \u00e0 la Russie pendant la Seconde Guerre mondiale\u2009!<\/p>\n<p>Tout ceci pour souligner le chemin mental, psychologique et politique que nous avons franchi en tant qu\u2019Europ\u00e9ens depuis le d\u00e9but de la guerre en Ukraine. Et m\u00eame entre le d\u00e9but du conflit et la situation actuelle, la position d\u2019un pays comme l\u2019Allemagne par exemple a consid\u00e9rablement \u00e9volu\u00e9. Au d\u00e9but du conflit, tout le monde affichait sa condescendance vis-\u00e0-vis de l\u2019Allemagne qui parlait d\u2019envoyer quelques milliers de casques aux Ukrainiens. Aujourd\u2019hui l\u2019Allemagne est le premier fournisseur de militaires de l\u2019Ukraine derri\u00e8re les \u00c9tats-Unis. Non seulement son aide d\u00e9passe les 10 milliards d\u2019euros, mais elle est de qualit\u00e9<span class=\"footnote_referrer\"><a role=\"button\" tabindex=\"0\" onclick=\"footnote_moveToReference_14631_1('footnote_plugin_reference_14631_1_1');\" onkeypress=\"footnote_moveToReference_14631_1('footnote_plugin_reference_14631_1_1');\" ><sup id=\"footnote_plugin_tooltip_14631_1_1\" class=\"footnote_plugin_tooltip_text\">(1)<\/sup><\/a><span id=\"footnote_plugin_tooltip_text_14631_1_1\" class=\"footnote_tooltip\">Engberg Katarina, <a href=\"https:\/\/www.sieps.se\/en\/publications\/2023\/germanys-role-in-a-geopolitically-changed-europe\/\">Germany\u2019s Role in a Geopolitically Changed Europe: the Thinking in Berlin<\/a>; ao\u00fbt 202, Swedish Institute for European Policy Studies.<\/span><\/span><script type=\"text\/javascript\"> jQuery('#footnote_plugin_tooltip_14631_1_1').tooltip({ tip: '#footnote_plugin_tooltip_text_14631_1_1', tipClass: 'footnote_tooltip', effect: 'fade', predelay: 0, fadeInSpeed: 200, delay: 400, fadeOutSpeed: 200, position: 'top right', relative: true, offset: [10, 10], });<\/script>. D\u2019ailleurs, ces critiques tr\u00e8s injustes ne sont plus d\u2019actualit\u00e9.<\/p>\n<h5>Sylvain Kahn\u00a0: La guerre en Ukraine a donc chang\u00e9 l\u2019Europe\u2009?<\/h5>\n<p>Zaki La\u00efdi : Oui, mais ce sont les \u00e9v\u00e9nements qui ont fa\u00e7onn\u00e9 le changement, confortant ainsi la proph\u00e9tie de Jean Monnet pour qui l\u2019Europe ne pourra se faire qu\u2019au travers d\u2019enjeux concrets et \u00e0 la faveur de crises<span class=\"footnote_referrer\"><a role=\"button\" tabindex=\"0\" onclick=\"footnote_moveToReference_14631_1('footnote_plugin_reference_14631_1_2');\" onkeypress=\"footnote_moveToReference_14631_1('footnote_plugin_reference_14631_1_2');\" ><sup id=\"footnote_plugin_tooltip_14631_1_2\" class=\"footnote_plugin_tooltip_text\">(2)<\/sup><\/a><span id=\"footnote_plugin_tooltip_text_14631_1_2\" class=\"footnote_tooltip\">\u201c<a href=\"https:\/\/www.francetvinfo.fr\/replay-radio\/histoires-d-info\/l-europe-se-fera-dans-les-crises-et-elle-sera-la-somme-des-solutions-apportees-a-ces-crises-jean-monnet_1786093.html\">L\u2019Europe se fera dans les crises et elle sera la somme des solutions apport\u00e9es \u00e0 ces crises<\/a>\u201d. France Info, juin 2016. <\/span><\/span><script type=\"text\/javascript\"> jQuery('#footnote_plugin_tooltip_14631_1_2').tooltip({ tip: '#footnote_plugin_tooltip_text_14631_1_2', tipClass: 'footnote_tooltip', effect: 'fade', predelay: 0, fadeInSpeed: 200, delay: 400, fadeOutSpeed: 200, position: 'top right', relative: true, offset: [10, 10], });<\/script>. C\u2019est exactement ce qui s\u2019est produit. La crise ukrainienne consacre le triomphe non pas de l\u2019Europe f\u00e9d\u00e9raliste, mais de l\u2019Europe fonctionnaliste.<br \/>\n\u00c0 Bruxelles, si vous lancez un d\u00e9bat sur des bases conceptuelles ou stratosph\u00e9riques, vous vous exposez \u00e0 d\u2019in\u00e9vitables d\u00e9convenues<span class=\"footnote_referrer\"><a role=\"button\" tabindex=\"0\" onclick=\"footnote_moveToReference_14631_1('footnote_plugin_reference_14631_1_3');\" onkeypress=\"footnote_moveToReference_14631_1('footnote_plugin_reference_14631_1_3');\" ><sup id=\"footnote_plugin_tooltip_14631_1_3\" class=\"footnote_plugin_tooltip_text\">(3)<\/sup><\/a><span id=\"footnote_plugin_tooltip_text_14631_1_3\" class=\"footnote_tooltip\">Sur l\u2019\u00e9cart entre principes th\u00e9oriques et op\u00e9rationnels cf, Zaki Laidi, <a href=\"https:\/\/ip-quarterly.com\/en\/meaning-geopolitical-europe-response-hans-kundnani\">The Meaning of Geopolitical Europe<\/a>; <i>Internationale Politik Quarterly,<\/i> janvier 2023.<\/span><\/span><script type=\"text\/javascript\"> jQuery('#footnote_plugin_tooltip_14631_1_3').tooltip({ tip: '#footnote_plugin_tooltip_text_14631_1_3', tipClass: 'footnote_tooltip', effect: 'fade', predelay: 0, fadeInSpeed: 200, delay: 400, fadeOutSpeed: 200, position: 'top right', relative: true, offset: [10, 10], });<\/script>. Si vous abordez un enjeu en termes trop g\u00e9n\u00e9raux ou principiels, vous vous trouverez tr\u00e8s vite confront\u00e9 \u00e0 des objections de forme ou de principe de la part d\u2019\u00c9tats qui, du fait de leurs histoires politiques propres, vont r\u00e9agir tr\u00e8s diff\u00e9remment face \u00e0 un concept cens\u00e9 faire consensus.<\/p>\n<div id=\"attachment_14635\" style=\"width: 310px\" class=\"wp-caption alignleft\"><a href=\"https:\/\/www.sciencespo.fr\/research\/cogito\/wp-content\/uploads\/2023\/09\/Screenshot-2023-09-22-at-18-50-45-Titre-Initiative-pour-lEurope-Discours-dEmmanuel-Macron-pour-une-Europe-souveraine-unie-democratique.-Elysee.png\"><img aria-describedby=\"caption-attachment-14635\" decoding=\"async\" loading=\"lazy\" class=\"wp-image-14635 size-medium\" src=\"https:\/\/www.sciencespo.fr\/research\/cogito\/wp-content\/uploads\/2023\/09\/Screenshot-2023-09-22-at-18-50-45-Titre-Initiative-pour-lEurope-Discours-dEmmanuel-Macron-pour-une-Europe-souveraine-unie-democratique.-Elysee-300x222.png\" alt=\"\" width=\"300\" height=\"222\" srcset=\"https:\/\/www.sciencespo.fr\/research\/cogito\/wp-content\/uploads\/2023\/09\/Screenshot-2023-09-22-at-18-50-45-Titre-Initiative-pour-lEurope-Discours-dEmmanuel-Macron-pour-une-Europe-souveraine-unie-democratique.-Elysee-300x222.png 300w, https:\/\/www.sciencespo.fr\/research\/cogito\/wp-content\/uploads\/2023\/09\/Screenshot-2023-09-22-at-18-50-45-Titre-Initiative-pour-lEurope-Discours-dEmmanuel-Macron-pour-une-Europe-souveraine-unie-democratique.-Elysee-197x146.png 197w, https:\/\/www.sciencespo.fr\/research\/cogito\/wp-content\/uploads\/2023\/09\/Screenshot-2023-09-22-at-18-50-45-Titre-Initiative-pour-lEurope-Discours-dEmmanuel-Macron-pour-une-Europe-souveraine-unie-democratique.-Elysee-50x37.png 50w, https:\/\/www.sciencespo.fr\/research\/cogito\/wp-content\/uploads\/2023\/09\/Screenshot-2023-09-22-at-18-50-45-Titre-Initiative-pour-lEurope-Discours-dEmmanuel-Macron-pour-une-Europe-souveraine-unie-democratique.-Elysee-101x75.png 101w, https:\/\/www.sciencespo.fr\/research\/cogito\/wp-content\/uploads\/2023\/09\/Screenshot-2023-09-22-at-18-50-45-Titre-Initiative-pour-lEurope-Discours-dEmmanuel-Macron-pour-une-Europe-souveraine-unie-democratique.-Elysee.png 702w\" sizes=\"(max-width: 300px) 100vw, 300px\" \/><\/a><p id=\"caption-attachment-14635\" class=\"wp-caption-text\">Discours d&rsquo;Emmanuel Macron pour une Europe souveraine, unie, d\u00e9mocratique. 26 septembre 2017. Source \u00c9lys\u00e9e.<\/p><\/div>\n<p>Je prendrai l\u2019exemple de l\u2019autonomie strat\u00e9gique. C\u2019est un concept qui a \u00e9t\u00e9 formellement agr\u00e9\u00e9 en 2016 puis remis au go\u00fbt du jour par le discours de la Sorbonne du pr\u00e9sident Macron<span class=\"footnote_referrer\"><a role=\"button\" tabindex=\"0\" onclick=\"footnote_moveToReference_14631_1('footnote_plugin_reference_14631_1_4');\" onkeypress=\"footnote_moveToReference_14631_1('footnote_plugin_reference_14631_1_4');\" ><sup id=\"footnote_plugin_tooltip_14631_1_4\" class=\"footnote_plugin_tooltip_text\">(4)<\/sup><\/a><span id=\"footnote_plugin_tooltip_text_14631_1_4\" class=\"footnote_tooltip\"><a href=\"https:\/\/www.elysee.fr\/emmanuel-macron\/2017\/09\/26\/initiative-pour-l-europe-discours-d-emmanuel-macron-pour-une-europe-souveraine-unie-democratique\">Initiative pour l&rsquo;Europe &#8211; Discours d&rsquo;Emmanuel Macron pour une Europe souveraine, unie, d\u00e9mocratique.<\/a><\/span><\/span><script type=\"text\/javascript\"> jQuery('#footnote_plugin_tooltip_14631_1_4').tooltip({ tip: '#footnote_plugin_tooltip_text_14631_1_4', tipClass: 'footnote_tooltip', effect: 'fade', predelay: 0, fadeInSpeed: 200, delay: 400, fadeOutSpeed: 200, position: 'top right', relative: true, offset: [10, 10], });<\/script>. Malgr\u00e9 cela, les pays scandinaves ont contest\u00e9 ce terme d\u2019autonomie strat\u00e9gique car ils y voyaient une justification potentielle du protectionnisme commercial qui, pour eux, est le mal absolu. C\u2019est la raison pour laquelle ils ont insist\u00e9 pour que l\u2019on parle d\u2019autonomie strat\u00e9gique ouverte. Si, en revanche, vous abordez la question de l\u2019autonomie strat\u00e9gique sous l\u2019angle politico-militaire, vous vous heurtez cette fois \u00e0 des r\u00e9sistances qui \u00e9manent d\u2019autres pays notamment d\u2019Europe centrale et orientale pour qui l\u2019autonomie strat\u00e9gique n\u2019est qu\u2019un nom de code destin\u00e9 \u00e0 d\u00e9tacher l\u2019Europe des \u00c9tats-Unis. Donc si vous mettez ce concept en d\u00e9bat, vous allez tout de suite voir \u00e9merger des controverses interminables. Mais si vous d\u00e9clinez le probl\u00e8me de mani\u00e8re plus concr\u00e8te ou op\u00e9rationnelle, les difficult\u00e9s ne disparaissent pas, mais elles s\u2019att\u00e9nuent. C\u2019est comme cela que l\u2019Europe avance. <a href=\"https:\/\/fr.wikipedia.org\/wiki\/E_pur_si_muove!\">Epure si muove\u2026.<\/a><\/p>\n<h5>Sylvain Kahn : Mais est-ce que la guerre en Ukraine a mis fin \u00e0 ces diff\u00e9rences ?<\/h5>\n<p>Zaki La\u00efdi\u00a0: Oui et non.<br \/>\nOui, dans la mesure o\u00f9 il y a eu d\u00e8s le d\u00e9but de la guerre un tr\u00e8s fort consensus pour voir l\u2019Europe assumer sa responsabilit\u00e9 strat\u00e9gique, c\u2019est-\u00e0-dire d\u2019\u00eatre en premi\u00e8re ligne pour d\u00e9fendre l\u2019Ukraine. Au demeurant, l\u2019OTAN n\u2019est pas partie prenante au conflit. Ce sont ses \u00c9tats membres europ\u00e9ens qui sont directement engag\u00e9s en soutien de l\u2019Ukraine. L\u2019OTAN joue le r\u00f4le d\u2019un pr\u00e9cieux bouclier dissuasif en cas d\u2019extension du conflit par la Russie. La cons\u00e9quence en est que l\u2019augmentation des d\u00e9penses militaires est partout \u00e0 l\u2019ordre du jour. Sur ce point, l\u2019id\u00e9e que la guerre nous impose de nous d\u00e9fendre davantage pour assurer nous-m\u00eames notre s\u00e9curit\u00e9 a progress\u00e9. L\u2019Allemagne va passer \u00e0 2 % de son PNB pour les d\u00e9penses militaires contre 1,5 % actuellement tandis que la Pologne se projette vers les 4 %\u2009!<br \/>\nCela \u00e9tant, cet acquis ne r\u00e8gle pas tout. La relation avec les \u00c9tats-Unis demeure complexe m\u00eame si plus personne n\u2019oppose plus d\u00e9fense europ\u00e9enne et d\u00e9fense continentale assur\u00e9e par l\u2019OTAN. Mais la tentation d\u2019acheter am\u00e9ricain plut\u00f4t qu\u2019europ\u00e9en existe toujours, tout du moins \u00e0 court terme. Sur les 100 milliards d\u2019armements acquis par les arm\u00e9es europ\u00e9ennes depuis le d\u00e9but de la guerre en Ukraine, 68 % vont aux \u00c9tats-Unis et 22 % en Europe. Il existe des programmes pour permettre de mutualiser des achats intraeurop\u00e9ens. Mais il faudra attendre quelques ann\u00e9es pour juger de la r\u00e9alit\u00e9 et de l\u2019effectivit\u00e9 de cette dynamique<span class=\"footnote_referrer\"><a role=\"button\" tabindex=\"0\" onclick=\"footnote_moveToReference_14631_1('footnote_plugin_reference_14631_1_5');\" onkeypress=\"footnote_moveToReference_14631_1('footnote_plugin_reference_14631_1_5');\" ><sup id=\"footnote_plugin_tooltip_14631_1_5\" class=\"footnote_plugin_tooltip_text\">(5)<\/sup><\/a><span id=\"footnote_plugin_tooltip_text_14631_1_5\" class=\"footnote_tooltip\">\u00a0Cf\u00a0 Jean Pierre Maulny, <a href=\"https:\/\/www.iris-france.org\/notes\/the-impact-of-the-war-in-ukraine-on-the-european-defense-market\/\">The Impact Of The War In Ukraine On The European Defence Market<\/a> , IRIS, septembre 2023.<\/span><\/span><script type=\"text\/javascript\"> jQuery('#footnote_plugin_tooltip_14631_1_5').tooltip({ tip: '#footnote_plugin_tooltip_text_14631_1_5', tipClass: 'footnote_tooltip', effect: 'fade', predelay: 0, fadeInSpeed: 200, delay: 400, fadeOutSpeed: 200, position: 'top right', relative: true, offset: [10, 10], });<\/script>. Un des tests d\u00e9cisifs r\u00e9sidera aussi dans la capacit\u00e9 franco-allemande \u00e0 d\u00e9velopper le \u00ab\u00a0Syst\u00e8me de combat a\u00e9rien du futur <i>(<\/i>SCAF)\u00a0\u00bb<span class=\"footnote_referrer\"><a role=\"button\" tabindex=\"0\" onclick=\"footnote_moveToReference_14631_1('footnote_plugin_reference_14631_1_6');\" onkeypress=\"footnote_moveToReference_14631_1('footnote_plugin_reference_14631_1_6');\" ><sup id=\"footnote_plugin_tooltip_14631_1_6\" class=\"footnote_plugin_tooltip_text\">(6)<\/sup><\/a><span id=\"footnote_plugin_tooltip_text_14631_1_6\" class=\"footnote_tooltip\">Eva Portier, Jean-Pascal Breton, \u00ab\u00a0<a href=\"https:\/\/www.defnat.com\/e-RDN\/vue-article-cahier.php?carticle=130&amp;cidcahier=1183\">The Future Air Combat System (SCAF): A European Defence Policy That is Moving Forward<\/a> \u00ab\u00a0, <i>Revue D\u00e9fense Nationale (RDN), <\/i>\u00a0\u00e9t\u00e9 2023.<\/span><\/span><script type=\"text\/javascript\"> jQuery('#footnote_plugin_tooltip_14631_1_6').tooltip({ tip: '#footnote_plugin_tooltip_text_14631_1_6', tipClass: 'footnote_tooltip', effect: 'fade', predelay: 0, fadeInSpeed: 200, delay: 400, fadeOutSpeed: 200, position: 'top right', relative: true, offset: [10, 10], });<\/script> tant attendu.<\/p>\n<h5>Sylvain Kahn\u00a0: On a longtemps consid\u00e9r\u00e9 que le principe de l\u2019unanimit\u00e9 entravait toute politique \u00e9trang\u00e8re commune. Aujourd\u2019hui, on constate que l\u2019Union est malgr\u00e9 tout parvenue \u00e0 agir collectivement. Comment ce qui semblait impossible est devenu possible malgr\u00e9 le maintien de cette r\u00e8gle de l\u2019unanimit\u00e9\u2009?<\/h5>\n<p>Zaki La\u00efdi : je pense que l\u2019explication centrale tient au fait que les Europ\u00e9ens, c\u2019est-\u00e0-dire les opinions europ\u00e9ennes et leurs dirigeants, ont r\u00e9alis\u00e9 \u00e0 la lumi\u00e8re de l\u2019agression russe que la Russie repr\u00e9sentait bel et bien un danger mortel pour leur s\u00e9curit\u00e9. Imaginez d\u2019ailleurs dans quelle situation nous nous trouverions aujourd\u2019hui si l\u2019Ukraine avait \u00e9t\u00e9 effectivement envahie. Donc il y a eu un consensus pour dire qu\u2019il fallait casser cette logique faute de quoi les Baltes et quelques autres seraient d\u00e9j\u00e0 menac\u00e9s de d\u00e9stabilisation par la Russie. Le discours du 31 d\u00e9cembre 2021 du pr\u00e9sident finlandais Saul Niinist\u00f6 fut sur ce point capital. Reprenant une phrase de Kissinger, il d\u00e9clara ceci : \u00ab\u2009<i>Quand le souci d\u2019\u00e9viter la guerre devient le principal objectif d\u2019un groupe de pays, le syst\u00e8me international est \u00e0 la merci de ses membres les plus brutaux\u2009<\/i>\u00bb. Le message \u00e9tait donc clair.<\/p>\n<div id=\"attachment_14643\" style=\"width: 310px\" class=\"wp-caption alignright\"><a href=\"https:\/\/www.sciencespo.fr\/research\/cogito\/wp-content\/uploads\/2023\/09\/shutterstock_2351882315.jpg\"><img aria-describedby=\"caption-attachment-14643\" decoding=\"async\" loading=\"lazy\" class=\"wp-image-14643 size-medium\" src=\"https:\/\/www.sciencespo.fr\/research\/cogito\/wp-content\/uploads\/2023\/09\/shutterstock_2351882315-300x212.jpg\" alt=\"\" width=\"300\" height=\"212\" srcset=\"https:\/\/www.sciencespo.fr\/research\/cogito\/wp-content\/uploads\/2023\/09\/shutterstock_2351882315-300x212.jpg 300w, https:\/\/www.sciencespo.fr\/research\/cogito\/wp-content\/uploads\/2023\/09\/shutterstock_2351882315-206x146.jpg 206w, https:\/\/www.sciencespo.fr\/research\/cogito\/wp-content\/uploads\/2023\/09\/shutterstock_2351882315-50x35.jpg 50w, https:\/\/www.sciencespo.fr\/research\/cogito\/wp-content\/uploads\/2023\/09\/shutterstock_2351882315-106x75.jpg 106w, https:\/\/www.sciencespo.fr\/research\/cogito\/wp-content\/uploads\/2023\/09\/shutterstock_2351882315.jpg 500w\" sizes=\"(max-width: 300px) 100vw, 300px\" \/><\/a><p id=\"caption-attachment-14643\" class=\"wp-caption-text\">Moscow Russia &#8211; May,12, 2022: Russian President Vladimir Putin \u00a9 2003-2023 Shutterstock, Inc.<\/p><\/div>\n<p>J\u2019ajouterai que plusieurs faits ont accentu\u00e9 ce consensus : la brutalit\u00e9 inou\u00efe avec laquelle Poutine a agi\u2009; la rh\u00e9torique quasi hitl\u00e9rienne \u00e0 laquelle il a eu recours\u2009; les contrev\u00e9rit\u00e9s manifestes qu\u2019il a exprim\u00e9es, notamment en niant l\u2019invasion quelques jours avant qu\u2019elle ne soit d\u00e9clench\u00e9e. Tout ceci a au fond coalis\u00e9 contre lui l\u2019Europe. Cela n\u2019aurait pas forc\u00e9ment \u00e9t\u00e9 le cas si, par exemple, il s\u2019\u00e9tait content\u00e9 d\u2019occuper le Donbass. Par cons\u00e9quent sa brutalit\u00e9, son m\u00e9pris, sa suffisance ont beaucoup jou\u00e9 dans la mobilisation de l\u2019Europe alors que trois ou quatre groupes de pays avaient jusque l\u00e0 sur la Russie des visions assez diff\u00e9rentes. Parmi eux, il y avait ce que j\u2019appellerais les<b> existentialistes <\/b>r\u00e9unis notamment autour de la Pologne, des \u00c9tats baltes et avec des nuances souvent fortes certains \u00c9tats d\u2019Europe centrale : pour eux la Russie constitue une menace existentielle et la guerre en Ukraine leur a donn\u00e9 raison. Il y avait les <b>dialoguistes <\/b>(France, Allemagne) qui sans nourrir d\u2019illusions sur Moscou pensaient lui faire entendre raison et parvenir avec elle a des compromis. Il y avait le groupe des <b>peu concern\u00e9s<\/b> (Italie, Espagne, Portugal, Malte, Gr\u00e8ce, Chypre) : ils n\u2019arrivaient pas \u00e0 voir la Russie comme une menace pour des raisons historiques, g\u00e9ographiques et parfois mercantiles. Le cas de l\u2019Italie \u00e9tait int\u00e9ressant car singulier. Tout en \u00e9tant atlantiste, elle a m\u00e9nag\u00e9 la Russie pour des raisons h\u00e9rit\u00e9es du compromis historique entre la d\u00e9mocratie chr\u00e9tienne et le parti communiste italien du temps de l\u2019URSS. Une bonne partie de la droite italienne \u00e9tait pro russe \u2014 sur un mode qui est en \u00e9cho avec la fa\u00e7on qu\u2019ont N. Sarkozy et F. Fillon d\u2019\u00eatre prorusses \u2014 y compris avec un parfum affairiste que S. Berlusconi a assum\u00e9. Affairisme et r\u00e9alisme vont d\u2019ailleurs souvent ensemble. Le fait remarquable est le tournant pris par G. Meloni : elle a pris des positions pro ukrainiennes et anti Poutine tr\u00e8s fortes. On ne s\u2019y attendait pas, mais ses positions r\u00e9pondent \u00e0 un calcul politique interne habile : marginaliser les populistes du mouvement Cinq \u00e9toiles comme les droitiers de Forza Italia en identifiant leur russophilie \u00e0 une expression anti patriotique. En donnant ainsi des gages \u00e0 l\u2019Europe et \u00e0 l\u2019OTAN, elle place l\u2019Italie au centre du jeu (c\u2019est Draghi qui avait sugg\u00e9r\u00e9 \u00e0 Macron et Scholz l\u2019adh\u00e9sion de l\u2019Ukraine). Ce positionnement lui laisse le champ libre sur le plan int\u00e9rieur. Tout ceci pour dire qu\u2019en dehors d\u2019Orban, qui d\u2019ailleurs s\u2019abstient plus qu\u2019il ne s\u2019oppose, Moscou ne peut pas compter sur grand monde au sein de l\u2019UE<span class=\"footnote_referrer\"><a role=\"button\" tabindex=\"0\" onclick=\"footnote_moveToReference_14631_1('footnote_plugin_reference_14631_1_7');\" onkeypress=\"footnote_moveToReference_14631_1('footnote_plugin_reference_14631_1_7');\" ><sup id=\"footnote_plugin_tooltip_14631_1_7\" class=\"footnote_plugin_tooltip_text\">(7)<\/sup><\/a><span id=\"footnote_plugin_tooltip_text_14631_1_7\" class=\"footnote_tooltip\">La Hongrie n\u2019a jamais fait opposition \u00e0 l\u2019adoption par les Etats membres des 7 premi\u00e8res tranches de la Facilit\u00e9 Europ\u00e9enne pour la Paix. Elle s\u2019est en revanche syst\u00e9matiquement abstenue lors des votes. Elle bloque actuellement l\u2019adoption d\u2019une huiti\u00e8me tranche.<\/span><\/span><script type=\"text\/javascript\"> jQuery('#footnote_plugin_tooltip_14631_1_7').tooltip({ tip: '#footnote_plugin_tooltip_text_14631_1_7', tipClass: 'footnote_tooltip', effect: 'fade', predelay: 0, fadeInSpeed: 200, delay: 400, fadeOutSpeed: 200, position: 'top right', relative: true, offset: [10, 10], });<\/script>.<br \/>\nDonc oui, l\u2019invasion brutale de l\u2019Ukraine a remis les pendules \u00e0 l\u2019heure et tout le monde \u00e0 Bruxelles a en t\u00eate le Conseil europ\u00e9en du 24 f\u00e9vrier 2022 : dans une ambiance lugubre Zelenski s\u2019adressant \u00e0 ses pairs en visioconf\u00e9rence d\u00e9clarait \u00ab\u2009c\u2019est probablement la derni\u00e8re fois que vous me voyez vivant\u2009\u00bb. Si je rappelle ce fait c\u2019est pour dire qu\u2019au d\u00e9but du conflit personne n\u2019\u00e9tait s\u00fbr de son issue. Pour \u00eatre franc, beaucoup craignaient que l\u2019invasion de l\u2019Ukraine r\u00e9ussisse sur le plan militaire. Les Ukrainiens auraient \u00e9t\u00e9 contraints de mener une guerre de gu\u00e9rilla. Mais voil\u00e0 : la machine militaire russe s\u2019est enray\u00e9e extr\u00eamement rapidement. C\u2019est aussi cela qui a consid\u00e9rablement enhardi les Europ\u00e9ens. La guerre \u00e9clair de trois jours devait d\u00e9boucher sur la prise de Kiev et l\u2019installation d\u2019un r\u00e9gime fantoche\u2009; elle s\u2019est transform\u00e9e en enlisement humiliant. Ce fut perceptible d\u00e8s le deuxi\u00e8me jour : alors m\u00eame qu\u2019ils b\u00e9n\u00e9ficiaient d\u2019un r\u00e9el effet de surprise, les Russes se montr\u00e8rent incapables de prendre rapidement la base a\u00e9rienne d\u2019Hostomel dans la banlieue de Kiev<span class=\"footnote_referrer\"><a role=\"button\" tabindex=\"0\" onclick=\"footnote_moveToReference_14631_1('footnote_plugin_reference_14631_1_8');\" onkeypress=\"footnote_moveToReference_14631_1('footnote_plugin_reference_14631_1_8');\" ><sup id=\"footnote_plugin_tooltip_14631_1_8\" class=\"footnote_plugin_tooltip_text\">(8)<\/sup><\/a><span id=\"footnote_plugin_tooltip_text_14631_1_8\" class=\"footnote_tooltip\">Hostomel sera finalement reprise par les russes mais d\u00e8s lors que l\u2019atterrissage des forces sp\u00e9ciales russes ne fut pas rendu possible, sa valeur s\u2019en trouva r\u00e9duite. Ils s\u2019en retireront le 1 Avril. Voir sur le tournant capital d\u2019Hostomel le r\u00e9cit document\u00e9 de Liam Collins, Michael Kofman, and John Spencer\u00a0; <a href=\"https:\/\/warontherocks.com\/2023\/08\/the-battle-of-hostomel-airport-a-key-moment-in-russias-defeat-in-kyiv\/\">The Battle of Hostomel Airport: A Key Moment in Russia\u2019s Defeat in Kyiv<\/a><i>, War on the rocks<\/i>, 10 ao\u00fbt 2023.<\/span><\/span><script type=\"text\/javascript\"> jQuery('#footnote_plugin_tooltip_14631_1_8').tooltip({ tip: '#footnote_plugin_tooltip_text_14631_1_8', tipClass: 'footnote_tooltip', effect: 'fade', predelay: 0, fadeInSpeed: 200, delay: 400, fadeOutSpeed: 200, position: 'top right', relative: true, offset: [10, 10], });<\/script>. Hostomel, qui abrite les usines d\u2019avions Antonov, devait servir de base d\u2019appui logistique aux forces russes a\u00e9roport\u00e9es charg\u00e9es de prendre Kiev en raison de la longueur de sa piste. Tout ceci est aujourd\u2019hui tr\u00e8s document\u00e9. Sur le moment les choses paraissaient tr\u00e8s difficiles, voire compromises. Car si les Russes avaient comme on le redoutait sur le moment r\u00e9ussi \u00e0 prendre Kiev \u00e0 y installer un r\u00e9gime fantoche, la suite serait devenue beaucoup plus difficile, y compris au regard de la l\u00e9galit\u00e9 internationale. Car m\u00eame ill\u00e9gitime, un r\u00e9gime de fait qui s\u2019installe au pouvoir cr\u00e9e une nouvelle r\u00e9alit\u00e9. On le voit aujourd\u2019hui au Niger. Donc l\u2019enlisement tr\u00e8s rapide des forces russes a beaucoup jou\u00e9 en faveur de la mobilisation des Ukrainiens et de l\u2019Europe. Ensuite, les terribles massacres de Bucha ont totalement d\u00e9cr\u00e9dibilis\u00e9 la Russie aux yeux des opinions europ\u00e9ennes. La question des crimes de guerre et donc de la responsabilit\u00e9 p\u00e9nale de ceux qui les avaient perp\u00e9tr\u00e9s est donc tr\u00e8s vite venue se surajouter au conflit territorial. \u00c0 partir de cet encha\u00eenement, la machine des sanctions europ\u00e9ennes s\u2019est mise \u00e0 tourner \u00e0 plein r\u00e9gime pour priver Moscou du financement de sa guerre. Les Europ\u00e9ens ont pris des d\u00e9cisions fortes : l\u2019arr\u00eat programm\u00e9 de notre d\u00e9pendance \u00e9nerg\u00e9tique vis-\u00e0-vis de la Russie et la saisie des avoirs russes \u00e0 l\u2019\u00e9tranger qui s\u2019\u00e9levaient \u00e0 plus de 300 milliards.<\/p>\n<h5>Sylvain Kahn : Dans les actions et la politique qu\u2019entreprend l\u2019Europe depuis le d\u00e9but de cette guerre, lesquelles sont selon vous les plus frappantes\u2009?<\/h5>\n<p>Zaki La\u00efdi : C\u2019est tr\u00e8s probablement la capacit\u00e9 de l\u2019UE \u00e0 agir vite\u2009; cette c\u00e9l\u00e9rit\u00e9 n\u2019est pas la norme dans la vie du syst\u00e8me politique europ\u00e9en. Je suis aussi frapp\u00e9 par la capacit\u00e9 de l\u2019UE \u00e0 prendre des d\u00e9cisions unanimes et consensuelles. M\u00eame des pays peu favorables \u00e0 l\u2019Ukraine comme la Hongrie ont pr\u00e9f\u00e9r\u00e9 s\u2019abstenir que d\u2019user de leur droit de veto (qui est donc toujours en vigueur dans les d\u00e9cisions de politique \u00e9trang\u00e8re). Les Europ\u00e9ens n\u2019ont pas h\u00e9sit\u00e9 \u00e0 prendre des risques \u00e9conomiques non n\u00e9gligeables, tout particuli\u00e8rement en se privant en tr\u00e8s peu de temps des ressources du march\u00e9 \u00e9nerg\u00e9tique russe. Enfin, le passage \u00e0 l\u2019action militaire \u00e0 travers l\u2019utilisation des ressources de ce que l\u2019on appelle la Facilit\u00e9 Europ\u00e9enne pour la Paix est un fait remarquable : c\u2019est la premi\u00e8re fois dans son histoire que l\u2019Europe apporte un soutien militaire \u00e0 un \u00c9tat en guerre et forme des soldats. C\u2019est bien la marque d\u2019un changement politique important. Ce fonds europ\u00e9en s\u2019\u00e9l\u00e8ve aujourd\u2019hui \u00e0 plus de 14 milliards et s\u2019ajoute aux ressources que les \u00c9tats membres d\u00e9ploient directement en faveur de l\u2019Ukraine.<\/p>\n<h5>Sylvain Kahn : Pourtant de nombreux commentateurs donnent l\u2019impression que le soutien \u00e0 l\u2019Ukraine est largement domin\u00e9 par les \u00c9tats-Unis. Les Europ\u00e9ens ne font-ils que suivre une politique d\u00e9cid\u00e9e par les \u00c9tats-Unis\u2009?<\/h5>\n<p>Zaki La\u00efdi : il s\u2019agit d\u2019une id\u00e9e re\u00e7ue et je dirais m\u00eame tr\u00e8s bien re\u00e7ue\u2026 Elle est tout simplement fausse. La tendance au d\u00e9nigrement de l\u2019Europe est une sp\u00e9cialit\u00e9 \u00e0 l\u2019appellation mal contr\u00f4l\u00e9e bien connue en France\u2026 \u00ab\u2009Ah cette pauvre Europe\u2009\u00bb\u2009! Une autre forme r\u00e9pandue de ce d\u00e9nigrement consiste \u00e0 consid\u00e9rer que l\u2019Allemagne n\u2019en fait pas assez pour L\u2019Europe. Pensez au concert de ricanements entendus au d\u00e9but de la guerre sur cette Allemagne qui n\u2019envisageait de livrer que des casques \u00e0 ces malheureux Ukrainiens. \u00ab\u2009Comment voulez-vous faire l\u2019Europe de la d\u00e9fense avec des gens qui ont tellement peur de faire la guerre ou d\u2019envoyer des armes\u2009\u00bb, susurraient ironiquement les eurosceptiques. Comme si la m\u00e9moire allemande n\u2019\u00e9tait pas un \u00e9l\u00e9ment \u00e0 prendre en compte pour comprendre la lenteur initiale des choix allemands\u2026 Comme si l\u2019image de chars allemands se retrouvant sur les plaines d\u2019Ukraine n\u2019\u00e9tait pas un \u00e9l\u00e9ment qui m\u00e9ritait d\u2019\u00eatre pris en compte.<br \/>\nOr que voit-on aujourd\u2019hui\u2009? Que les engagements europ\u00e9ens, civils et militaires, vis-\u00e0-vis de l\u2019Ukraine sont deux fois sup\u00e9rieurs \u00e0 ceux des \u00c9tats-Unis. Je parle bien ici des engagements, pas des versements<span class=\"footnote_referrer\"><a role=\"button\" tabindex=\"0\" onclick=\"footnote_moveToReference_14631_1('footnote_plugin_reference_14631_1_9');\" onkeypress=\"footnote_moveToReference_14631_1('footnote_plugin_reference_14631_1_9');\" ><sup id=\"footnote_plugin_tooltip_14631_1_9\" class=\"footnote_plugin_tooltip_text\">(9)<\/sup><\/a><span id=\"footnote_plugin_tooltip_text_14631_1_9\" class=\"footnote_tooltip\">Il faut cependant \u00e9viter de sur-interpr\u00e9ter ces chiffres car ils s\u2019appuient sur les propositions de la Commission en faveur de l\u2019Ukraine. N\u2019ayant pas \u00e9t\u00e9\u00a0 formellement adopt\u00e9s par les \u00c9tats membres, ils peuvent \u00eatre ramen\u00e9s \u00e0 la baisse par le Conseil europ\u00e9en.<\/span><\/span><script type=\"text\/javascript\"> jQuery('#footnote_plugin_tooltip_14631_1_9').tooltip({ tip: '#footnote_plugin_tooltip_text_14631_1_9', tipClass: 'footnote_tooltip', effect: 'fade', predelay: 0, fadeInSpeed: 200, delay: 400, fadeOutSpeed: 200, position: 'top right', relative: true, offset: [10, 10], });<\/script>.<\/p>\n<div id=\"attachment_14645\" style=\"width: 310px\" class=\"wp-caption alignleft\"><a href=\"https:\/\/www.sciencespo.fr\/research\/cogito\/wp-content\/uploads\/2023\/09\/Screenshot-2023-09-22-at-19-17-20-Army-Tactical-Missile-System-ATACMS-and-Contraves-Electro-Optical-Tracking-System-Model-F-EOTS-F-Cinetheodolite.png\"><img aria-describedby=\"caption-attachment-14645\" decoding=\"async\" loading=\"lazy\" class=\"wp-image-14645 size-medium\" src=\"https:\/\/www.sciencespo.fr\/research\/cogito\/wp-content\/uploads\/2023\/09\/Screenshot-2023-09-22-at-19-17-20-Army-Tactical-Missile-System-ATACMS-and-Contraves-Electro-Optical-Tracking-System-Model-F-EOTS-F-Cinetheodolite-300x225.png\" alt=\"\" width=\"300\" height=\"225\" srcset=\"https:\/\/www.sciencespo.fr\/research\/cogito\/wp-content\/uploads\/2023\/09\/Screenshot-2023-09-22-at-19-17-20-Army-Tactical-Missile-System-ATACMS-and-Contraves-Electro-Optical-Tracking-System-Model-F-EOTS-F-Cinetheodolite-300x225.png 300w, https:\/\/www.sciencespo.fr\/research\/cogito\/wp-content\/uploads\/2023\/09\/Screenshot-2023-09-22-at-19-17-20-Army-Tactical-Missile-System-ATACMS-and-Contraves-Electro-Optical-Tracking-System-Model-F-EOTS-F-Cinetheodolite-768x575.png 768w, https:\/\/www.sciencespo.fr\/research\/cogito\/wp-content\/uploads\/2023\/09\/Screenshot-2023-09-22-at-19-17-20-Army-Tactical-Missile-System-ATACMS-and-Contraves-Electro-Optical-Tracking-System-Model-F-EOTS-F-Cinetheodolite-195x146.png 195w, https:\/\/www.sciencespo.fr\/research\/cogito\/wp-content\/uploads\/2023\/09\/Screenshot-2023-09-22-at-19-17-20-Army-Tactical-Missile-System-ATACMS-and-Contraves-Electro-Optical-Tracking-System-Model-F-EOTS-F-Cinetheodolite-50x37.png 50w, https:\/\/www.sciencespo.fr\/research\/cogito\/wp-content\/uploads\/2023\/09\/Screenshot-2023-09-22-at-19-17-20-Army-Tactical-Missile-System-ATACMS-and-Contraves-Electro-Optical-Tracking-System-Model-F-EOTS-F-Cinetheodolite-100x75.png 100w, https:\/\/www.sciencespo.fr\/research\/cogito\/wp-content\/uploads\/2023\/09\/Screenshot-2023-09-22-at-19-17-20-Army-Tactical-Missile-System-ATACMS-and-Contraves-Electro-Optical-Tracking-System-Model-F-EOTS-F-Cinetheodolite.png 805w\" sizes=\"(max-width: 300px) 100vw, 300px\" \/><\/a><p id=\"caption-attachment-14645\" class=\"wp-caption-text\">Army Tactical Missile System (ATACMS) and Contraves Electro Optical Tracking System, Model F (EOTS-F) Cinetheodolite, CC BY-NC 2.0, Flickr<\/p><\/div>\n<p>Et si \u00e0 l\u2019Union europ\u00e9enne vous ajoutez la Grande-Bretagne et la Norv\u00e8ge, vous arrivez au chiffre de 156 milliards pour l\u2019Europe contre 70 pour les \u00c9tats-Unis<span class=\"footnote_referrer\"><a role=\"button\" tabindex=\"0\" onclick=\"footnote_moveToReference_14631_1('footnote_plugin_reference_14631_1_10');\" onkeypress=\"footnote_moveToReference_14631_1('footnote_plugin_reference_14631_1_10');\" ><sup id=\"footnote_plugin_tooltip_14631_1_10\" class=\"footnote_plugin_tooltip_text\">(10)<\/sup><\/a><span id=\"footnote_plugin_tooltip_text_14631_1_10\" class=\"footnote_tooltip\">Tous ces chiffres sont tir\u00e9s du Kiel Institute for the World Economy qui a pourtant longtemps sous-estim\u00e9 l\u2019effort europ\u00e9en \u201c<a href=\"https:\/\/www.ifw-kiel.de\/topics\/war-against-ukraine\/ukraine-support-tracker\/\">Ukraine support tracker<\/a>\u201d, mais il est important de rappeler qu\u2019il s\u2019agit d\u2019engagements et non de versements.<\/span><\/span><script type=\"text\/javascript\"> jQuery('#footnote_plugin_tooltip_14631_1_10').tooltip({ tip: '#footnote_plugin_tooltip_text_14631_1_10', tipClass: 'footnote_tooltip', effect: 'fade', predelay: 0, fadeInSpeed: 200, delay: 400, fadeOutSpeed: 200, position: 'top right', relative: true, offset: [10, 10], });<\/script>. Sur le plan militaire \u00e9galement, l\u2019aide de l\u2019Europe d\u00e9passe maintenant celle des \u00c9tats-Unis et fait jeu \u00e9gal pour ce qui est du mat\u00e9riel lourd. Tous domaines confondus l\u2019Allemagne s\u2019est \u00e0 elle seule engag\u00e9e pour pr\u00e8s de 51 milliards d\u2019euros contre 70 pour les \u00c9tats-Unis. J\u2019ajoute que le mat\u00e9riel europ\u00e9en envoy\u00e9 \u00e0 l\u2019Ukraine est d\u2019une qualit\u00e9 exceptionnelle<span class=\"footnote_referrer\"><a role=\"button\" tabindex=\"0\" onclick=\"footnote_moveToReference_14631_1('footnote_plugin_reference_14631_1_11');\" onkeypress=\"footnote_moveToReference_14631_1('footnote_plugin_reference_14631_1_11');\" ><sup id=\"footnote_plugin_tooltip_14631_1_11\" class=\"footnote_plugin_tooltip_text\">(11)<\/sup><\/a><span id=\"footnote_plugin_tooltip_text_14631_1_11\" class=\"footnote_tooltip\">\u00c0 titre d\u2019exemple, le syst\u00e8me anti a\u00e9rien allemand IRIS-T SLM a permis aux ukrainiens d\u2019abattre 110 missiles de croisi\u00e8re russes et drones lanc\u00e9s sur Kyiv. Leur taux d\u2019interception aurait \u00e9t\u00e9 de 100%.<\/span><\/span><script type=\"text\/javascript\"> jQuery('#footnote_plugin_tooltip_14631_1_11').tooltip({ tip: '#footnote_plugin_tooltip_text_14631_1_11', tipClass: 'footnote_tooltip', effect: 'fade', predelay: 0, fadeInSpeed: 200, delay: 400, fadeOutSpeed: 200, position: 'top right', relative: true, offset: [10, 10], });<\/script>. De surcro\u00eet, les Europ\u00e9ens ont souvent \u00e9t\u00e9 moteurs dans les initiatives destin\u00e9es \u00e0 relever le niveau des livraisons \u00e0 l\u2019Ukraine \u00e0 mesure que le conflit a \u00e9volu\u00e9. Ce sont les Europ\u00e9ens qui furent les premiers \u00e0 parler des chars. Ce sont les Europ\u00e9ens qui se sont mobilis\u00e9s pour la fourniture d\u2019avions de chasse. Ce sont enfin les Europ\u00e9ens qui ont \u00e9t\u00e9 les premiers \u00e0 fournir des missiles de longue port\u00e9e alors que les \u00c9tats-Unis r\u00e9sistent toujours par exemple \u00e0 envoyer des missiles ATACMS qui seraient pourtant d\u00e9cisifs en Crim\u00e9e<span class=\"footnote_referrer\"><a role=\"button\" tabindex=\"0\" onclick=\"footnote_moveToReference_14631_1('footnote_plugin_reference_14631_1_12');\" onkeypress=\"footnote_moveToReference_14631_1('footnote_plugin_reference_14631_1_12');\" ><sup id=\"footnote_plugin_tooltip_14631_1_12\" class=\"footnote_plugin_tooltip_text\">(12)<\/sup><\/a><span id=\"footnote_plugin_tooltip_text_14631_1_12\" class=\"footnote_tooltip\">ATACMS pour Arm Tactical Missile System, d\u2019une port\u00e9e de 300 km. Sa port\u00e9e, sa charge et sa pr\u00e9cision sont ses principaux atouts sans parler de leur invuln\u00e9rabilit\u00e9 \u00e0 une contre mesure russe. L\u2019\u00e9quivalent europ\u00e9en est le Storm Shadow britannique et le SCALP fran\u00e7ais conjointement fabriqu\u00e9s par Paris et Londres. <\/span><\/span><script type=\"text\/javascript\"> jQuery('#footnote_plugin_tooltip_14631_1_12').tooltip({ tip: '#footnote_plugin_tooltip_text_14631_1_12', tipClass: 'footnote_tooltip', effect: 'fade', predelay: 0, fadeInSpeed: 200, delay: 400, fadeOutSpeed: 200, position: 'top right', relative: true, offset: [10, 10], });<\/script>. Cela \u00e9tant, il ne s\u2019agit pas l\u00e0 de comparer encore moins d\u2019opposer les \u00c9tats-Unis \u00e0 l\u2019Europe : sur l\u2019Ukraine, Europ\u00e9ens et Am\u00e9ricains ont fondamentalement des positions convergentes. La gestion du soutien \u00e0 l\u2019Ukraine dans cette la guerre repose sur une cogestion entre l\u2019Europe et les \u00c9tats-Unis. Et dans cette cogestion le partenariat est \u00e9quilibr\u00e9. Le seul domaine o\u00f9 les \u00c9tats-Unis font la diff\u00e9rence est celui du renseignement. Ind\u00e9pendamment, bien s\u00fbr, de la garantie politico-militaire que repr\u00e9sente pour l\u2019Ukraine les \u00c9tats-Unis dans l\u2019hypoth\u00e8se d\u2019un d\u00e9rapage russe sur le plan nucl\u00e9aire.<\/p>\n<h5>Sylvain Kahn\u00a0: Les Europ\u00e9ens seraient donc en mesure de soutenir efficacement l\u2019Ukraine en cas d\u2019inflexion de la politique am\u00e9ricaine\u2009?<\/h5>\n<p>Zaki La\u00efdi : Tout d\u00e9pendrait de l\u2019ampleur de cette inflexion et du moment o\u00f9 elle interviendrait. Je tiens n\u00e9anmoins \u00e0 vous rappeler que sous l\u2019administration Trump pourtant anti-europ\u00e9enne, le d\u00e9ploiement des troupes am\u00e9ricaines en Europe s\u2019est accru\u2026 Attendons donc de voir. De toute fa\u00e7on, comme je l\u2019indiquais plus haut, l\u2019effort europ\u00e9en est colossal \u00e0 lui tout seul.<\/p>\n<h5>Sylvain Kahn\u00a0: Cela fait maintenant 18\u00a0mois que la guerre a commenc\u00e9. Est-ce qu\u2019elle ne risque pas de s\u2019enliser ou de s\u2019\u00e9terniser\u2009? Dans cette hypoth\u00e8se, l\u2019Europe aurait-elle les moyens de poursuivre son effort en faveur de l\u2019Ukraine\u2009? Bref\u00a0: existe-t-il un risque de fatigue ukrainienne en Europe\u2009?<\/h5>\n<div id=\"attachment_14650\" style=\"width: 210px\" class=\"wp-caption alignright\"><a href=\"https:\/\/www.sciencespo.fr\/research\/cogito\/wp-content\/uploads\/2023\/09\/P1030932.jpg\"><img aria-describedby=\"caption-attachment-14650\" decoding=\"async\" loading=\"lazy\" class=\"wp-image-14650 size-medium\" src=\"https:\/\/www.sciencespo.fr\/research\/cogito\/wp-content\/uploads\/2023\/09\/P1030932-200x300.jpg\" alt=\"\" width=\"200\" height=\"300\" srcset=\"https:\/\/www.sciencespo.fr\/research\/cogito\/wp-content\/uploads\/2023\/09\/P1030932-200x300.jpg 200w, https:\/\/www.sciencespo.fr\/research\/cogito\/wp-content\/uploads\/2023\/09\/P1030932-97x146.jpg 97w, https:\/\/www.sciencespo.fr\/research\/cogito\/wp-content\/uploads\/2023\/09\/P1030932-33x50.jpg 33w, https:\/\/www.sciencespo.fr\/research\/cogito\/wp-content\/uploads\/2023\/09\/P1030932-50x75.jpg 50w, https:\/\/www.sciencespo.fr\/research\/cogito\/wp-content\/uploads\/2023\/09\/P1030932.jpg 500w\" sizes=\"(max-width: 200px) 100vw, 200px\" \/><\/a><p id=\"caption-attachment-14650\" class=\"wp-caption-text\">Buste de Staline, All\u00e9e des dirigeants, Moscou, 2019. Cr\u00e9dit image : H\u00e9l\u00e8ne Naudet<\/p><\/div>\n<p>Zaki La\u00efdi : Depuis le d\u00e9but du conflit, on parle de fatigue. Ce risque existe et existera toujours dans des soci\u00e9t\u00e9s d\u00e9mocratiques. Mais pour le moment je crois qu\u2019il y a un consensus tr\u00e8s fort en Europe pour maintenir et amplifier notre soutien \u00e0 l\u2019Ukraine, tout simplement parce que nous savons que sans victoire ukrainienne, la menace russe continuera \u00e0 peser non seulement sur l\u2019Ukraine, mais sur l\u2019ensemble de L\u2019Europe. Quand Zelinsky nous dit \u00ab\u2009Vous vous battez pour vous et pas seulement pour nous\u2009\u00bb, il a cent fois raison. Donc je crois que l\u2019immense majorit\u00e9 des \u00e9tats europ\u00e9ens est absolument convaincue qu\u2019il faut d\u00e9sormais aller vers une victoire de l\u2019Ukraine. Reste \u00e0 savoir comment gagner. Il y a la voie militaire et la voie politique ou, tr\u00e8s probablement, une combinaison des deux. Le temps joue en faveur de l\u2019Ukraine : les Ukrainiens savent pourquoi ils se battent tandis que les Russes ne cherchent qu\u2019\u00e0 limiter les d\u00e9g\u00e2ts : ils ont \u00e0 pr\u00e9sent compris que l\u2019invasion a politiquement et moralement \u00e9chou\u00e9. Poutine qui s\u2019est \u00e0 peu pr\u00e8s tromp\u00e9 sur tout cherche d\u00e9sormais \u00e0 survivre. Malgr\u00e9 le contournement des sanctions, l\u2019affaissement \u00e9conomique, moral et diplomatique de la Russie est consid\u00e9rable. Sergei Guriev a bien montr\u00e9 que les sanctions \u00e9taient efficaces<span class=\"footnote_referrer\"><a role=\"button\" tabindex=\"0\" onclick=\"footnote_moveToReference_14631_1('footnote_plugin_reference_14631_1_13');\" onkeypress=\"footnote_moveToReference_14631_1('footnote_plugin_reference_14631_1_13');\" ><sup id=\"footnote_plugin_tooltip_14631_1_13\" class=\"footnote_plugin_tooltip_text\">(13)<\/sup><\/a><span id=\"footnote_plugin_tooltip_text_14631_1_13\" class=\"footnote_tooltip\">Sergei Guriev, <a href=\"https:\/\/www.project-syndicate.org\/commentary\/ruble-decline-growing-budget-deficit-funding-ukraine-war-by-sergei-guriev-2023-08\">The Russia Sanctions Are Working<\/a>, Project Syndicate,22 ao\u00fbt 2023.<\/span><\/span><script type=\"text\/javascript\"> jQuery('#footnote_plugin_tooltip_14631_1_13').tooltip({ tip: '#footnote_plugin_tooltip_text_14631_1_13', tipClass: 'footnote_tooltip', effect: 'fade', predelay: 0, fadeInSpeed: 200, delay: 400, fadeOutSpeed: 200, position: 'top right', relative: true, offset: [10, 10], });<\/script>. Le fait que les Ukrainiens parviennent aujourd\u2019hui avec facilit\u00e9 \u00e0 toucher des cibles militaires en territoire russe en dit long sur la vuln\u00e9rabilit\u00e9 militaire de la Russie. Cela \u00e9tant, m\u00eame affaiblie, la Russie dispose de ressources humaines et mat\u00e9rielles encore consid\u00e9rables. Elle b\u00e9n\u00e9ficie de l\u2019apathie d\u2019une population qui d\u00e9montre une capacit\u00e9 ph\u00e9nom\u00e9nale \u00e0 supporter le mensonge, la baisse de son niveau de vie, sans parler de l\u2019emprise sur les esprits d\u2019un syst\u00e8me de plus en plus totalitaire qui v\u00e9n\u00e8re de nouveau Staline, justifie le pacte germano-sovi\u00e9tique et \u00e9rige des statues du fondateur de la police politique russe, Dzerjinski<span class=\"footnote_referrer\"><a role=\"button\" tabindex=\"0\" onclick=\"footnote_moveToReference_14631_1('footnote_plugin_reference_14631_1_14');\" onkeypress=\"footnote_moveToReference_14631_1('footnote_plugin_reference_14631_1_14');\" ><sup id=\"footnote_plugin_tooltip_14631_1_14\" class=\"footnote_plugin_tooltip_text\">(14)<\/sup><\/a><span id=\"footnote_plugin_tooltip_text_14631_1_14\" class=\"footnote_tooltip\">Cf , Nicolas Werth, <a href=\"https:\/\/tracts.gallimard.fr\/fr\/products\/poutine-historien-en-chef\">Poutine historien\u00a0 en chef,<\/a> Gallimard , Tracts 2022.<\/span><\/span><script type=\"text\/javascript\"> jQuery('#footnote_plugin_tooltip_14631_1_14').tooltip({ tip: '#footnote_plugin_tooltip_text_14631_1_14', tipClass: 'footnote_tooltip', effect: 'fade', predelay: 0, fadeInSpeed: 200, delay: 400, fadeOutSpeed: 200, position: 'top right', relative: true, offset: [10, 10], });<\/script>. Poutine sait que le danger ne viendra pas de sa population. Il peut venir en revanche de l\u2019int\u00e9rieur du syst\u00e8me dont il est le garant. Toutefois, l\u2019affaire Prigojine a montr\u00e9 que cet \u00e9quilibre est de plus en plus fragile. Mais on conna\u00eet assez mal l\u2019\u00e9tat r\u00e9el des rapports de force au sein du r\u00e9gime russe et le pouvoir d\u2019arbitrage dont Poutine dispose encore, m\u00eame si les r\u00e8gles du jeu mafieux qui le sous-tendent sont connues : soumission, protection, distribution. En \u00e9change de leur all\u00e9geance au chef, les diff\u00e9rentes factions sont assur\u00e9es d\u2019\u00eatre prot\u00e9g\u00e9es face \u00e0 l\u2019\u00e9tranger et face \u00e0 leurs rivaux internes, ainsi que d\u2019acc\u00e9der \u00e0 des ressources qui leur sont sp\u00e9cialement allou\u00e9es<span class=\"footnote_referrer\"><a role=\"button\" tabindex=\"0\" onclick=\"footnote_moveToReference_14631_1('footnote_plugin_reference_14631_1_15');\" onkeypress=\"footnote_moveToReference_14631_1('footnote_plugin_reference_14631_1_15');\" ><sup id=\"footnote_plugin_tooltip_14631_1_15\" class=\"footnote_plugin_tooltip_text\">(15)<\/sup><\/a><span id=\"footnote_plugin_tooltip_text_14631_1_15\" class=\"footnote_tooltip\">Dmitri Alperovitch, <a href=\"https:\/\/foreignpolicy.com\/2023\/09\/05\/yevgeny-prigozhin-assassination-vladimir-putin-wagner-deal-revenge\/?tpcc=recirc_trending062921\">Prigozhin\u2019s Assassination Was Business, Not Revenge<\/a>, Foreign Policy, 5\u00a0 septembre\u00a0 2023.<\/span><\/span><script type=\"text\/javascript\"> jQuery('#footnote_plugin_tooltip_14631_1_15').tooltip({ tip: '#footnote_plugin_tooltip_text_14631_1_15', tipClass: 'footnote_tooltip', effect: 'fade', predelay: 0, fadeInSpeed: 200, delay: 400, fadeOutSpeed: 200, position: 'top right', relative: true, offset: [10, 10], });<\/script>. Prigojine a cherch\u00e9 \u00e0 rompre cette r\u00e8gle du jeu en tentant de prendre l\u2019avantage sur le clan Shoigu (ministre de la D\u00e9fense)\/Guerassimov (chef de l\u2019\u00c9tat-major) et accro\u00eetre sa part du g\u00e2teau, mat\u00e9rielle et politique. Il s\u2019est efforc\u00e9 de le faire, avec probablement au d\u00e9part l\u2019aval feint ou implicite de Poutine, qui voyait son arm\u00e9e voler d\u2019\u00e9chec en \u00e9chec. Apr\u00e8s le retrait de l\u2019arm\u00e9e russe de Kherson, en novembre 2022, Poutine a plac\u00e9 le g\u00e9n\u00e9ral Surovikin, un homme lige de Prigojine, \u00e0 la t\u00eate des troupes en Ukraine. Prigojine a alors cru que son heure de gloire \u00e9tait venue. Mais le quasi-limogeage, trois mois plus tard, du m\u00eame Surovikin replac\u00e9 sous la f\u00e9rule de Guerassimov en Ukraine, montrait que le jeu \u00e9tait tr\u00e8s fluide<span class=\"footnote_referrer\"><a role=\"button\" tabindex=\"0\" onclick=\"footnote_moveToReference_14631_1('footnote_plugin_reference_14631_1_16');\" onkeypress=\"footnote_moveToReference_14631_1('footnote_plugin_reference_14631_1_16');\" ><sup id=\"footnote_plugin_tooltip_14631_1_16\" class=\"footnote_plugin_tooltip_text\">(16)<\/sup><\/a><span id=\"footnote_plugin_tooltip_text_14631_1_16\" class=\"footnote_tooltip\">Guerassimov cumule de fa\u00e7on in\u00e9dite les fonctions de chef\u00a0 d\u2019\u00c9tat-major\u00a0 de l\u2019arm\u00e9e russe et de chef des\u00a0 forces russes en Ukraine.<\/span><\/span><script type=\"text\/javascript\"> jQuery('#footnote_plugin_tooltip_14631_1_16').tooltip({ tip: '#footnote_plugin_tooltip_text_14631_1_16', tipClass: 'footnote_tooltip', effect: 'fade', predelay: 0, fadeInSpeed: 200, delay: 400, fadeOutSpeed: 200, position: 'top right', relative: true, offset: [10, 10], });<\/script>. De retour en gr\u00e2ce, le couple Shoigu\/Guerassimov \u00e9tait d\u00e9cid\u00e9 \u00e0 balayer Prigojine en le privant d\u2019une victoire \u00e0 Bakhmut pour l\u2019affaiblir et le pousser \u00e0 la faute. C\u2019est exactement ce qui est arriv\u00e9. En lan\u00e7ant ses forces vers Moscou, Prigojine ne cherchait probablement pas \u00e0 renverser Poutine. Mais en humiliant l\u2019arm\u00e9e russe, il le mettait en cause. Il le paya deux mois plus tard de sa vie. Donc je dirais que l\u2019\u00e9tat des rapports de force au sein du syst\u00e8me russe demeure instable et surtout tr\u00e8s opaque. L\u2019assassinat de Prigojine montre n\u00e9anmoins que Poutine dispose encore d\u2019atouts. De combien et jusqu\u2019\u00e0 quand\u2009? La question demeure ouverte. On sait seulement que la nationalisation des biens \u00e9trangers a partiellement rebattu les cartes des b\u00e9n\u00e9ficiaires du syst\u00e8me, notamment dans le domaine des hydrocarbures. Ceux qui ne jouaient pas le jeu ont \u00e9t\u00e9 \u00e9limin\u00e9s physiquement en Russie, mais aussi \u00e0 l\u2019\u00e9tranger. Tandis que ceux qui acceptaient les nouvelles r\u00e8gles de la guerre ont \u00e9t\u00e9 r\u00e9compens\u00e9s par l\u2019acquisition des fleurons \u00e9trangers nationalis\u00e9s. C\u2019est le cas de Igor Setchin, le patron de Rosneft ou de la famille Kadyrov entre autres. Je reste persuad\u00e9 n\u00e9anmoins que l\u2019\u00e9volution militaire sur le terrain influencera de mani\u00e8re importante l\u2019\u00e9volution politique russe. Parmi les objectifs militaires importants des Ukrainiens, figure :<\/p>\n<p>a) leur capacit\u00e9 \u00e0 atteindre la mer d\u2019Azov en cr\u00e9ant un corridor qui partirait d\u2019un c\u00f4t\u00e9 d\u2019Orikhiv jusqu\u2019\u00e0 Melitopol en passant par le verrou de Tomkak et de l\u2019autre de Velika Novosilka pour atteindre Berdyansk.<\/p>\n<div id=\"attachment_14641\" style=\"width: 510px\" class=\"wp-caption aligncenter\"><a href=\"https:\/\/www.sciencespo.fr\/research\/cogito\/wp-content\/uploads\/2023\/09\/Screenshot-2023-09-22-at-18-59-19-_130046229_1cb51aa2-ba4e-4c03-8663-1da4e2250453.jpg.webp-Image-WEBP-976-\u00d7-1011-pixels-Redimensionnee-69.png\"><img aria-describedby=\"caption-attachment-14641\" decoding=\"async\" loading=\"lazy\" class=\"wp-image-14641\" src=\"https:\/\/www.sciencespo.fr\/research\/cogito\/wp-content\/uploads\/2023\/09\/Screenshot-2023-09-22-at-18-59-19-_130046229_1cb51aa2-ba4e-4c03-8663-1da4e2250453.jpg.webp-Image-WEBP-976-\u00d7-1011-pixels-Redimensionnee-69.png\" alt=\"\" width=\"500\" height=\"518\" srcset=\"https:\/\/www.sciencespo.fr\/research\/cogito\/wp-content\/uploads\/2023\/09\/Screenshot-2023-09-22-at-18-59-19-_130046229_1cb51aa2-ba4e-4c03-8663-1da4e2250453.jpg.webp-Image-WEBP-976-\u00d7-1011-pixels-Redimensionnee-69.png 847w, https:\/\/www.sciencespo.fr\/research\/cogito\/wp-content\/uploads\/2023\/09\/Screenshot-2023-09-22-at-18-59-19-_130046229_1cb51aa2-ba4e-4c03-8663-1da4e2250453.jpg.webp-Image-WEBP-976-\u00d7-1011-pixels-Redimensionnee-69-289x300.png 289w, https:\/\/www.sciencespo.fr\/research\/cogito\/wp-content\/uploads\/2023\/09\/Screenshot-2023-09-22-at-18-59-19-_130046229_1cb51aa2-ba4e-4c03-8663-1da4e2250453.jpg.webp-Image-WEBP-976-\u00d7-1011-pixels-Redimensionnee-69-768x796.png 768w, https:\/\/www.sciencespo.fr\/research\/cogito\/wp-content\/uploads\/2023\/09\/Screenshot-2023-09-22-at-18-59-19-_130046229_1cb51aa2-ba4e-4c03-8663-1da4e2250453.jpg.webp-Image-WEBP-976-\u00d7-1011-pixels-Redimensionnee-69-141x146.png 141w, https:\/\/www.sciencespo.fr\/research\/cogito\/wp-content\/uploads\/2023\/09\/Screenshot-2023-09-22-at-18-59-19-_130046229_1cb51aa2-ba4e-4c03-8663-1da4e2250453.jpg.webp-Image-WEBP-976-\u00d7-1011-pixels-Redimensionnee-69-48x50.png 48w, https:\/\/www.sciencespo.fr\/research\/cogito\/wp-content\/uploads\/2023\/09\/Screenshot-2023-09-22-at-18-59-19-_130046229_1cb51aa2-ba4e-4c03-8663-1da4e2250453.jpg.webp-Image-WEBP-976-\u00d7-1011-pixels-Redimensionnee-69-72x75.png 72w\" sizes=\"(max-width: 500px) 100vw, 500px\" \/><\/a><p id=\"caption-attachment-14641\" class=\"wp-caption-text\">Source; Institute for the Study of War, 8 juin 2023<\/p><\/div>\n<p>Ainsi, le sud de l\u2019Ukraine se trouverait coup\u00e9 en deux et permettrait d\u2019isoler la Crim\u00e9e dont le caract\u00e8re p\u00e9ninsulaire en accro\u00eet la vuln\u00e9rabilit\u00e9,<\/p>\n<p>b) emp\u00eacher la flotte de la mer Noire de frapper l\u2019Ukraine \u00e0 partir de S\u00e9bastopol,<\/p>\n<p>c) frapper fort \u00e0 l\u2019int\u00e9rieur de la Russie comme ils le font depuis la fin ao\u00fbt et pas seulement \u00e0 la fronti\u00e8re avec l\u2019Ukraine.<\/p>\n<p>En attendant, il faut aux Ukrainiens rompre les trois lignes de d\u00e9fense constitu\u00e9es par la ligne Surovikin<span class=\"footnote_referrer\"><a role=\"button\" tabindex=\"0\" onclick=\"footnote_moveToReference_14631_1('footnote_plugin_reference_14631_1_17');\" onkeypress=\"footnote_moveToReference_14631_1('footnote_plugin_reference_14631_1_17');\" ><sup id=\"footnote_plugin_tooltip_14631_1_17\" class=\"footnote_plugin_tooltip_text\">(17)<\/sup><\/a><span id=\"footnote_plugin_tooltip_text_14631_1_17\" class=\"footnote_tooltip\">Du nom du g\u00e9n\u00e9ral Surovikin qui les a mis en place apr\u00e8s la contre-offensive ukrainienne \u00e0 Kherson. Depuis Surovikin a disparu, probablement en raison de ses liens avec Prigojine. Paradoxalement il est \u00e0 l\u2019origine du seul geste d\u00e9fensif pens\u00e9 de fa\u00e7on coh\u00e9rente par la Russie depuis le d\u00e9but de la guerre.<\/span><\/span><script type=\"text\/javascript\"> jQuery('#footnote_plugin_tooltip_14631_1_17').tooltip({ tip: '#footnote_plugin_tooltip_text_14631_1_17', tipClass: 'footnote_tooltip', effect: 'fade', predelay: 0, fadeInSpeed: 200, delay: 400, fadeOutSpeed: 200, position: 'top right', relative: true, offset: [10, 10], });<\/script> ce qui n\u2019est pas t\u00e2che facile. Depuis la prise par les Ukrainiens de Robotnye dans l\u2019oblast de Zaporijia, la premi\u00e8re ligne russe a c\u00e9d\u00e9<span class=\"footnote_referrer\"><a role=\"button\" tabindex=\"0\" onclick=\"footnote_moveToReference_14631_1('footnote_plugin_reference_14631_1_18');\" onkeypress=\"footnote_moveToReference_14631_1('footnote_plugin_reference_14631_1_18');\" ><sup id=\"footnote_plugin_tooltip_14631_1_18\" class=\"footnote_plugin_tooltip_text\">(18)<\/sup><\/a><span id=\"footnote_plugin_tooltip_text_14631_1_18\" class=\"footnote_tooltip\">C\u2019est un r\u00e9sultat non n\u00e9gligeable car la Russie aurait consacr\u00e9 60% de ses ressources et de son temps \u00e0 la construction de la premi\u00e8re ligne contre 20% pour la seconde et la troisi\u00e8me ligne. Cf Katerina Chernovol, \u201c<a href=\"https:\/\/ukrainetoday.org\/2023\/09\/02\/tarnavsky-on-the-offensive-in-the-south-the-closer-to-victory-the-more-difficult\/\">Tarnavsky on the offensive in the south: the closer to victory, the more difficult<\/a>\u201d, Ukraine today.org; 05\u00a0 \u00a0 septembre 2023.<\/span><\/span><script type=\"text\/javascript\"> jQuery('#footnote_plugin_tooltip_14631_1_18').tooltip({ tip: '#footnote_plugin_tooltip_text_14631_1_18', tipClass: 'footnote_tooltip', effect: 'fade', predelay: 0, fadeInSpeed: 200, delay: 400, fadeOutSpeed: 200, position: 'top right', relative: true, offset: [10, 10], });<\/script>. Mais la mer d\u2019Azov est encore \u00e0 80 km<span class=\"footnote_referrer\"><a role=\"button\" tabindex=\"0\" onclick=\"footnote_moveToReference_14631_1('footnote_plugin_reference_14631_1_19');\" onkeypress=\"footnote_moveToReference_14631_1('footnote_plugin_reference_14631_1_19');\" ><sup id=\"footnote_plugin_tooltip_14631_1_19\" class=\"footnote_plugin_tooltip_text\">(19)<\/sup><\/a><span id=\"footnote_plugin_tooltip_text_14631_1_19\" class=\"footnote_tooltip\">Sur les d\u00e9tails de la contre-offensive et les perspectives de victoire ukrainienne cf, Richard Barrons, <a href=\"https:\/\/www.ft.com\/content\/be5d133b-e757-4615-881f-256337f05b6c\">Ukraine cannot win against Russia now, but victory by 2025 is possible<\/a>. Financial Times , 4 septembre 2023.<\/span><\/span><script type=\"text\/javascript\"> jQuery('#footnote_plugin_tooltip_14631_1_19').tooltip({ tip: '#footnote_plugin_tooltip_text_14631_1_19', tipClass: 'footnote_tooltip', effect: 'fade', predelay: 0, fadeInSpeed: 200, delay: 400, fadeOutSpeed: 200, position: 'top right', relative: true, offset: [10, 10], });<\/script>. C\u2019est l\u00e0 que l\u2019avenir de la guerre va se jouer, au mieux d\u2019ici d\u00e9cembre, mais pas avant. Malgr\u00e9 ses immenses pertes, l\u2019arm\u00e9e russe dispose d\u2019un potentiel humain non n\u00e9gligeable, d\u2019une arm\u00e9e de l\u2019air intacte de pr\u00e8s de 500 appareils et d\u2019une marine en bon \u00e9tat malgr\u00e9 quelques pertes spectaculaires. La guerre est loin d\u2019\u00eatre finie et encore moins gagn\u00e9e. Sa prolongation en 2024 et au-del\u00e0 est donc probable.<\/p>\n<p>Par ailleurs et ind\u00e9pendamment de la question territoriale, il y a la question des r\u00e9parations sans parler de celle des responsabilit\u00e9s p\u00e9nales. Il n\u2019est donc pas impossible qu\u2019une partie de l\u2019establishment russe finisse par sacrifier Poutine et rejette sur lui la responsabilit\u00e9 de la guerre sur lui et lui seul pour conserver ses privil\u00e8ges. Mais pour le moment personne ne voit d\u2019alternative \u00e0 Poutine se d\u00e9gager. \u00c0 moyen et long terme, le probl\u00e8me fondamental pour la Russie est celui de savoir si elle parviendra \u00e0 rompre avec la vision imp\u00e9riale qui est la sienne au profit d\u2019une vision nationale limit\u00e9e aux fronti\u00e8res de la F\u00e9d\u00e9ration de Russie<span class=\"footnote_referrer\"><a role=\"button\" tabindex=\"0\" onclick=\"footnote_moveToReference_14631_1('footnote_plugin_reference_14631_1_20');\" onkeypress=\"footnote_moveToReference_14631_1('footnote_plugin_reference_14631_1_20');\" ><sup id=\"footnote_plugin_tooltip_14631_1_20\" class=\"footnote_plugin_tooltip_text\">(20)<\/sup><\/a><span id=\"footnote_plugin_tooltip_text_14631_1_20\" class=\"footnote_tooltip\">T. Andrei Kolesnikov &#8211;<a href=\"https:\/\/www.foreignaffairs.com\/russian-federation\/vladimir-putin-end-russian-idea\"> The End of the Russian Idea: What It Will Take to Break Putinism\u2019s Grip?<\/a>, Foreign Affairs, Septembre \/ Octobre 2023\u00a0 et Valery Garbuzov, in Nezavisima Gazeta du 30 ao\u00fbt 2023.<\/span><\/span><script type=\"text\/javascript\"> jQuery('#footnote_plugin_tooltip_14631_1_20').tooltip({ tip: '#footnote_plugin_tooltip_text_14631_1_20', tipClass: 'footnote_tooltip', effect: 'fade', predelay: 0, fadeInSpeed: 200, delay: 400, fadeOutSpeed: 200, position: 'top right', relative: true, offset: [10, 10], });<\/script>. C\u2019est le c\u0153ur du probl\u00e8me. La question de l\u2019extension de l\u2019OTAN n\u2019a jamais \u00e9t\u00e9 la cause du probl\u00e8me ukrainien, mais sa cons\u00e9quence. La r\u00e9volution de Ma\u00efdan en 2014 en Ukraine n\u2019est pas n\u00e9e du projet d\u2019adh\u00e9sion \u00e0 l\u2019OTAN, mais du soutien de la soci\u00e9t\u00e9 ukrainienne \u00e0 la signature d\u2019un accord de libre-\u00e9change avec L\u2019Europe. Tant que la Russie se pensera comme un Empire, elle sera non seulement port\u00e9e \u00e0 demeurer une puissance imp\u00e9rialiste, mais surtout \u00e0 \u00eatre incapable de se r\u00e9former. C\u2019est un point d\u2019histoire essentiel qu\u2019un politique russe Ga\u00efdar, Premier ministre de Eltsine avait bien identifi\u00e9 : il avait dit qu\u2019il \u00e9tait impossible pour la Russie de se r\u00e9former tant qu\u2019elle continuerait \u00e0 se consid\u00e9rer comme un empire et non comme un \u00c9tat Nation<span class=\"footnote_referrer\"><a role=\"button\" tabindex=\"0\" onclick=\"footnote_moveToReference_14631_1('footnote_plugin_reference_14631_1_21');\" onkeypress=\"footnote_moveToReference_14631_1('footnote_plugin_reference_14631_1_21');\" ><sup id=\"footnote_plugin_tooltip_14631_1_21\" class=\"footnote_plugin_tooltip_text\">(21)<\/sup><\/a><span id=\"footnote_plugin_tooltip_text_14631_1_21\" class=\"footnote_tooltip\">Nina L. Khrushchev Cultural; <a href=\"https:\/\/www.jstor.org\/stable\/40972137\">Contradictions of Post-Communism: Why Liberal Reforms Did Not Succeed in Russia<\/a>. A Paper from the Project on Development, Trade, and International Finance. A Council on Foreign Relations Paper, New York,\u00a0 2000.<\/span><\/span><script type=\"text\/javascript\"> jQuery('#footnote_plugin_tooltip_14631_1_21').tooltip({ tip: '#footnote_plugin_tooltip_text_14631_1_21', tipClass: 'footnote_tooltip', effect: 'fade', predelay: 0, fadeInSpeed: 200, delay: 400, fadeOutSpeed: 200, position: 'top right', relative: true, offset: [10, 10], });<\/script>. Car au fond, dans un empire de ce type, tout est pens\u00e9, organis\u00e9 sous un mode autoritaire, centralis\u00e9, hi\u00e9rarchis\u00e9, non d\u00e9mocratique o\u00f9 tout proc\u00e8de du tsar ou de son substitut qui distribue les pr\u00e9bendes. Cela ne laisse gu\u00e8re de place \u00e0 l\u2019initiative, \u00e0 la cr\u00e9ativit\u00e9, \u00e0 la d\u00e9centralisation, au d\u00e9bat ou \u00e0 la concurrence. Si on ajoute \u00e0 cela la nature renti\u00e8re du r\u00e9gime \u00e9conomique\u2009; les incitations au changement sont faibles. C\u2019est d\u2019ailleurs la r\u00e9alit\u00e9 de ce mod\u00e8le russe, corrompu, d\u00e9motiv\u00e9, d\u00e9sorganis\u00e9, inefficace, mais r\u00e9sistant qui a \u00e9t\u00e9 r\u00e9v\u00e9l\u00e9 de mani\u00e8re spectaculaire par les d\u00e9faillances de son arm\u00e9e en Ukraine. En m\u00eame temps, l\u2019histoire russe nous enseigne que le changement y est souvent brutal et inattendu<span class=\"footnote_referrer\"><a role=\"button\" tabindex=\"0\" onclick=\"footnote_moveToReference_14631_1('footnote_plugin_reference_14631_1_22');\" onkeypress=\"footnote_moveToReference_14631_1('footnote_plugin_reference_14631_1_22');\" ><sup id=\"footnote_plugin_tooltip_14631_1_22\" class=\"footnote_plugin_tooltip_text\">(22)<\/sup><\/a><span id=\"footnote_plugin_tooltip_text_14631_1_22\" class=\"footnote_tooltip\">Vladimir Kara-Murza, <a href=\"https:\/\/www.washingtonpost.com\/opinions\/2023\/09\/11\/russia-post-putin-democracy-window-nuremberg-lustration\/\">Change will come to Russia \u2014 abruptly and unexpectedly<\/a>,Washington Post , 11 septembre 2023.<\/span><\/span><script type=\"text\/javascript\"> jQuery('#footnote_plugin_tooltip_14631_1_22').tooltip({ tip: '#footnote_plugin_tooltip_text_14631_1_22', tipClass: 'footnote_tooltip', effect: 'fade', predelay: 0, fadeInSpeed: 200, delay: 400, fadeOutSpeed: 200, position: 'top right', relative: true, offset: [10, 10], });<\/script>. Dans la mesure o\u00f9 les Europ\u00e9ens n\u2019ont pas les moyens de peser directement sur la transformation de la Russie, le seul levier dont ils disposent est celui qui doit permettre \u00e0 l\u2019Ukraine de gagner la guerre.<\/p>\n<div id=\"attachment_14648\" style=\"width: 610px\" class=\"wp-caption aligncenter\"><a href=\"https:\/\/www.sciencespo.fr\/research\/cogito\/wp-content\/uploads\/2023\/09\/Screenshot-2023-09-22-at-19-22-06-La-Russie-attaque-lUkraine-\u2022-PopulationData.net_.png\"><img aria-describedby=\"caption-attachment-14648\" decoding=\"async\" loading=\"lazy\" class=\"wp-image-14648\" src=\"https:\/\/www.sciencespo.fr\/research\/cogito\/wp-content\/uploads\/2023\/09\/Screenshot-2023-09-22-at-19-22-06-La-Russie-attaque-lUkraine-\u2022-PopulationData.net_.png\" alt=\"\" width=\"600\" height=\"421\" srcset=\"https:\/\/www.sciencespo.fr\/research\/cogito\/wp-content\/uploads\/2023\/09\/Screenshot-2023-09-22-at-19-22-06-La-Russie-attaque-lUkraine-\u2022-PopulationData.net_.png 910w, https:\/\/www.sciencespo.fr\/research\/cogito\/wp-content\/uploads\/2023\/09\/Screenshot-2023-09-22-at-19-22-06-La-Russie-attaque-lUkraine-\u2022-PopulationData.net_-300x210.png 300w, https:\/\/www.sciencespo.fr\/research\/cogito\/wp-content\/uploads\/2023\/09\/Screenshot-2023-09-22-at-19-22-06-La-Russie-attaque-lUkraine-\u2022-PopulationData.net_-768x538.png 768w, https:\/\/www.sciencespo.fr\/research\/cogito\/wp-content\/uploads\/2023\/09\/Screenshot-2023-09-22-at-19-22-06-La-Russie-attaque-lUkraine-\u2022-PopulationData.net_-208x146.png 208w, https:\/\/www.sciencespo.fr\/research\/cogito\/wp-content\/uploads\/2023\/09\/Screenshot-2023-09-22-at-19-22-06-La-Russie-attaque-lUkraine-\u2022-PopulationData.net_-50x35.png 50w, https:\/\/www.sciencespo.fr\/research\/cogito\/wp-content\/uploads\/2023\/09\/Screenshot-2023-09-22-at-19-22-06-La-Russie-attaque-lUkraine-\u2022-PopulationData.net_-107x75.png 107w\" sizes=\"(max-width: 600px) 100vw, 600px\" \/><\/a><p id=\"caption-attachment-14648\" class=\"wp-caption-text\">Carte de l\u2019attaque militaire russe en Ukraine, le 24 f\u00e9vrier 2022. Source : Wikip\u00e9dia<\/p><\/div>\n<div class=\"speaker-mute footnotes_reference_container\"> <div class=\"footnote_container_prepare\"><p><span role=\"button\" tabindex=\"0\" class=\"footnote_reference_container_label pointer\" onclick=\"footnote_expand_collapse_reference_container_14631_1();\">Notes<\/span><span role=\"button\" tabindex=\"0\" class=\"footnote_reference_container_collapse_button\" style=\"display: none;\" onclick=\"footnote_expand_collapse_reference_container_14631_1();\">[<a id=\"footnote_reference_container_collapse_button_14631_1\">+<\/a>]<\/span><\/p><\/div> <div id=\"footnote_references_container_14631_1\" style=\"\"><table class=\"footnotes_table footnote-reference-container\"><caption class=\"accessibility\">Notes<\/caption> <tbody> \r\n\r\n<tr class=\"footnotes_plugin_reference_row\"> <th scope=\"row\" class=\"footnote_plugin_index_combi pointer\"  onclick=\"footnote_moveToAnchor_14631_1('footnote_plugin_tooltip_14631_1_1');\"><a id=\"footnote_plugin_reference_14631_1_1\" class=\"footnote_backlink\"><span class=\"footnote_index_arrow\">&#8593;<\/span>1<\/a><\/th> <td class=\"footnote_plugin_text\">Engberg Katarina, <a href=\"https:\/\/www.sieps.se\/en\/publications\/2023\/germanys-role-in-a-geopolitically-changed-europe\/\">Germany\u2019s Role in a Geopolitically Changed Europe: the Thinking in Berlin<\/a>; ao\u00fbt 202, Swedish Institute for European Policy Studies.<\/td><\/tr>\r\n\r\n<tr class=\"footnotes_plugin_reference_row\"> <th scope=\"row\" class=\"footnote_plugin_index_combi pointer\"  onclick=\"footnote_moveToAnchor_14631_1('footnote_plugin_tooltip_14631_1_2');\"><a id=\"footnote_plugin_reference_14631_1_2\" class=\"footnote_backlink\"><span class=\"footnote_index_arrow\">&#8593;<\/span>2<\/a><\/th> <td class=\"footnote_plugin_text\">\u201c<a href=\"https:\/\/www.francetvinfo.fr\/replay-radio\/histoires-d-info\/l-europe-se-fera-dans-les-crises-et-elle-sera-la-somme-des-solutions-apportees-a-ces-crises-jean-monnet_1786093.html\">L\u2019Europe se fera dans les crises et elle sera la somme des solutions apport\u00e9es \u00e0 ces crises<\/a>\u201d. France Info, juin 2016. <\/td><\/tr>\r\n\r\n<tr class=\"footnotes_plugin_reference_row\"> <th scope=\"row\" class=\"footnote_plugin_index_combi pointer\"  onclick=\"footnote_moveToAnchor_14631_1('footnote_plugin_tooltip_14631_1_3');\"><a id=\"footnote_plugin_reference_14631_1_3\" class=\"footnote_backlink\"><span class=\"footnote_index_arrow\">&#8593;<\/span>3<\/a><\/th> <td class=\"footnote_plugin_text\">Sur l\u2019\u00e9cart entre principes th\u00e9oriques et op\u00e9rationnels cf, Zaki Laidi, <a href=\"https:\/\/ip-quarterly.com\/en\/meaning-geopolitical-europe-response-hans-kundnani\">The Meaning of Geopolitical Europe<\/a>; <i>Internationale Politik Quarterly,<\/i> janvier 2023.<\/td><\/tr>\r\n\r\n<tr class=\"footnotes_plugin_reference_row\"> <th scope=\"row\" class=\"footnote_plugin_index_combi pointer\"  onclick=\"footnote_moveToAnchor_14631_1('footnote_plugin_tooltip_14631_1_4');\"><a id=\"footnote_plugin_reference_14631_1_4\" class=\"footnote_backlink\"><span class=\"footnote_index_arrow\">&#8593;<\/span>4<\/a><\/th> <td class=\"footnote_plugin_text\"><a href=\"https:\/\/www.elysee.fr\/emmanuel-macron\/2017\/09\/26\/initiative-pour-l-europe-discours-d-emmanuel-macron-pour-une-europe-souveraine-unie-democratique\">Initiative pour l&rsquo;Europe &#8211; Discours d&rsquo;Emmanuel Macron pour une Europe souveraine, unie, d\u00e9mocratique.<\/a><\/td><\/tr>\r\n\r\n<tr class=\"footnotes_plugin_reference_row\"> <th scope=\"row\" class=\"footnote_plugin_index_combi pointer\"  onclick=\"footnote_moveToAnchor_14631_1('footnote_plugin_tooltip_14631_1_5');\"><a id=\"footnote_plugin_reference_14631_1_5\" class=\"footnote_backlink\"><span class=\"footnote_index_arrow\">&#8593;<\/span>5<\/a><\/th> <td class=\"footnote_plugin_text\">\u00a0Cf\u00a0 Jean Pierre Maulny, <a href=\"https:\/\/www.iris-france.org\/notes\/the-impact-of-the-war-in-ukraine-on-the-european-defense-market\/\">The Impact Of The War In Ukraine On The European Defence Market<\/a> , IRIS, septembre 2023.<\/td><\/tr>\r\n\r\n<tr class=\"footnotes_plugin_reference_row\"> <th scope=\"row\" class=\"footnote_plugin_index_combi pointer\"  onclick=\"footnote_moveToAnchor_14631_1('footnote_plugin_tooltip_14631_1_6');\"><a id=\"footnote_plugin_reference_14631_1_6\" class=\"footnote_backlink\"><span class=\"footnote_index_arrow\">&#8593;<\/span>6<\/a><\/th> <td class=\"footnote_plugin_text\">Eva Portier, Jean-Pascal Breton, \u00ab\u00a0<a href=\"https:\/\/www.defnat.com\/e-RDN\/vue-article-cahier.php?carticle=130&amp;cidcahier=1183\">The Future Air Combat System (SCAF): A European Defence Policy That is Moving Forward<\/a> \u00ab\u00a0, <i>Revue D\u00e9fense Nationale (RDN), <\/i>\u00a0\u00e9t\u00e9 2023.<\/td><\/tr>\r\n\r\n<tr class=\"footnotes_plugin_reference_row\"> <th scope=\"row\" class=\"footnote_plugin_index_combi pointer\"  onclick=\"footnote_moveToAnchor_14631_1('footnote_plugin_tooltip_14631_1_7');\"><a id=\"footnote_plugin_reference_14631_1_7\" class=\"footnote_backlink\"><span class=\"footnote_index_arrow\">&#8593;<\/span>7<\/a><\/th> <td class=\"footnote_plugin_text\">La Hongrie n\u2019a jamais fait opposition \u00e0 l\u2019adoption par les Etats membres des 7 premi\u00e8res tranches de la Facilit\u00e9 Europ\u00e9enne pour la Paix. Elle s\u2019est en revanche syst\u00e9matiquement abstenue lors des votes. Elle bloque actuellement l\u2019adoption d\u2019une huiti\u00e8me tranche.<\/td><\/tr>\r\n\r\n<tr class=\"footnotes_plugin_reference_row\"> <th scope=\"row\" class=\"footnote_plugin_index_combi pointer\"  onclick=\"footnote_moveToAnchor_14631_1('footnote_plugin_tooltip_14631_1_8');\"><a id=\"footnote_plugin_reference_14631_1_8\" class=\"footnote_backlink\"><span class=\"footnote_index_arrow\">&#8593;<\/span>8<\/a><\/th> <td class=\"footnote_plugin_text\">Hostomel sera finalement reprise par les russes mais d\u00e8s lors que l\u2019atterrissage des forces sp\u00e9ciales russes ne fut pas rendu possible, sa valeur s\u2019en trouva r\u00e9duite. Ils s\u2019en retireront le 1 Avril. Voir sur le tournant capital d\u2019Hostomel le r\u00e9cit document\u00e9 de Liam Collins, Michael Kofman, and John Spencer\u00a0; <a href=\"https:\/\/warontherocks.com\/2023\/08\/the-battle-of-hostomel-airport-a-key-moment-in-russias-defeat-in-kyiv\/\">The Battle of Hostomel Airport: A Key Moment in Russia\u2019s Defeat in Kyiv<\/a><i>, War on the rocks<\/i>, 10 ao\u00fbt 2023.<\/td><\/tr>\r\n\r\n<tr class=\"footnotes_plugin_reference_row\"> <th scope=\"row\" class=\"footnote_plugin_index_combi pointer\"  onclick=\"footnote_moveToAnchor_14631_1('footnote_plugin_tooltip_14631_1_9');\"><a id=\"footnote_plugin_reference_14631_1_9\" class=\"footnote_backlink\"><span class=\"footnote_index_arrow\">&#8593;<\/span>9<\/a><\/th> <td class=\"footnote_plugin_text\">Il faut cependant \u00e9viter de sur-interpr\u00e9ter ces chiffres car ils s\u2019appuient sur les propositions de la Commission en faveur de l\u2019Ukraine. N\u2019ayant pas \u00e9t\u00e9\u00a0 formellement adopt\u00e9s par les \u00c9tats membres, ils peuvent \u00eatre ramen\u00e9s \u00e0 la baisse par le Conseil europ\u00e9en.<\/td><\/tr>\r\n\r\n<tr class=\"footnotes_plugin_reference_row\"> <th scope=\"row\" class=\"footnote_plugin_index_combi pointer\"  onclick=\"footnote_moveToAnchor_14631_1('footnote_plugin_tooltip_14631_1_10');\"><a id=\"footnote_plugin_reference_14631_1_10\" class=\"footnote_backlink\"><span class=\"footnote_index_arrow\">&#8593;<\/span>10<\/a><\/th> <td class=\"footnote_plugin_text\">Tous ces chiffres sont tir\u00e9s du Kiel Institute for the World Economy qui a pourtant longtemps sous-estim\u00e9 l\u2019effort europ\u00e9en \u201c<a href=\"https:\/\/www.ifw-kiel.de\/topics\/war-against-ukraine\/ukraine-support-tracker\/\">Ukraine support tracker<\/a>\u201d, mais il est important de rappeler qu\u2019il s\u2019agit d\u2019engagements et non de versements.<\/td><\/tr>\r\n\r\n<tr class=\"footnotes_plugin_reference_row\"> <th scope=\"row\" class=\"footnote_plugin_index_combi pointer\"  onclick=\"footnote_moveToAnchor_14631_1('footnote_plugin_tooltip_14631_1_11');\"><a id=\"footnote_plugin_reference_14631_1_11\" class=\"footnote_backlink\"><span class=\"footnote_index_arrow\">&#8593;<\/span>11<\/a><\/th> <td class=\"footnote_plugin_text\">\u00c0 titre d\u2019exemple, le syst\u00e8me anti a\u00e9rien allemand IRIS-T SLM a permis aux ukrainiens d\u2019abattre 110 missiles de croisi\u00e8re russes et drones lanc\u00e9s sur Kyiv. Leur taux d\u2019interception aurait \u00e9t\u00e9 de 100%.<\/td><\/tr>\r\n\r\n<tr class=\"footnotes_plugin_reference_row\"> <th scope=\"row\" class=\"footnote_plugin_index_combi pointer\"  onclick=\"footnote_moveToAnchor_14631_1('footnote_plugin_tooltip_14631_1_12');\"><a id=\"footnote_plugin_reference_14631_1_12\" class=\"footnote_backlink\"><span class=\"footnote_index_arrow\">&#8593;<\/span>12<\/a><\/th> <td class=\"footnote_plugin_text\">ATACMS pour Arm Tactical Missile System, d\u2019une port\u00e9e de 300 km. Sa port\u00e9e, sa charge et sa pr\u00e9cision sont ses principaux atouts sans parler de leur invuln\u00e9rabilit\u00e9 \u00e0 une contre mesure russe. L\u2019\u00e9quivalent europ\u00e9en est le Storm Shadow britannique et le SCALP fran\u00e7ais conjointement fabriqu\u00e9s par Paris et Londres. <\/td><\/tr>\r\n\r\n<tr class=\"footnotes_plugin_reference_row\"> <th scope=\"row\" class=\"footnote_plugin_index_combi pointer\"  onclick=\"footnote_moveToAnchor_14631_1('footnote_plugin_tooltip_14631_1_13');\"><a id=\"footnote_plugin_reference_14631_1_13\" class=\"footnote_backlink\"><span class=\"footnote_index_arrow\">&#8593;<\/span>13<\/a><\/th> <td class=\"footnote_plugin_text\">Sergei Guriev, <a href=\"https:\/\/www.project-syndicate.org\/commentary\/ruble-decline-growing-budget-deficit-funding-ukraine-war-by-sergei-guriev-2023-08\">The Russia Sanctions Are Working<\/a>, Project Syndicate,22 ao\u00fbt 2023.<\/td><\/tr>\r\n\r\n<tr class=\"footnotes_plugin_reference_row\"> <th scope=\"row\" class=\"footnote_plugin_index_combi pointer\"  onclick=\"footnote_moveToAnchor_14631_1('footnote_plugin_tooltip_14631_1_14');\"><a id=\"footnote_plugin_reference_14631_1_14\" class=\"footnote_backlink\"><span class=\"footnote_index_arrow\">&#8593;<\/span>14<\/a><\/th> <td class=\"footnote_plugin_text\">Cf , Nicolas Werth, <a href=\"https:\/\/tracts.gallimard.fr\/fr\/products\/poutine-historien-en-chef\">Poutine historien\u00a0 en chef,<\/a> Gallimard , Tracts 2022.<\/td><\/tr>\r\n\r\n<tr class=\"footnotes_plugin_reference_row\"> <th scope=\"row\" class=\"footnote_plugin_index_combi pointer\"  onclick=\"footnote_moveToAnchor_14631_1('footnote_plugin_tooltip_14631_1_15');\"><a id=\"footnote_plugin_reference_14631_1_15\" class=\"footnote_backlink\"><span class=\"footnote_index_arrow\">&#8593;<\/span>15<\/a><\/th> <td class=\"footnote_plugin_text\">Dmitri Alperovitch, <a href=\"https:\/\/foreignpolicy.com\/2023\/09\/05\/yevgeny-prigozhin-assassination-vladimir-putin-wagner-deal-revenge\/?tpcc=recirc_trending062921\">Prigozhin\u2019s Assassination Was Business, Not Revenge<\/a>, Foreign Policy, 5\u00a0 septembre\u00a0 2023.<\/td><\/tr>\r\n\r\n<tr class=\"footnotes_plugin_reference_row\"> <th scope=\"row\" class=\"footnote_plugin_index_combi pointer\"  onclick=\"footnote_moveToAnchor_14631_1('footnote_plugin_tooltip_14631_1_16');\"><a id=\"footnote_plugin_reference_14631_1_16\" class=\"footnote_backlink\"><span class=\"footnote_index_arrow\">&#8593;<\/span>16<\/a><\/th> <td class=\"footnote_plugin_text\">Guerassimov cumule de fa\u00e7on in\u00e9dite les fonctions de chef\u00a0 d\u2019\u00c9tat-major\u00a0 de l\u2019arm\u00e9e russe et de chef des\u00a0 forces russes en Ukraine.<\/td><\/tr>\r\n\r\n<tr class=\"footnotes_plugin_reference_row\"> <th scope=\"row\" class=\"footnote_plugin_index_combi pointer\"  onclick=\"footnote_moveToAnchor_14631_1('footnote_plugin_tooltip_14631_1_17');\"><a id=\"footnote_plugin_reference_14631_1_17\" class=\"footnote_backlink\"><span class=\"footnote_index_arrow\">&#8593;<\/span>17<\/a><\/th> <td class=\"footnote_plugin_text\">Du nom du g\u00e9n\u00e9ral Surovikin qui les a mis en place apr\u00e8s la contre-offensive ukrainienne \u00e0 Kherson. Depuis Surovikin a disparu, probablement en raison de ses liens avec Prigojine. Paradoxalement il est \u00e0 l\u2019origine du seul geste d\u00e9fensif pens\u00e9 de fa\u00e7on coh\u00e9rente par la Russie depuis le d\u00e9but de la guerre.<\/td><\/tr>\r\n\r\n<tr class=\"footnotes_plugin_reference_row\"> <th scope=\"row\" class=\"footnote_plugin_index_combi pointer\"  onclick=\"footnote_moveToAnchor_14631_1('footnote_plugin_tooltip_14631_1_18');\"><a id=\"footnote_plugin_reference_14631_1_18\" class=\"footnote_backlink\"><span class=\"footnote_index_arrow\">&#8593;<\/span>18<\/a><\/th> <td class=\"footnote_plugin_text\">C\u2019est un r\u00e9sultat non n\u00e9gligeable car la Russie aurait consacr\u00e9 60% de ses ressources et de son temps \u00e0 la construction de la premi\u00e8re ligne contre 20% pour la seconde et la troisi\u00e8me ligne. Cf Katerina Chernovol, \u201c<a href=\"https:\/\/ukrainetoday.org\/2023\/09\/02\/tarnavsky-on-the-offensive-in-the-south-the-closer-to-victory-the-more-difficult\/\">Tarnavsky on the offensive in the south: the closer to victory, the more difficult<\/a>\u201d, Ukraine today.org; 05\u00a0 \u00a0 septembre 2023.<\/td><\/tr>\r\n\r\n<tr class=\"footnotes_plugin_reference_row\"> <th scope=\"row\" class=\"footnote_plugin_index_combi pointer\"  onclick=\"footnote_moveToAnchor_14631_1('footnote_plugin_tooltip_14631_1_19');\"><a id=\"footnote_plugin_reference_14631_1_19\" class=\"footnote_backlink\"><span class=\"footnote_index_arrow\">&#8593;<\/span>19<\/a><\/th> <td class=\"footnote_plugin_text\">Sur les d\u00e9tails de la contre-offensive et les perspectives de victoire ukrainienne cf, Richard Barrons, <a href=\"https:\/\/www.ft.com\/content\/be5d133b-e757-4615-881f-256337f05b6c\">Ukraine cannot win against Russia now, but victory by 2025 is possible<\/a>. Financial Times , 4 septembre 2023.<\/td><\/tr>\r\n\r\n<tr class=\"footnotes_plugin_reference_row\"> <th scope=\"row\" class=\"footnote_plugin_index_combi pointer\"  onclick=\"footnote_moveToAnchor_14631_1('footnote_plugin_tooltip_14631_1_20');\"><a id=\"footnote_plugin_reference_14631_1_20\" class=\"footnote_backlink\"><span class=\"footnote_index_arrow\">&#8593;<\/span>20<\/a><\/th> <td class=\"footnote_plugin_text\">T. Andrei Kolesnikov &#8211;<a href=\"https:\/\/www.foreignaffairs.com\/russian-federation\/vladimir-putin-end-russian-idea\"> The End of the Russian Idea: What It Will Take to Break Putinism\u2019s Grip?<\/a>, Foreign Affairs, Septembre \/ Octobre 2023\u00a0 et Valery Garbuzov, in Nezavisima Gazeta du 30 ao\u00fbt 2023.<\/td><\/tr>\r\n\r\n<tr class=\"footnotes_plugin_reference_row\"> <th scope=\"row\" class=\"footnote_plugin_index_combi pointer\"  onclick=\"footnote_moveToAnchor_14631_1('footnote_plugin_tooltip_14631_1_21');\"><a id=\"footnote_plugin_reference_14631_1_21\" class=\"footnote_backlink\"><span class=\"footnote_index_arrow\">&#8593;<\/span>21<\/a><\/th> <td class=\"footnote_plugin_text\">Nina L. Khrushchev Cultural; <a href=\"https:\/\/www.jstor.org\/stable\/40972137\">Contradictions of Post-Communism: Why Liberal Reforms Did Not Succeed in Russia<\/a>. A Paper from the Project on Development, Trade, and International Finance. A Council on Foreign Relations Paper, New York,\u00a0 2000.<\/td><\/tr>\r\n\r\n<tr class=\"footnotes_plugin_reference_row\"> <th scope=\"row\" class=\"footnote_plugin_index_combi pointer\"  onclick=\"footnote_moveToAnchor_14631_1('footnote_plugin_tooltip_14631_1_22');\"><a id=\"footnote_plugin_reference_14631_1_22\" class=\"footnote_backlink\"><span class=\"footnote_index_arrow\">&#8593;<\/span>22<\/a><\/th> <td class=\"footnote_plugin_text\">Vladimir Kara-Murza, <a href=\"https:\/\/www.washingtonpost.com\/opinions\/2023\/09\/11\/russia-post-putin-democracy-window-nuremberg-lustration\/\">Change will come to Russia \u2014 abruptly and unexpectedly<\/a>,Washington Post , 11 septembre 2023.<\/td><\/tr>\r\n\r\n <\/tbody> <\/table> <\/div><\/div><script type=\"text\/javascript\"> function footnote_expand_reference_container_14631_1() { jQuery('#footnote_references_container_14631_1').show(); jQuery('#footnote_reference_container_collapse_button_14631_1').text('\u2212'); } function footnote_collapse_reference_container_14631_1() { jQuery('#footnote_references_container_14631_1').hide(); jQuery('#footnote_reference_container_collapse_button_14631_1').text('+'); } function footnote_expand_collapse_reference_container_14631_1() { if (jQuery('#footnote_references_container_14631_1').is(':hidden')) { footnote_expand_reference_container_14631_1(); } else { footnote_collapse_reference_container_14631_1(); } } function footnote_moveToReference_14631_1(p_str_TargetID) { footnote_expand_reference_container_14631_1(); var l_obj_Target = jQuery('#' + p_str_TargetID); if (l_obj_Target.length) { jQuery( 'html, body' ).delay( 0 ); jQuery('html, body').animate({ scrollTop: l_obj_Target.offset().top - window.innerHeight * 0.2 }, 380); } } function footnote_moveToAnchor_14631_1(p_str_TargetID) { footnote_expand_reference_container_14631_1(); var l_obj_Target = jQuery('#' + p_str_TargetID); if (l_obj_Target.length) { jQuery( 'html, body' ).delay( 0 ); jQuery('html, body').animate({ scrollTop: l_obj_Target.offset().top - window.innerHeight * 0.2 }, 380); } }<\/script>","protected":false},"excerpt":{"rendered":"<p>Dans cet entretien exclusif avec Sylvain Kahn, sp\u00e9cialiste de l\u2019Europe, chercheur au Centre d\u2019histoire de Sciences Po, Zaki La\u00efdi, directeur de recherche \u00e0 Sciences Po<span class=\"excerpt-hellip\"> [\u2026]<\/span><\/p>\n","protected":false},"author":3,"featured_media":14669,"comment_status":"closed","ping_status":"open","sticky":false,"template":"","format":"standard","meta":{"footnotes":""},"categories":[339,342],"tags":[89,92,68,338],"_links":{"self":[{"href":"https:\/\/www.sciencespo.fr\/research\/cogito\/home\/wp-json\/wp\/v2\/posts\/14631"}],"collection":[{"href":"https:\/\/www.sciencespo.fr\/research\/cogito\/home\/wp-json\/wp\/v2\/posts"}],"about":[{"href":"https:\/\/www.sciencespo.fr\/research\/cogito\/home\/wp-json\/wp\/v2\/types\/post"}],"author":[{"embeddable":true,"href":"https:\/\/www.sciencespo.fr\/research\/cogito\/home\/wp-json\/wp\/v2\/users\/3"}],"replies":[{"embeddable":true,"href":"https:\/\/www.sciencespo.fr\/research\/cogito\/home\/wp-json\/wp\/v2\/comments?post=14631"}],"version-history":[{"count":10,"href":"https:\/\/www.sciencespo.fr\/research\/cogito\/home\/wp-json\/wp\/v2\/posts\/14631\/revisions"}],"predecessor-version":[{"id":14657,"href":"https:\/\/www.sciencespo.fr\/research\/cogito\/home\/wp-json\/wp\/v2\/posts\/14631\/revisions\/14657"}],"wp:featuredmedia":[{"embeddable":true,"href":"https:\/\/www.sciencespo.fr\/research\/cogito\/home\/wp-json\/wp\/v2\/media\/14669"}],"wp:attachment":[{"href":"https:\/\/www.sciencespo.fr\/research\/cogito\/home\/wp-json\/wp\/v2\/media?parent=14631"}],"wp:term":[{"taxonomy":"category","embeddable":true,"href":"https:\/\/www.sciencespo.fr\/research\/cogito\/home\/wp-json\/wp\/v2\/categories?post=14631"},{"taxonomy":"post_tag","embeddable":true,"href":"https:\/\/www.sciencespo.fr\/research\/cogito\/home\/wp-json\/wp\/v2\/tags?post=14631"}],"curies":[{"name":"wp","href":"https:\/\/api.w.org\/{rel}","templated":true}]}}