{"id":14168,"date":"2023-04-16T17:00:47","date_gmt":"2023-04-16T15:00:47","guid":{"rendered":"https:\/\/www.sciencespo.fr\/research\/cogito\/home\/?p=14168"},"modified":"2023-06-20T08:43:29","modified_gmt":"2023-06-20T06:43:29","slug":"truth-without-justice-law-in-the-face-of-mass-crimes","status":"publish","type":"post","link":"https:\/\/www.sciencespo.fr\/research\/cogito\/home\/truth-without-justice-law-in-the-face-of-mass-crimes\/?lang=en","title":{"rendered":"Truth without Justice? Law in the Face of Mass Crimes"},"content":{"rendered":"<p style=\"text-align: right;\"><em>By <a href=\"https:\/\/www.sciencespo.fr\/ecole-de-droit\/en\/profile\/saada-julie-0.html\" target=\"_blank\" rel=\"noopener noreferrer\">Julie Saada<\/a><\/em><\/p>\n<p>Since the Russian invasion of Ukraine on February 24, 2022, many abuses have been committed <a href=\"https:\/\/www.ohchr.org\/en\/hr-bodies\/hrc\/iicihr-ukraine\/index\">according to an independent United Nations commission<\/a><span class=\"footnote_referrer\"><a role=\"button\" tabindex=\"0\" onclick=\"footnote_moveToReference_14168_1('footnote_plugin_reference_14168_1_1');\" onkeypress=\"footnote_moveToReference_14168_1('footnote_plugin_reference_14168_1_1');\" ><sup id=\"footnote_plugin_tooltip_14168_1_1\" class=\"footnote_plugin_tooltip_text\">(1)<\/sup><\/a><span id=\"footnote_plugin_tooltip_text_14168_1_1\" class=\"footnote_tooltip\">The Independent International Commission of Inquiry on Ukraine presented its findings on events during late February and March 2022 in the Kyiv, Chernihiv, Kharkiv and Sumy regions on 18 October 2022. <a href=\"https:\/\/www.ohchr.org\/en\/documents\/reports\/a77533-independent-international-commission-inquiry-ukraine-note-secretary\">Findings about events during late February and March 2022 in the four regions of Kyiv, Chernihiv, Kharkiv, and Sumy<\/a>, <a href=\"https:\/\/www.ohchr.org\/en\/documents\/reports\/a77533-independent-international-commission-inquiry-ukraine-note-secretary\">Independent International Commission of Inquiry on Ukraine &#8211; Note by the Secretary-General<\/a> (<a href=\"https:\/\/www.ohchr.org\/en\/documents\/reports\/a77533-independent-international-commission-inquiry-ukraine-note-secretary\">A\/77\/533<\/a>).<\/span><\/span><script type=\"text\/javascript\"> jQuery('#footnote_plugin_tooltip_14168_1_1').tooltip({ tip: '#footnote_plugin_tooltip_text_14168_1_1', tipClass: 'footnote_tooltip', effect: 'fade', predelay: 0, fadeInSpeed: 200, delay: 400, fadeOutSpeed: 200, position: 'top right', relative: true, offset: [10, 10], });<\/script>: murders, arbitrary detentions and enforced disappearances, torture and mistreatment, and sexual violence. Ongoing since the start of the conflict in different areas, the search for evidence aims to establish the truth about the acts committed in anticipation of initiating criminal proceedings. These searches come from a demand for truth and justice both by certain governments as well as by civil society, including NGOs and legal actors. They also provide opportunity to reaffirm the prohibition of resorting to the use of force as well as the international criminal liability of perpetrators of war crimes, crimes of aggression, crimes against humanity, and genocide\u2009\u2013\u2009all of which fall under the jurisdiction of the International Criminal Court created by the Rome Statute in 1998 and first called to order in 2002.<\/p>\n<h4>An Established Right<\/h4>\n<div id=\"attachment_13965\" style=\"width: 310px\" class=\"wp-caption alignright\"><a href=\"https:\/\/trialinternational.org\/fr\/latest-post\/gambie-lonu-en-faveur-de-poursuites-contre-les-auteurs-des-crimes-de-lere-jammeh\/\"><img aria-describedby=\"caption-attachment-13965\" decoding=\"async\" loading=\"lazy\" class=\"wp-image-13965 size-medium\" src=\"https:\/\/www.sciencespo.fr\/research\/cogito\/wp-content\/uploads\/2013\/02\/Screenshot-2023-02-17-at-16-12-59-Gambie-lONU-en-faveur-de-poursuites-contre-les-auteurs-des-crimes-de-lere-Jammeh-TRIAL-International-300x219.png\" alt=\"La d\u00e9cision de l\u2019organe onusien est un signe d\u2019espoir pour toutes les personnes qui sont sans nouvelles de proches disparus sous Jammeh en Gambie. \u00a9 Jason Florio \/ TRIAL International\" width=\"300\" height=\"219\" srcset=\"https:\/\/www.sciencespo.fr\/research\/cogito\/wp-content\/uploads\/2013\/02\/Screenshot-2023-02-17-at-16-12-59-Gambie-lONU-en-faveur-de-poursuites-contre-les-auteurs-des-crimes-de-lere-Jammeh-TRIAL-International-300x219.png 300w, https:\/\/www.sciencespo.fr\/research\/cogito\/wp-content\/uploads\/2013\/02\/Screenshot-2023-02-17-at-16-12-59-Gambie-lONU-en-faveur-de-poursuites-contre-les-auteurs-des-crimes-de-lere-Jammeh-TRIAL-International-200x146.png 200w, https:\/\/www.sciencespo.fr\/research\/cogito\/wp-content\/uploads\/2013\/02\/Screenshot-2023-02-17-at-16-12-59-Gambie-lONU-en-faveur-de-poursuites-contre-les-auteurs-des-crimes-de-lere-Jammeh-TRIAL-International-50x37.png 50w, https:\/\/www.sciencespo.fr\/research\/cogito\/wp-content\/uploads\/2013\/02\/Screenshot-2023-02-17-at-16-12-59-Gambie-lONU-en-faveur-de-poursuites-contre-les-auteurs-des-crimes-de-lere-Jammeh-TRIAL-International-103x75.png 103w, https:\/\/www.sciencespo.fr\/research\/cogito\/wp-content\/uploads\/2013\/02\/Screenshot-2023-02-17-at-16-12-59-Gambie-lONU-en-faveur-de-poursuites-contre-les-auteurs-des-crimes-de-lere-Jammeh-TRIAL-International.png 634w\" sizes=\"(max-width: 300px) 100vw, 300px\" \/><\/a><p id=\"caption-attachment-13965\" class=\"wp-caption-text\">The decision of the UN is a sign of hope for all those who are without news of relatives disappeared under Jammeh in Gambia. \u00a9 Jason Florio \/ TRIAL International<\/p><\/div>\n<p>The quest for truth in the context of serious human rights violations and its expression as part of a demand for justice constitute major issues during and after conflicts. International law even defines a \u2018right to the truth\u2019, codified in article\u00a024(2) of the <a href=\"https:\/\/www.ohchr.org\/en\/instruments-mechanisms\/instruments\/international-convention-protection-all-persons-enforced\">International Convention for the Protection of All Persons from Enforced Disappearance<\/a>, which came into effect in 2010. It states, \u2018the right to know the truth regarding the circumstances of the enforced disappearances, the progress and results of the investigation and the fate of the disappeared person\u2019 and requires states to take steps to implement it. While it has already been established that enforced disappearances have taken place in Ukraine, the demands for truth go much further to encompass the entirety of the crimes committed, while at the same time satisfying demands for justice in any criminal proceedings that may be initiated during or after the conflict.<\/p>\n<h4>Truth Versus Justice?<\/h4>\n<p>In the forms of justice adopted coming out of conflicts, recourse to criminal justice is far from the most frequent form of justice, and the quest for truth can get separated from, or pitted against, the quest for justice. Thus, some supporters of the right to the truth initially defined it as a component of the right to know that can oblige a state to open an investigation, distinguishing it from the right to justice, which implies establishing liability by criminal prosecution rather than solely by the results of investigations. The quest for truth has also been opposed to the quest for criminal justice because the latter would not achieve the sought-after objectives of post-conflict contexts: trials focus on the past whereas what matters in political transitions is the future; trials hinder peace processes (some parties to the conflict might have an interest in continuing the conflict to avoid prosecution); they polarise populations by simplistically categorising criminals and victims; or they apply a victor\u2019s justice that excludes certain groups from post-conflict society.<\/p>\n<p>Trials are also criticised for obstructing public awareness of the truth. Perpetrators would have an interest in hiding the truth given the risk of sanctions, while the limited space accorded to the victims would prevent the examination of significant elements. More generally, the resulting truth would be a legal one as opposed to a historical one. In court, the truth would be determined by criminal law and procedure. Trials only shed light on one aspect of crimes: the principle of individualisation of criminal responsibility falls short of grasping the chains of military, administrative, and political command, the indirect participation of other actors, and the broader social structures fostering the crimes. However, the specificity of mass crimes lies in their inextricability from these broader structures, as established by Rapha\u00ebl Lemkin, who coined the concept of genocide in 1944.<\/p>\n<div id=\"attachment_14053\" style=\"width: 310px\" class=\"wp-caption alignleft\"><img aria-describedby=\"caption-attachment-14053\" decoding=\"async\" loading=\"lazy\" class=\"wp-image-14053 size-medium\" src=\"https:\/\/www.sciencespo.fr\/research\/cogito\/wp-content\/uploads\/2013\/02\/shutterstock_785841286-300x205.jpg\" alt=\"Armenians killed during the Armenian Genocide. Massacre, starvation, and exhaustion destroyed the larger part of the Armenian refugees in 1915. Turkish policy was that of extermination under the guise\" width=\"300\" height=\"205\" srcset=\"https:\/\/www.sciencespo.fr\/research\/cogito\/wp-content\/uploads\/2013\/02\/shutterstock_785841286-300x205.jpg 300w, https:\/\/www.sciencespo.fr\/research\/cogito\/wp-content\/uploads\/2013\/02\/shutterstock_785841286-768x525.jpg 768w, https:\/\/www.sciencespo.fr\/research\/cogito\/wp-content\/uploads\/2013\/02\/shutterstock_785841286-213x146.jpg 213w, https:\/\/www.sciencespo.fr\/research\/cogito\/wp-content\/uploads\/2013\/02\/shutterstock_785841286-50x34.jpg 50w, https:\/\/www.sciencespo.fr\/research\/cogito\/wp-content\/uploads\/2013\/02\/shutterstock_785841286-110x75.jpg 110w, https:\/\/www.sciencespo.fr\/research\/cogito\/wp-content\/uploads\/2013\/02\/shutterstock_785841286.jpg 1000w\" sizes=\"(max-width: 300px) 100vw, 300px\" \/><p id=\"caption-attachment-14053\" class=\"wp-caption-text\">Armenians killed during the Armenian Genocide. Massacre, starvation, and exhaustion destroyed the larger part of the Armenian refugees in 1915. Turkish policy was that of extermination under the guise. \u00a9 2003-2023 Shutterstock,<\/p><\/div>\n<p>In his earliest work on the Armenian genocide, Rapha\u00ebl Lemkin demonstrated that extermination marks the end of a process that began much earlier, such that genocide can only be fully grasped by analysing the social contexts on a broad scale, well beyond the criminal categories that individualise guilt and require direct evidence. Consequently, even if criminal investigations produce a wealth of contextual information and some trials have tapped historians as expert witnesses, criminal justice might paradoxically limit access to knowledge of social processes that lead to the awareness of historical truth and of the production of a collective narrative developed in the post-conflict period.<\/p>\n<p>The rise of truth and reconciliation commissions since the 1980s has sought to resolve some of these difficulties by enabling knowledge of the truth about the crimes committed (such as the South African commission, where amnesty could be granted in exchange for a full confession), the accomplices, the circumstances of the crimes or even the location of the bodies\u2009\u2013\u2009as was the case in Argentina with the \u2018Truth Trials\u2019 (without criminal proceedings). These commissions also promote the right to know as well as to mourn the victims. Moreover, they better respond to public demand for truth after a period of extreme violence, repression, and secrecy\u2009\u2013\u2009especially in the case of dictatorships\u2009\u2013\u2009all while allowing for a plurality of narratives that, when told in public, can be pacifying and socially inclusive. In sum, narrative truth can foster the reconstruction of social ties by recognising the diversity of narratives in the public space as well as the production of a collective memory.<\/p>\n<p>Such are the benefits of these solutions, sometimes as alternatives to, sometimes complementary to, criminal proceedings, which come down to separating the right to truth from the right to justice in the name of a transition to the rule of law and democracy.<\/p>\n<h4>Truth and Justice: Towards an Interdependence of Rights<\/h4>\n<div id=\"attachment_13967\" style=\"width: 310px\" class=\"wp-caption alignright\"><img aria-describedby=\"caption-attachment-13967\" decoding=\"async\" loading=\"lazy\" class=\"wp-image-13967 size-medium\" src=\"https:\/\/www.sciencespo.fr\/research\/cogito\/wp-content\/uploads\/2013\/02\/defendantstalk-nuremberg-59d78a-300x226.jpg\" alt=\"Les accus\u00e9s se parlent et parlent \u00e0 leur avocat pendant une pause au Tribunal militaire international \u00e0 Nuremberg. Wikimedia Commons. Domaine public\" width=\"300\" height=\"226\" srcset=\"https:\/\/www.sciencespo.fr\/research\/cogito\/wp-content\/uploads\/2013\/02\/defendantstalk-nuremberg-59d78a-300x226.jpg 300w, https:\/\/www.sciencespo.fr\/research\/cogito\/wp-content\/uploads\/2013\/02\/defendantstalk-nuremberg-59d78a-193x146.jpg 193w, https:\/\/www.sciencespo.fr\/research\/cogito\/wp-content\/uploads\/2013\/02\/defendantstalk-nuremberg-59d78a-50x38.jpg 50w, https:\/\/www.sciencespo.fr\/research\/cogito\/wp-content\/uploads\/2013\/02\/defendantstalk-nuremberg-59d78a-99x75.jpg 99w, https:\/\/www.sciencespo.fr\/research\/cogito\/wp-content\/uploads\/2013\/02\/defendantstalk-nuremberg-59d78a.jpg 640w\" sizes=\"(max-width: 300px) 100vw, 300px\" \/><p id=\"caption-attachment-13967\" class=\"wp-caption-text\">The accused speak to each other and to their lawyer during a break at the International Military Tribunal in Nuremberg. Wikimedia Commons.1946. Public domain<\/p><\/div>\n<p>This vision of the right to truth, understood in a limited legal sense or as a broader moral right, rests nevertheless on debatable assumptions. Trials do not aim to produce a public narrative based on consensus with inclusiveness based on the equal consideration of agents whether they are victims, perpetrators, or accomplices. And such a narrative does not necessarily restore the sought-after social trust beyond the end of the violence when the crimes committed have deeply fractured societies. Finally, how to reconcile the promotion of a single, consensus-based narrative if postmodern democracies\u2009\u2013\u2009to use Mark Osiel\u2019s phrase<span class=\"footnote_referrer\"><a role=\"button\" tabindex=\"0\" onclick=\"footnote_moveToReference_14168_1('footnote_plugin_reference_14168_1_2');\" onkeypress=\"footnote_moveToReference_14168_1('footnote_plugin_reference_14168_1_2');\" ><sup id=\"footnote_plugin_tooltip_14168_1_2\" class=\"footnote_plugin_tooltip_text\">(2)<\/sup><\/a><span id=\"footnote_plugin_tooltip_text_14168_1_2\" class=\"footnote_tooltip\">Mark Osiel, <a href=\"https:\/\/www.routledge.com\/Mass-Atrocity-Collective-Memory-and-the-Law\/Osiel\/p\/book\/9780765806635\" target=\"_blank\" rel=\"noopener noreferrer\"><i>Mass Atrocity, Collective Memory, and the Law<\/i><\/a>, New Jersey:Transaction Book, 1997.<\/span><\/span><script type=\"text\/javascript\"> jQuery('#footnote_plugin_tooltip_14168_1_2').tooltip({ tip: '#footnote_plugin_tooltip_text_14168_1_2', tipClass: 'footnote_tooltip', effect: 'fade', predelay: 0, fadeInSpeed: 200, delay: 400, fadeOutSpeed: 200, position: 'top right', relative: true, offset: [10, 10], });<\/script> \u2014\u2009are characterised by pluralism and an economy of moral disagreement?<\/p>\n<p>Of course, separating the right to truth from the right to justice is sometimes the only politically feasible solution. In some contexts, satisfying the right to truth facilitates subsequent criminal prosecution by documenting crimes, as was the case in Argentina. But it remains difficult to separate these two rights considering their objectives. The right to truth influences the realisation of other human rights by requiring states to investigate crimes, thus underscoring the interdependence of these rights. Moreover, it is difficult to justify impunity\u2009\u2013\u2009that is, the denial of rights\u2009\u2013\u2009with the aim of establishing the rule of law that confers equal rights on individuals and refuses to prioritise fundamental rights. No narrative can be inclusive and, therefore, democratic, if it is built on the denial of victims\u2019 rights, since the principle of equality before the law also implies the protection of individuals by the law. Implementing an unequal process (by denying the rights of victims in the name of constructing a consensus-based and inclusive narrative) cannot promote equal rights. On the contrary, recognising the dignity of human beings implies the right not to disappear in secrecy (in the case of enforced disappearances) and requires the criminal punishment of fundamental rights violations.<\/p>\n<p>In the 2000s, the right to truth became a tool for invalidating amnesty laws when they were found to impede investigations and the identification of those responsible for human rights violations, their punishment, and the adoption of reparation measures. The right to truth then became a component of the right to justice and its scope went beyond the case of enforced disappearances to include all mass human rights violations, including extrajudicial killings and torture.<\/p>\n<p>In addition, we can introduce two additional arguments from different ethical schools. From a deontological point of view, the idea that \u2018justice must be done\u2019 implies that the perpetrator of a crime must be punished, regardless of the social effects, simply because the criminal act is intrinsically evil. And respect for fundamental rights, such as the right to a fair trial and the punishment of perpetrators of the most serious crimes, is all the more necessary when our deepest moral values have been attacked, as Michael Walzer points out<span class=\"footnote_referrer\"><a role=\"button\" tabindex=\"0\" onclick=\"footnote_moveToReference_14168_1('footnote_plugin_reference_14168_1_3');\" onkeypress=\"footnote_moveToReference_14168_1('footnote_plugin_reference_14168_1_3');\" ><sup id=\"footnote_plugin_tooltip_14168_1_3\" class=\"footnote_plugin_tooltip_text\">(3)<\/sup><\/a><span id=\"footnote_plugin_tooltip_text_14168_1_3\" class=\"footnote_tooltip\">Michael Walzer, <a href=\"https:\/\/www.basicbooks.com\/titles\/michael-walzer\/just-and-unjust-wars\/9780465052714\/\" target=\"_blank\" rel=\"noopener noreferrer\"><i>Just and Unjust Wars: A Moral Argument with Historical Illustrations<\/i><\/a>, New York: Basic Books, 2000, p. 289.<\/span><\/span><script type=\"text\/javascript\"> jQuery('#footnote_plugin_tooltip_14168_1_3').tooltip({ tip: '#footnote_plugin_tooltip_text_14168_1_3', tipClass: 'footnote_tooltip', effect: 'fade', predelay: 0, fadeInSpeed: 200, delay: 400, fadeOutSpeed: 200, position: 'top right', relative: true, offset: [10, 10], });<\/script>.<\/p>\n<div id=\"attachment_14056\" style=\"width: 310px\" class=\"wp-caption alignleft\"><img aria-describedby=\"caption-attachment-14056\" decoding=\"async\" loading=\"lazy\" class=\"wp-image-14056 size-medium\" src=\"https:\/\/www.sciencespo.fr\/research\/cogito\/wp-content\/uploads\/2013\/02\/23774448014_297bcf8257_c-300x209.jpg\" alt=\"\" width=\"300\" height=\"209\" srcset=\"https:\/\/www.sciencespo.fr\/research\/cogito\/wp-content\/uploads\/2013\/02\/23774448014_297bcf8257_c-300x209.jpg 300w, https:\/\/www.sciencespo.fr\/research\/cogito\/wp-content\/uploads\/2013\/02\/23774448014_297bcf8257_c-768x535.jpg 768w, https:\/\/www.sciencespo.fr\/research\/cogito\/wp-content\/uploads\/2013\/02\/23774448014_297bcf8257_c-210x146.jpg 210w, https:\/\/www.sciencespo.fr\/research\/cogito\/wp-content\/uploads\/2013\/02\/23774448014_297bcf8257_c-50x35.jpg 50w, https:\/\/www.sciencespo.fr\/research\/cogito\/wp-content\/uploads\/2013\/02\/23774448014_297bcf8257_c-108x75.jpg 108w, https:\/\/www.sciencespo.fr\/research\/cogito\/wp-content\/uploads\/2013\/02\/23774448014_297bcf8257_c.jpg 800w\" sizes=\"(max-width: 300px) 100vw, 300px\" \/><p id=\"caption-attachment-14056\" class=\"wp-caption-text\">View of the defendants in the dock at the International Military Tribunal trial of war criminals in Nuremberg.1946. Pyright. Source : the United States Holocaust Memorial Museum. Copyright<br \/>public domain<\/p><\/div>\n<p>From a consequentialist point of view, it is not only useful for international crimes to be punished by international law (which, without punishment, would only be morality, as John Austin and Max Weber argued<span class=\"footnote_referrer\"><a role=\"button\" tabindex=\"0\" onclick=\"footnote_moveToReference_14168_1('footnote_plugin_reference_14168_1_4');\" onkeypress=\"footnote_moveToReference_14168_1('footnote_plugin_reference_14168_1_4');\" ><sup id=\"footnote_plugin_tooltip_14168_1_4\" class=\"footnote_plugin_tooltip_text\">(4)<\/sup><\/a><span id=\"footnote_plugin_tooltip_text_14168_1_4\" class=\"footnote_tooltip\">John Austin, <a href=\"https:\/\/www.cambridge.org\/core\/books\/abs\/austin-the-province-of-jurisprudence-determined\/lecture-i\/DFACA9497BB9458160B9AC7DAFA2A043\" target=\"_blank\" rel=\"noopener noreferrer\"><i>The Province of Jurisprudence<\/i><i> Determined<\/i><\/a> (1832),\u00a0 ed. W.\u00a0 E. Rumble,\u00a0 Cambridge: Cambridge\u00a0 University Press, 1995, p. 18-29 ; Max Weber, \u00c9conomie et soci\u00e9t\u00e9, t. II : <a href=\"https:\/\/www.mollat.com\/livres\/638768\/max-weber-economie-et-societe-vol-2-l-organisation-et-les-puissances-de-la-societe-dans-leur-rapport-avec-l-economie\" target=\"_blank\" rel=\"noopener noreferrer\">L\u2019organisation et les puissances de la soci\u00e9t\u00e9 dans leur rapport avec l\u2019\u00e9conomie<\/a> (1922), trad. J. Freund, P. Kamnitzer, P. Bertrand, J. Chavy, E. de Dampierre et J. Maillard,\u00a0 Paris, Pocket, 1995, p. 19.<\/span><\/span><script type=\"text\/javascript\"> jQuery('#footnote_plugin_tooltip_14168_1_4').tooltip({ tip: '#footnote_plugin_tooltip_text_14168_1_4', tipClass: 'footnote_tooltip', effect: 'fade', predelay: 0, fadeInSpeed: 200, delay: 400, fadeOutSpeed: 200, position: 'top right', relative: true, offset: [10, 10], });<\/script>), but it is also necessary for a new political regime to condemn the abuses committed by the old one in order to distinguish itself, if it intends to promote the rule of law. For trials are not only about examining past acts. They promote, both for the present and for the future, rules of law, or a regime based on the protection of rights, if not democratic then at least decent\u2009\u2013\u2009as defined by John Rawls<span class=\"footnote_referrer\"><a role=\"button\" tabindex=\"0\" onclick=\"footnote_moveToReference_14168_1('footnote_plugin_reference_14168_1_5');\" onkeypress=\"footnote_moveToReference_14168_1('footnote_plugin_reference_14168_1_5');\" ><sup id=\"footnote_plugin_tooltip_14168_1_5\" class=\"footnote_plugin_tooltip_text\">(5)<\/sup><\/a><span id=\"footnote_plugin_tooltip_text_14168_1_5\" class=\"footnote_tooltip\">John Rawls, <a href=\"https:\/\/www.hup.harvard.edu\/catalog.php?isbn=9780674005426\" target=\"_blank\" rel=\"noopener noreferrer\"><i>The Law of People<\/i><\/a>, Cambridge , Cambridge University Press, 1999, pp. 62-78.<\/span><\/span><script type=\"text\/javascript\"> jQuery('#footnote_plugin_tooltip_14168_1_5').tooltip({ tip: '#footnote_plugin_tooltip_text_14168_1_5', tipClass: 'footnote_tooltip', effect: 'fade', predelay: 0, fadeInSpeed: 200, delay: 400, fadeOutSpeed: 200, position: 'top right', relative: true, offset: [10, 10], });<\/script>. As soon as individual responsibilities are assigned, as the Nuremberg judgment established, trials also make it possible to channel the desire for vengeance that would arise from the idea of the responsibility of an entire group.<\/p>\n<p>The objective of peace in contexts where mass crimes have taken place therefore cannot dissociate the right to the truth, understood in both its narrow and broad senses, from the right to justice. These rights express what the jurist Ruti Teitel called the \u2018right to accountability\u2019<span class=\"footnote_referrer\"><a role=\"button\" tabindex=\"0\" onclick=\"footnote_moveToReference_14168_1('footnote_plugin_reference_14168_1_6');\" onkeypress=\"footnote_moveToReference_14168_1('footnote_plugin_reference_14168_1_6');\" ><sup id=\"footnote_plugin_tooltip_14168_1_6\" class=\"footnote_plugin_tooltip_text\">(6)<\/sup><\/a><span id=\"footnote_plugin_tooltip_text_14168_1_6\" class=\"footnote_tooltip\">Ruti Teitel, \u201c<a href=\"https:\/\/scholarship.law.cornell.edu\/cilj\/vol48\/iss2\/4\/\" target=\"_blank\" rel=\"noopener noreferrer\">Transitional Justice and Judicial Activism. A Right to Accountability?<\/a>\u201d, <em>Cornell International Law Journal<\/em>, 2015, 385-422.<\/span><\/span><script type=\"text\/javascript\"> jQuery('#footnote_plugin_tooltip_14168_1_6').tooltip({ tip: '#footnote_plugin_tooltip_text_14168_1_6', tipClass: 'footnote_tooltip', effect: 'fade', predelay: 0, fadeInSpeed: 200, delay: 400, fadeOutSpeed: 200, position: 'top right', relative: true, offset: [10, 10], });<\/script> in contexts where accountability was denied by governments, and it refers to the state\u2019s obligation to investigate and prosecute those responsible for the crimes, to judge them, and to provide reparations<span class=\"footnote_referrer\"><a role=\"button\" tabindex=\"0\" onclick=\"footnote_moveToReference_14168_1('footnote_plugin_reference_14168_1_7');\" onkeypress=\"footnote_moveToReference_14168_1('footnote_plugin_reference_14168_1_7');\" ><sup id=\"footnote_plugin_tooltip_14168_1_7\" class=\"footnote_plugin_tooltip_text\">(7)<\/sup><\/a><span id=\"footnote_plugin_tooltip_text_14168_1_7\" class=\"footnote_tooltip\">Melanie Klinkner, Howard Davis, <a href=\"https:\/\/www.routledge.com\/The-Right-to-The-Truth-in-International-Law-Victims-Rights-in-Human\/Klinkner-Davis\/p\/book\/9780367726867\" target=\"_blank\" rel=\"noopener noreferrer\"><i>The Right to truth in International Law. Victim\u2019s Rights in Human Rights and International Criminal Law<\/i><\/a>, New York: Routledge, 2020, 49-52.<\/span><\/span><script type=\"text\/javascript\"> jQuery('#footnote_plugin_tooltip_14168_1_7').tooltip({ tip: '#footnote_plugin_tooltip_text_14168_1_7', tipClass: 'footnote_tooltip', effect: 'fade', predelay: 0, fadeInSpeed: 200, delay: 400, fadeOutSpeed: 200, position: 'top right', relative: true, offset: [10, 10], });<\/script>. \u00a0 This right to demand accountability is not defined as such in international law, but it enables thinking about the necessary link between the right to the truth and the right to justice, as well as obligations towards the victims and more broadly towards the societies affected by the crimes . It is the least we can demand for Ukraine.<\/p>\n<p>&nbsp;<\/p>\n<pre><a href=\"https:\/\/www.sciencespo.fr\/ecole-de-droit\/en\/profile\/saada-julie-0.html\" target=\"_blank\" rel=\"noopener noreferrer\">Julie Saada<\/a> is a university professor of philosophy at the Law School. Her research focuses on the legal and ethical norms of war and post-war contexts, international criminal justice, and transitional justice. She also leads research in political philosophy and critical theories of law from the perspective of a political philosophy of law.<\/pre>\n<p>&nbsp;<\/p>\n<div class=\"speaker-mute footnotes_reference_container\"> <div class=\"footnote_container_prepare\"><p><span role=\"button\" tabindex=\"0\" class=\"footnote_reference_container_label pointer\" onclick=\"footnote_expand_collapse_reference_container_14168_1();\">Notes<\/span><span role=\"button\" tabindex=\"0\" class=\"footnote_reference_container_collapse_button\" style=\"display: none;\" onclick=\"footnote_expand_collapse_reference_container_14168_1();\">[<a id=\"footnote_reference_container_collapse_button_14168_1\">+<\/a>]<\/span><\/p><\/div> <div id=\"footnote_references_container_14168_1\" style=\"\"><table class=\"footnotes_table footnote-reference-container\"><caption class=\"accessibility\">Notes<\/caption> <tbody> \r\n\r\n<tr class=\"footnotes_plugin_reference_row\"> <th scope=\"row\" class=\"footnote_plugin_index_combi pointer\"  onclick=\"footnote_moveToAnchor_14168_1('footnote_plugin_tooltip_14168_1_1');\"><a id=\"footnote_plugin_reference_14168_1_1\" class=\"footnote_backlink\"><span class=\"footnote_index_arrow\">&#8593;<\/span>1<\/a><\/th> <td class=\"footnote_plugin_text\">The Independent International Commission of Inquiry on Ukraine presented its findings on events during late February and March 2022 in the Kyiv, Chernihiv, Kharkiv and Sumy regions on 18 October 2022. <a href=\"https:\/\/www.ohchr.org\/en\/documents\/reports\/a77533-independent-international-commission-inquiry-ukraine-note-secretary\">Findings about events during late February and March 2022 in the four regions of Kyiv, Chernihiv, Kharkiv, and Sumy<\/a>, <a href=\"https:\/\/www.ohchr.org\/en\/documents\/reports\/a77533-independent-international-commission-inquiry-ukraine-note-secretary\">Independent International Commission of Inquiry on Ukraine &#8211; Note by the Secretary-General<\/a> (<a href=\"https:\/\/www.ohchr.org\/en\/documents\/reports\/a77533-independent-international-commission-inquiry-ukraine-note-secretary\">A\/77\/533<\/a>).<\/td><\/tr>\r\n\r\n<tr class=\"footnotes_plugin_reference_row\"> <th scope=\"row\" class=\"footnote_plugin_index_combi pointer\"  onclick=\"footnote_moveToAnchor_14168_1('footnote_plugin_tooltip_14168_1_2');\"><a id=\"footnote_plugin_reference_14168_1_2\" class=\"footnote_backlink\"><span class=\"footnote_index_arrow\">&#8593;<\/span>2<\/a><\/th> <td class=\"footnote_plugin_text\">Mark Osiel, <a href=\"https:\/\/www.routledge.com\/Mass-Atrocity-Collective-Memory-and-the-Law\/Osiel\/p\/book\/9780765806635\" target=\"_blank\" rel=\"noopener noreferrer\"><i>Mass Atrocity, Collective Memory, and the Law<\/i><\/a>, New Jersey:Transaction Book, 1997.<\/td><\/tr>\r\n\r\n<tr class=\"footnotes_plugin_reference_row\"> <th scope=\"row\" class=\"footnote_plugin_index_combi pointer\"  onclick=\"footnote_moveToAnchor_14168_1('footnote_plugin_tooltip_14168_1_3');\"><a id=\"footnote_plugin_reference_14168_1_3\" class=\"footnote_backlink\"><span class=\"footnote_index_arrow\">&#8593;<\/span>3<\/a><\/th> <td class=\"footnote_plugin_text\">Michael Walzer, <a href=\"https:\/\/www.basicbooks.com\/titles\/michael-walzer\/just-and-unjust-wars\/9780465052714\/\" target=\"_blank\" rel=\"noopener noreferrer\"><i>Just and Unjust Wars: A Moral Argument with Historical Illustrations<\/i><\/a>, New York: Basic Books, 2000, p. 289.<\/td><\/tr>\r\n\r\n<tr class=\"footnotes_plugin_reference_row\"> <th scope=\"row\" class=\"footnote_plugin_index_combi pointer\"  onclick=\"footnote_moveToAnchor_14168_1('footnote_plugin_tooltip_14168_1_4');\"><a id=\"footnote_plugin_reference_14168_1_4\" class=\"footnote_backlink\"><span class=\"footnote_index_arrow\">&#8593;<\/span>4<\/a><\/th> <td class=\"footnote_plugin_text\">John Austin, <a href=\"https:\/\/www.cambridge.org\/core\/books\/abs\/austin-the-province-of-jurisprudence-determined\/lecture-i\/DFACA9497BB9458160B9AC7DAFA2A043\" target=\"_blank\" rel=\"noopener noreferrer\"><i>The Province of Jurisprudence<\/i><i> Determined<\/i><\/a> (1832),\u00a0 ed. W.\u00a0 E. Rumble,\u00a0 Cambridge: Cambridge\u00a0 University Press, 1995, p. 18-29 ; Max Weber, \u00c9conomie et soci\u00e9t\u00e9, t. II : <a href=\"https:\/\/www.mollat.com\/livres\/638768\/max-weber-economie-et-societe-vol-2-l-organisation-et-les-puissances-de-la-societe-dans-leur-rapport-avec-l-economie\" target=\"_blank\" rel=\"noopener noreferrer\">L\u2019organisation et les puissances de la soci\u00e9t\u00e9 dans leur rapport avec l\u2019\u00e9conomie<\/a> (1922), trad. J. Freund, P. Kamnitzer, P. Bertrand, J. Chavy, E. de Dampierre et J. Maillard,\u00a0 Paris, Pocket, 1995, p. 19.<\/td><\/tr>\r\n\r\n<tr class=\"footnotes_plugin_reference_row\"> <th scope=\"row\" class=\"footnote_plugin_index_combi pointer\"  onclick=\"footnote_moveToAnchor_14168_1('footnote_plugin_tooltip_14168_1_5');\"><a id=\"footnote_plugin_reference_14168_1_5\" class=\"footnote_backlink\"><span class=\"footnote_index_arrow\">&#8593;<\/span>5<\/a><\/th> <td class=\"footnote_plugin_text\">John Rawls, <a href=\"https:\/\/www.hup.harvard.edu\/catalog.php?isbn=9780674005426\" target=\"_blank\" rel=\"noopener noreferrer\"><i>The Law of People<\/i><\/a>, Cambridge , Cambridge University Press, 1999, pp. 62-78.<\/td><\/tr>\r\n\r\n<tr class=\"footnotes_plugin_reference_row\"> <th scope=\"row\" class=\"footnote_plugin_index_combi pointer\"  onclick=\"footnote_moveToAnchor_14168_1('footnote_plugin_tooltip_14168_1_6');\"><a id=\"footnote_plugin_reference_14168_1_6\" class=\"footnote_backlink\"><span class=\"footnote_index_arrow\">&#8593;<\/span>6<\/a><\/th> <td class=\"footnote_plugin_text\">Ruti Teitel, \u201c<a href=\"https:\/\/scholarship.law.cornell.edu\/cilj\/vol48\/iss2\/4\/\" target=\"_blank\" rel=\"noopener noreferrer\">Transitional Justice and Judicial Activism. A Right to Accountability?<\/a>\u201d, <em>Cornell International Law Journal<\/em>, 2015, 385-422.<\/td><\/tr>\r\n\r\n<tr class=\"footnotes_plugin_reference_row\"> <th scope=\"row\" class=\"footnote_plugin_index_combi pointer\"  onclick=\"footnote_moveToAnchor_14168_1('footnote_plugin_tooltip_14168_1_7');\"><a id=\"footnote_plugin_reference_14168_1_7\" class=\"footnote_backlink\"><span class=\"footnote_index_arrow\">&#8593;<\/span>7<\/a><\/th> <td class=\"footnote_plugin_text\">Melanie Klinkner, Howard Davis, <a href=\"https:\/\/www.routledge.com\/The-Right-to-The-Truth-in-International-Law-Victims-Rights-in-Human\/Klinkner-Davis\/p\/book\/9780367726867\" target=\"_blank\" rel=\"noopener noreferrer\"><i>The Right to truth in International Law. Victim\u2019s Rights in Human Rights and International Criminal Law<\/i><\/a>, New York: Routledge, 2020, 49-52.<\/td><\/tr>\r\n\r\n <\/tbody> <\/table> <\/div><\/div><script type=\"text\/javascript\"> function footnote_expand_reference_container_14168_1() { jQuery('#footnote_references_container_14168_1').show(); jQuery('#footnote_reference_container_collapse_button_14168_1').text('\u2212'); } function footnote_collapse_reference_container_14168_1() { jQuery('#footnote_references_container_14168_1').hide(); jQuery('#footnote_reference_container_collapse_button_14168_1').text('+'); } function footnote_expand_collapse_reference_container_14168_1() { if (jQuery('#footnote_references_container_14168_1').is(':hidden')) { footnote_expand_reference_container_14168_1(); } else { footnote_collapse_reference_container_14168_1(); } } function footnote_moveToReference_14168_1(p_str_TargetID) { footnote_expand_reference_container_14168_1(); var l_obj_Target = jQuery('#' + p_str_TargetID); if (l_obj_Target.length) { jQuery( 'html, body' ).delay( 0 ); jQuery('html, body').animate({ scrollTop: l_obj_Target.offset().top - window.innerHeight * 0.2 }, 380); } } function footnote_moveToAnchor_14168_1(p_str_TargetID) { footnote_expand_reference_container_14168_1(); var l_obj_Target = jQuery('#' + p_str_TargetID); if (l_obj_Target.length) { jQuery( 'html, body' ).delay( 0 ); jQuery('html, body').animate({ scrollTop: l_obj_Target.offset().top - window.innerHeight * 0.2 }, 380); } }<\/script>","protected":false},"excerpt":{"rendered":"<p>By Julie Saada Since the Russian invasion of Ukraine on February 24, 2022, many abuses have been committed according to an independent United Nations commission(1)The<span class=\"excerpt-hellip\"> [\u2026]<\/span><\/p>\n","protected":false},"author":3,"featured_media":13866,"comment_status":"closed","ping_status":"open","sticky":false,"template":"","format":"standard","meta":{"footnotes":""},"categories":[310],"tags":[74,333],"_links":{"self":[{"href":"https:\/\/www.sciencespo.fr\/research\/cogito\/home\/wp-json\/wp\/v2\/posts\/14168\/?lang=en"}],"collection":[{"href":"https:\/\/www.sciencespo.fr\/research\/cogito\/home\/wp-json\/wp\/v2\/posts\/?lang=en"}],"about":[{"href":"https:\/\/www.sciencespo.fr\/research\/cogito\/home\/wp-json\/wp\/v2\/types\/post\/?lang=en"}],"author":[{"embeddable":true,"href":"https:\/\/www.sciencespo.fr\/research\/cogito\/home\/wp-json\/wp\/v2\/users\/3\/?lang=en"}],"replies":[{"embeddable":true,"href":"https:\/\/www.sciencespo.fr\/research\/cogito\/home\/wp-json\/wp\/v2\/comments\/?lang=en&post=14168"}],"version-history":[{"count":1,"href":"https:\/\/www.sciencespo.fr\/research\/cogito\/home\/wp-json\/wp\/v2\/posts\/14168\/revisions\/?lang=en"}],"predecessor-version":[{"id":14169,"href":"https:\/\/www.sciencespo.fr\/research\/cogito\/home\/wp-json\/wp\/v2\/posts\/14168\/revisions\/14169\/?lang=en"}],"wp:featuredmedia":[{"embeddable":true,"href":"https:\/\/www.sciencespo.fr\/research\/cogito\/home\/wp-json\/wp\/v2\/media\/13866\/?lang=en"}],"wp:attachment":[{"href":"https:\/\/www.sciencespo.fr\/research\/cogito\/home\/wp-json\/wp\/v2\/media\/?lang=en&parent=14168"}],"wp:term":[{"taxonomy":"category","embeddable":true,"href":"https:\/\/www.sciencespo.fr\/research\/cogito\/home\/wp-json\/wp\/v2\/categories\/?lang=en&post=14168"},{"taxonomy":"post_tag","embeddable":true,"href":"https:\/\/www.sciencespo.fr\/research\/cogito\/home\/wp-json\/wp\/v2\/tags\/?lang=en&post=14168"}],"curies":[{"name":"wp","href":"https:\/\/api.w.org\/{rel}","templated":true}]}}