{"id":13890,"date":"2023-02-20T19:00:52","date_gmt":"2023-02-20T17:00:52","guid":{"rendered":"https:\/\/www.sciencespo.fr\/research\/cogito\/home\/?p=13890"},"modified":"2023-03-23T15:42:34","modified_gmt":"2023-03-23T13:42:34","slug":"le-contreterrorisme-comment-reussir-a-echouer-systematiquement","status":"publish","type":"post","link":"https:\/\/www.sciencespo.fr\/research\/cogito\/home\/le-contreterrorisme-comment-reussir-a-echouer-systematiquement\/","title":{"rendered":"Le contre-terrorisme : comment r\u00e9ussir \u00e0 \u00e9chouer syst\u00e9matiquement"},"content":{"rendered":"<p style=\"text-align: right;\"><em>par <a href=\"https:\/\/www.sciencespo.fr\/ceri\/cerispire-user\/7160\/1277\" target=\"_blank\" rel=\"noopener noreferrer\">Didier Bigo<\/a><\/em><\/p>\n<p>Quel bilan faire des politiques de contreterrorisme se projetant hors des fronti\u00e8res dans l\u2019optique de pr\u00e9venir les attentats contre le territoire fran\u00e7ais ? Cette politique qui fut mise en avant lors de la \u00ab war on terror \u00bb de George W. Bush Junior apr\u00e8s le 11 septembre 2001, et fut reprise par la France apr\u00e8s les attentats de 2015 \u2014 avec des moyens bien plus limit\u00e9s et sans les tortures \u2014 doit \u00eatre questionn\u00e9e.<\/p>\n<p>Au moment o\u00f9 les Am\u00e9ricains ont abandonn\u00e9 l\u2019Afghanistan, les Fran\u00e7ais le Mali, et a revu \u00e0 la baisse ses ambitions de contr\u00f4ler la r\u00e9gion sah\u00e9lienne, le temps des bilans semble venu, mais plut\u00f4t que de le faire et d\u2019en tirer les cons\u00e9quences, les adeptes de la g\u00e9opolitique passent sous silence leurs erreurs et tentent de nous convaincre que la guerre provoqu\u00e9e par la Russie en Ukraine et a radicalement chang\u00e9 le \u00ab\u00a0paysage strat\u00e9gique\u00a0\u00bb et que nous revenons aux \u00ab\u00a0vrais conflits\u00a0\u00bb.<\/p>\n<p>Sans insister sur les inconsistances de ce dernier revirement, il faut analyser la question de l\u2019efficacit\u00e9 du contreterrorisme sur le fond \u00a0: les op\u00e9rations de contreterrorisme avec interventions sur les terrains ext\u00e9rieurs et actions des services secrets dans des op\u00e9rations d\u2019ex\u00e9cution extrajudiciaire ont-elles \u00e9radiqu\u00e9 le terrorisme ou l\u2019ont-ils ancr\u00e9 durablement dans le paysage mondial\u00a0? Conduire une guerre pr\u00e9ventive contre des ennemis mal identifi\u00e9s est-ce une strat\u00e9gie coh\u00e9rente sur le long terme ou une mani\u00e8re revancharde de se venger en croyant dissuader d\u00e9finitivement les adversaires de s\u2019attaquer \u00e0 plus fort qu\u2019eux\u00a0? \u00c0 moins que cela ne soit, de mani\u00e8re plus subtile, un effet de la m\u00e9connaissance par tous les acteurs de la rivalit\u00e9 mim\u00e9tique telle que d\u00e9finie par l\u2019anthropologue <a href=\"https:\/\/www.academie-francaise.fr\/les-immortels\/rene-girard\">Ren\u00e9 Girard<\/a>, qui avance l\u2019hypoth\u00e8se selon laquelle ce type de conflits conduirait au rapprochement des comportements violents des deux adversaires. Il entretiendrait ainsi l\u2019illusion de leurs discours de distinction sur leurs valeurs morales, d\u00e9bouchant sur la focalisation d\u2019un tous contre un et la fabrication d\u2019un bouc \u00e9missaire<span class=\"footnote_referrer\"><a role=\"button\" tabindex=\"0\" onclick=\"footnote_moveToReference_13890_1('footnote_plugin_reference_13890_1_1');\" onkeypress=\"footnote_moveToReference_13890_1('footnote_plugin_reference_13890_1_1');\" ><sup id=\"footnote_plugin_tooltip_13890_1_1\" class=\"footnote_plugin_tooltip_text\">(1)<\/sup><\/a><span id=\"footnote_plugin_tooltip_text_13890_1_1\" class=\"footnote_tooltip\">Collective, Pariss. \u00ab <a href=\"https:\/\/brill.com\/view\/journals\/pari\/1\/1\/article-p9_9.xml\">The Art of Writing Social Sciences: Disrupting the Current Politics of Style<\/a> \u00bb. in <i>Political Anthropological Research on International Social Sciences , <\/i>2020. Traduction en Fran\u00e7ais: \u00a0\u00bb <a href=\"https:\/\/journals.openedition.org\/lectures\/52949\">L&rsquo;art d&rsquo;\u00e9crire les sciences sociales : Bousculer les politiques du style actuelles<\/a> \u00bb, in <i>Cultures et Conflits<\/i> 2022.<\/span><\/span><script type=\"text\/javascript\"> jQuery('#footnote_plugin_tooltip_13890_1_1').tooltip({ tip: '#footnote_plugin_tooltip_text_13890_1_1', tipClass: 'footnote_tooltip', effect: 'fade', predelay: 0, fadeInSpeed: 200, delay: 400, fadeOutSpeed: 200, position: 'top right', relative: true, offset: [10, 10], });<\/script>.<\/p>\n<p>Cette hypoth\u00e8se a l\u2019avantage de comprendre l\u2019aveuglement des adversaires et de certains observateurs qui se focalisent sur les diff\u00e9rences identitaires et montre que les l\u00e9gitimations initiales des adversaires s\u2019\u00e9puisent avec le temps dans les \u00e9changes de coups. Plus important encore\u00a0: le r\u00e9sultat paradoxal du contreterrorisme n\u2019est pas de r\u00e9ussir \u00e0 d\u00e9l\u00e9gitimer l\u2019autre en le transformant en \u00eatre inf\u00e9rieur,, il est au contraire d\u2019enclencher un cercle vicieux de vengeance non r\u00e9gul\u00e9e, qui, loin de r\u00e9gler la violence par une violence sup\u00e9rieure d\u00e9courageant l\u2019intention agressive, g\u00e9n\u00e8re au contraire une spirale qui fait monter en intensit\u00e9 cette violence. Cette derni\u00e8re, loin de r\u00e9soudre imm\u00e9diatement le conflit, peut le faire disparaitre momentan\u00e9ment, mais elle l\u2019ancre dans les m\u00e9moires sur plusieurs g\u00e9n\u00e9rations, et le prolonge de facto.<\/p>\n<p>D\u2019autre part, le cycle du contreterrorisme, contrairement \u00e0 l\u2019enqu\u00eate polici\u00e8re, a tendance \u00e0 \u00e9largir le nombre d\u2019acteurs impliqu\u00e9s, \u00e0 s\u2019en prendre aux populations consid\u00e9r\u00e9es comme proches des acteurs et reproduire l\u2019arbitraire des cibles, diss\u00e9minant la violence au sein d\u2019une myriade de r\u00e9seaux qui ne se r\u00e9duise jamais \u00e0 un duel et un affrontement final. Aux attentats des uns r\u00e9pondent alors, au fur et \u00e0 mesure de l\u2019enlisement du conflit, des ex\u00e9cutions extrajudiciaires, ou la d\u00e9tention de leurs femmes et enfants dits radicalis\u00e9s, ces derniers \u00e9tant consid\u00e9r\u00e9s comme des \u00ab\u00a0bombes\u00a0\u00bb \u00e0 retardement, et non plus des enfants \u00e0 (re) socialiser au plus vite. L\u2019imaginaire du pire des futurs devenant de part et d\u2019autre la justification des logiques d\u2019actions violentes r\u00e9ciproques.<\/p>\n<p>\u00c0 ceux qui d\u00e9noncent les d\u00e9rives du contreterrorisme, \u00ab\u00a0les tenants de l\u2019efficacit\u00e9 de ces op\u00e9rations\u00a0pr\u00e9ventives r\u00e9pliquent que. face au terrorisme, il n\u2019a d\u2019autre solution que son \u00e9radication qui ne fait que r\u00e9pondre \u00e0 la violence des terroristes. Ils rench\u00e9rissent, arg\u00fcant que l\u2019origine des violences est \u00e0 imputer aux terroristes et que le contreterrorisme ne vise qu\u2019\u00e0 anticiper les prochaines agressions et qu\u2019il est impossible de prendre le risque de les laisser faire. Ils avancent enfin que les terroristes n\u2019attaquent pas pour r\u00e9pondre au contreterrorisme, mais parce que ce sont des ennemis radicaux des valeurs de d\u00e9mocratie, de tol\u00e9rance, de la\u00efcit\u00e9\u00a0\u00bb.<\/p>\n<p>L\u2019hebdomadaire L\u2019Obs s\u2019est fait l\u2019\u00e9cho de ces postures oppos\u00e9es et dans une s\u00e9rie d\u2019articles, d\u00e9montrant -statistiques \u00e0 l\u2019appui &#8211; que les \u00c9tats qui pratiquent des op\u00e9rations contreterroristes \u00e0 l\u2019\u00e9tranger sont objectivement plus touch\u00e9s que ceux qui, \u00e9vitant ces m\u00e9thodes, usent d\u2019autres moyens de coercition<span class=\"footnote_referrer\"><a role=\"button\" tabindex=\"0\" onclick=\"footnote_moveToReference_13890_1('footnote_plugin_reference_13890_1_2');\" onkeypress=\"footnote_moveToReference_13890_1('footnote_plugin_reference_13890_1_2');\" ><sup id=\"footnote_plugin_tooltip_13890_1_2\" class=\"footnote_plugin_tooltip_text\">(2)<\/sup><\/a><span id=\"footnote_plugin_tooltip_text_13890_1_2\" class=\"footnote_tooltip\">\u00ab <a href=\"https:\/\/www.nouvelobs.com\/idees\/20201114.OBS36086\/guerres-et-terrorisme-sortir-du-deni.html\">Guerres et terrorisme : sortir du d\u00e9ni<\/a> \u00bb, Nouvelobs.com, publi\u00e9 le 14\/11\/2020. \u00ab<a href=\"https:\/\/www.nouvelobs.com\/idees\/20201121.OBS36387\/guerres-et-terrorisme-ne-pas-se-tromper-de-cible.html\"> Guerres et terrorisme : ne pas se tromper de cible <\/a>\u00bb, Nouvelobs.com, 20\/11\/2020 \u00ab <a href=\"https:\/\/www.nouvelobs.com\/idees\/20201126.OBS36631\/le-lien-entre-guerre-et-terrorisme-ce-qu-en-disent-les-etudes.html\">Le lien entre guerre et terrorisme : ce qu\u2019en disent les \u00e9tudes<\/a> \u00bb, Nouvelobs.com, publi\u00e9 le 26\/11\/2020.<\/span><\/span><script type=\"text\/javascript\"> jQuery('#footnote_plugin_tooltip_13890_1_2').tooltip({ tip: '#footnote_plugin_tooltip_text_13890_1_2', tipClass: 'footnote_tooltip', effect: 'fade', predelay: 0, fadeInSpeed: 200, delay: 400, fadeOutSpeed: 200, position: 'top right', relative: true, offset: [10, 10], });<\/script>.<\/p>\n<p>Face \u00e0 ce d\u00e9saccord sur l\u2019efficacit\u00e9 d\u2019une politique dite pr\u00e9ventive, fond\u00e9e sur des logiques de suspicion, et pour mieux saisir la vari\u00e9t\u00e9 des situations, il a sembl\u00e9 n\u00e9cessaire \u00e0 un ensemble de chercheuses et chercheurs<span class=\"footnote_referrer\"><a role=\"button\" tabindex=\"0\" onclick=\"footnote_moveToReference_13890_1('footnote_plugin_reference_13890_1_3');\" onkeypress=\"footnote_moveToReference_13890_1('footnote_plugin_reference_13890_1_3');\" ><sup id=\"footnote_plugin_tooltip_13890_1_3\" class=\"footnote_plugin_tooltip_text\">(3)<\/sup><\/a><span id=\"footnote_plugin_tooltip_text_13890_1_3\" class=\"footnote_tooltip\">Didier Bigo, Laurent Bonnefoy, Bruno Charbonneau, Marielle Debos, Mathias Delori, Clara Egger, Emmanuel-Pierre Guittet, Jean-Paul Hanon, Raul Magni-Berton, Antoine M\u00e9gie, Christian Olsson, Anastassia Tsoukala, Simon Varaine, Christophe Wasinski et Sharon Weill.<\/span><\/span><script type=\"text\/javascript\"> jQuery('#footnote_plugin_tooltip_13890_1_3').tooltip({ tip: '#footnote_plugin_tooltip_text_13890_1_3', tipClass: 'footnote_tooltip', effect: 'fade', predelay: 0, fadeInSpeed: 200, delay: 400, fadeOutSpeed: 200, position: 'top right', relative: true, offset: [10, 10], });<\/script>, dont je fais partie, d\u2019affiner les statistiques, les mettre en contexte, et montrer les diff\u00e9rentes facettes et \u00e9tapes dans chaque cas pr\u00e9cis. De fait, la question de la justification de la violence par l\u2019argument de pr\u00e9venir le pire \u00e0 l\u2019avenir en pr\u00e9sentant sa violence comme une d\u00e9fense l\u00e9gitime d\u00e9passe de loin le seul cadre des op\u00e9rations de contreterrorisme des gouvernements occidentaux.<\/p>\n<p>C\u2019est dans un num\u00e9ro r\u00e9cent de la revue Cultures et Conflits sur le contreterrorisme (\u00ab\u00a0<a href=\"https:\/\/journals.openedition.org\/conflits\/23100\">Guerre et contreterrorisme<\/a>\u00a0\u00bb Cultures et conflits n\u00b0 123\/124 \u2014 automne\/hiver\u00a02021) que nous avons explor\u00e9 l\u2019approche relationnelle et antagoniste du contreterrorisme, en particulier quand il se pr\u00e9sente comme une pr\u00e9vention n\u00e9cessaire pour la protection des populations qu\u2019il dit d\u00e9fendre, en s\u2019appuyant sur des savoirs et des technologies pr\u00e9tendues pr\u00e9dictives.<\/p>\n<p>Le num\u00e9ro s\u2019ouvre sur un dossier consacr\u00e9 aux relations entre les interventions militaires ext\u00e9rieures et les formes de violence politique qui peuvent frapper les \u00c9tats sur leur propre territoire. Suite \u00e0 une introduction collective o\u00f9 se s\u2019entrecroisent une diversit\u00e9 de disciplines \u2014 sociologie politique, \u00e9tudes compar\u00e9es, sp\u00e9cialistes de terrains, \u00e9tudes militaires, relations internationales \u2014, sont pr\u00e9sent\u00e9es un ensemble d\u2019approches quantitatives et qualitatives (<a href=\"https:\/\/journals.openedition.org\/conflits\/23183\">Les interventions militaires sont-elles une cause du \u00ab\u00a0terrorisme\u00a0\u00bb\u00a0? De l\u2019utilit\u00e9 des analyses quantitatives pour les \u00e9tudes critiques de la s\u00e9curit\u00e9<\/a>, Mathias Delori, Clara Egger, Raul Magni-Berton et Simon Varaine). Leurs objectifs sont d\u2019expliquer le r\u00f4le du contreterrorisme guerrier et ses effets sur la persistance des attentats en interne, sur la politique \u00e9trang\u00e8re, et les politiques de vente d\u2019armes. Ces \u00e9tudes se penchent aussi sur les effets du contreterrorisme sur les populations civiles des pays qui sont touch\u00e9s tant en interne qu\u2019\u00e0 l\u2019\u00e9tranger, sur la conception et les pratiques de la justice et le rapport \u00e0 l\u2019\u00c9tat de droit.<\/p>\n<p>La convergence des r\u00e9sultats de ces approches est frappante et montre, qu\u2019\u00e0 l\u2019exception de quelques chercheurs engag\u00e9s directement dans les \u00e9tudes strat\u00e9giques et g\u00e9opolitiques et dans \u00ab\u00a0l\u2019aide \u00e0 la d\u00e9cision\u00a0\u00bb, les autres chercheurs, les acteurs de terrain, les journalistes d\u2019investigation se retrouvent sur le fait que le contreterrorisme, lorsqu\u2019il est d\u00e9ploy\u00e9, n\u2019est en rien une protection effective des populations civiles et qu\u2019il est douteux qu\u2019il soit efficace en termes de politique \u00e9trang\u00e8re et de d\u00e9fense.<\/p>\n<p>Le num\u00e9ro se prolonge par une discussion d\u00e9taill\u00e9e sur la valeur et les limites des approches relationnelles de la violence dite terroriste et du contreterrorisme, en \u00e9tudiant les similarit\u00e9s et diff\u00e9rences des strat\u00e9gies discursives des acteurs [<a href=\"https:\/\/journals.openedition.org\/conflits\/23159\">La rivalit\u00e9 mim\u00e9tique, une matrice de la guerre contre le terrorisme et de ses strat\u00e9gies discursives\u00a0?<\/a>, Didier Bigo, Laurent Bonnefoy, Mathias Delori, Anastassia Tsoukala et Christophe Wasinski]<b>. <\/b>Sont \u00e9galement analys\u00e9es les logiques pratiques mises en \u0153uvre sur le terrain, afin de montrer l\u2019int\u00e9r\u00eat et les limites de l\u2019hypoth\u00e8se \u00e9mise par Ren\u00e9 Girard ainsi que les articulations sp\u00e9cifiques qui se d\u00e9ploient dans les diff\u00e9rents cas selon les diff\u00e9rentiels de l\u00e9gitimit\u00e9, les attitudes des forces arm\u00e9es et services secrets engag\u00e9s, les formes prises par les organisations clandestines et les interd\u00e9pendances \u00e0 l\u2019\u00e9chelle transnationale.<\/p>\n<p>S\u2019il faut de m\u00e9fier des g\u00e9n\u00e9ralisations abusives, il n\u2019en reste pas moins que distinguer la sc\u00e8ne interne et les actions externes pour des raisons qu\u2019elles soient morales ou cyniques \u2014 conduit \u00e0 des aveuglements coupables s\u2019ils se reproduisent p\u00e9riodiquement et si l\u2019on n\u2019abandonne pas les politiques qui \u00ab\u00a0r\u00e9ussissent \u00e0 \u00e9chouer avec persistance\u00a0\u00bb, selon une \u00ab\u00a0logique\u00a0\u00bb explicit\u00e9e par le psychologue, psychoth\u00e9rapeute et sociologue, <a href=\"https:\/\/fr.wikipedia.org\/wiki\/Paul_Watzlawick\">Paul Watzlawick<\/a> d\u00e8s les ann\u00e9es\u00a01980, dans son ouvrage \u00ab\u00a0<i>Ultra-Solutions : How to Fail Most Successfully \u00bb (<\/i>WW Norton &amp; Co., 1988).<span class=\"footnote_referrer\"><a role=\"button\" tabindex=\"0\" onclick=\"footnote_moveToReference_13890_1('footnote_plugin_reference_13890_1_4');\" onkeypress=\"footnote_moveToReference_13890_1('footnote_plugin_reference_13890_1_4');\" ><sup id=\"footnote_plugin_tooltip_13890_1_4\" class=\"footnote_plugin_tooltip_text\">(4)<\/sup><\/a><span id=\"footnote_plugin_tooltip_text_13890_1_4\" class=\"footnote_tooltip\">Traduction en fran\u00e7ais : <a href=\"https:\/\/www.seuil.com\/ouvrage\/comment-reussir-a-echouer-paul-watzlawick\/9782757841815\">Comment r\u00e9ussir \u00e0 \u00e9chouer<\/a>, Seuil, 2014.<\/span><\/span><script type=\"text\/javascript\"> jQuery('#footnote_plugin_tooltip_13890_1_4').tooltip({ tip: '#footnote_plugin_tooltip_text_13890_1_4', tipClass: 'footnote_tooltip', effect: 'fade', predelay: 0, fadeInSpeed: 200, delay: 400, fadeOutSpeed: 200, position: 'top right', relative: true, offset: [10, 10], });<\/script><\/p>\n<p>Afin d\u2019\u00e9viter l\u2019autisme d\u2019une certaine vision globaliste de la g\u00e9opolitique, Afghanistan, Mali et Tchad sont plus particuli\u00e8rement discut\u00e9s par des sp\u00e9cialistes de chaque terrain [<a href=\"https:\/\/journals.openedition.org\/conflits\/23194\">De la \u00ab\u00a0guerre contre le terrorisme\u00a0\u00bb aux guerres sans fin\u00a0: la co-production de la violence en Afghanistan, au Mali et au Tchad<\/a>, Bruno Charbonneau, Marielle Debos, Jean-Paul Hanon, Christian Olsson et Christophe Wasinski]. Il y s\u2019agit de pr\u00e9ciser les dynamiques d\u2019interaction de chaque cas, chacun permettant \u00e0 l\u2019aune des d\u00e9sengagements plus tardifs de la France de discuter de leur pertinence. Il en va de m\u00eame sur la politique fran\u00e7aise de vente d\u2019armes et d\u2019aide au gouvernement Sissi en \u00c9gypte, dont les enjeux de secret et de r\u00e9v\u00e9lation, toujours d\u2019actualit\u00e9 sont examin\u00e9s [<a href=\"https:\/\/journals.openedition.org\/conflits\/23235\">Le contreterrorisme comme pr\u00e9texte. Retour sur l\u2019op\u00e9ration Sirli et la politique fran\u00e7aise<\/a>, Didier Bigo et Jean-Paul Hanon].<\/p>\n<p>Enfin un dernier article [<a href=\"https:\/\/journals.openedition.org\/conflits\/23280\">Ce que la \u00ab\u00a0guerre au terrorisme\u00a0\u00bb fait \u00e0 la justice<\/a>, par Emmanuel-Pierre Guittet, Antoine M\u00e9gie et Sharon Weill] s\u2019interroge en d\u00e9tail sur ce que faire des proc\u00e8s antiterroristes sur le sol fran\u00e7ais provoque en termes de restauration possible de la justice, mais aussi aux formes que le droit prend. Cette derni\u00e8re contribution permet de faire un retour sur la mani\u00e8re dont une certaine g\u00e9opolitique qui d\u00e9coupe sc\u00e8ne nationale et sc\u00e8ne internationale s\u2019interdit de comprendre le monde d\u2019aujourd\u2019hui.<\/p>\n<pre><a href=\"https:\/\/www.sciencespo.fr\/ceri\/cerispire-user\/7160\/1277\">Didier Bigo<\/a> est professeur des universit\u00e9s, attach\u00e9 au Centre de recherches internationales [CERI]. Ses recherches portent sur les conflits et leur r\u00e8glement, les politiques de s\u00e9curit\u00e9 interne et internationale. Il s\u2019attache aussi \u00e0 renouveler et enrichir les th\u00e9ories des relations internationales.<\/pre>\n<p>&nbsp;<\/p>\n<div class=\"speaker-mute footnotes_reference_container\"> <div class=\"footnote_container_prepare\"><p><span role=\"button\" tabindex=\"0\" class=\"footnote_reference_container_label pointer\" onclick=\"footnote_expand_collapse_reference_container_13890_1();\">Notes<\/span><span role=\"button\" tabindex=\"0\" class=\"footnote_reference_container_collapse_button\" style=\"display: none;\" onclick=\"footnote_expand_collapse_reference_container_13890_1();\">[<a id=\"footnote_reference_container_collapse_button_13890_1\">+<\/a>]<\/span><\/p><\/div> <div id=\"footnote_references_container_13890_1\" style=\"\"><table class=\"footnotes_table footnote-reference-container\"><caption class=\"accessibility\">Notes<\/caption> <tbody> \r\n\r\n<tr class=\"footnotes_plugin_reference_row\"> <th scope=\"row\" class=\"footnote_plugin_index_combi pointer\"  onclick=\"footnote_moveToAnchor_13890_1('footnote_plugin_tooltip_13890_1_1');\"><a id=\"footnote_plugin_reference_13890_1_1\" class=\"footnote_backlink\"><span class=\"footnote_index_arrow\">&#8593;<\/span>1<\/a><\/th> <td class=\"footnote_plugin_text\">Collective, Pariss. \u00ab <a href=\"https:\/\/brill.com\/view\/journals\/pari\/1\/1\/article-p9_9.xml\">The Art of Writing Social Sciences: Disrupting the Current Politics of Style<\/a> \u00bb. in <i>Political Anthropological Research on International Social Sciences , <\/i>2020. Traduction en Fran\u00e7ais: \u00a0\u00bb <a href=\"https:\/\/journals.openedition.org\/lectures\/52949\">L&rsquo;art d&rsquo;\u00e9crire les sciences sociales : Bousculer les politiques du style actuelles<\/a> \u00bb, in <i>Cultures et Conflits<\/i> 2022.<\/td><\/tr>\r\n\r\n<tr class=\"footnotes_plugin_reference_row\"> <th scope=\"row\" class=\"footnote_plugin_index_combi pointer\"  onclick=\"footnote_moveToAnchor_13890_1('footnote_plugin_tooltip_13890_1_2');\"><a id=\"footnote_plugin_reference_13890_1_2\" class=\"footnote_backlink\"><span class=\"footnote_index_arrow\">&#8593;<\/span>2<\/a><\/th> <td class=\"footnote_plugin_text\">\u00ab <a href=\"https:\/\/www.nouvelobs.com\/idees\/20201114.OBS36086\/guerres-et-terrorisme-sortir-du-deni.html\">Guerres et terrorisme : sortir du d\u00e9ni<\/a> \u00bb, Nouvelobs.com, publi\u00e9 le 14\/11\/2020. \u00ab<a href=\"https:\/\/www.nouvelobs.com\/idees\/20201121.OBS36387\/guerres-et-terrorisme-ne-pas-se-tromper-de-cible.html\"> Guerres et terrorisme : ne pas se tromper de cible <\/a>\u00bb, Nouvelobs.com, 20\/11\/2020 \u00ab <a href=\"https:\/\/www.nouvelobs.com\/idees\/20201126.OBS36631\/le-lien-entre-guerre-et-terrorisme-ce-qu-en-disent-les-etudes.html\">Le lien entre guerre et terrorisme : ce qu\u2019en disent les \u00e9tudes<\/a> \u00bb, Nouvelobs.com, publi\u00e9 le 26\/11\/2020.<\/td><\/tr>\r\n\r\n<tr class=\"footnotes_plugin_reference_row\"> <th scope=\"row\" class=\"footnote_plugin_index_combi pointer\"  onclick=\"footnote_moveToAnchor_13890_1('footnote_plugin_tooltip_13890_1_3');\"><a id=\"footnote_plugin_reference_13890_1_3\" class=\"footnote_backlink\"><span class=\"footnote_index_arrow\">&#8593;<\/span>3<\/a><\/th> <td class=\"footnote_plugin_text\">Didier Bigo, Laurent Bonnefoy, Bruno Charbonneau, Marielle Debos, Mathias Delori, Clara Egger, Emmanuel-Pierre Guittet, Jean-Paul Hanon, Raul Magni-Berton, Antoine M\u00e9gie, Christian Olsson, Anastassia Tsoukala, Simon Varaine, Christophe Wasinski et Sharon Weill.<\/td><\/tr>\r\n\r\n<tr class=\"footnotes_plugin_reference_row\"> <th scope=\"row\" class=\"footnote_plugin_index_combi pointer\"  onclick=\"footnote_moveToAnchor_13890_1('footnote_plugin_tooltip_13890_1_4');\"><a id=\"footnote_plugin_reference_13890_1_4\" class=\"footnote_backlink\"><span class=\"footnote_index_arrow\">&#8593;<\/span>4<\/a><\/th> <td class=\"footnote_plugin_text\">Traduction en fran\u00e7ais : <a href=\"https:\/\/www.seuil.com\/ouvrage\/comment-reussir-a-echouer-paul-watzlawick\/9782757841815\">Comment r\u00e9ussir \u00e0 \u00e9chouer<\/a>, Seuil, 2014.<\/td><\/tr>\r\n\r\n <\/tbody> <\/table> <\/div><\/div><script type=\"text\/javascript\"> function footnote_expand_reference_container_13890_1() { jQuery('#footnote_references_container_13890_1').show(); jQuery('#footnote_reference_container_collapse_button_13890_1').text('\u2212'); } function footnote_collapse_reference_container_13890_1() { jQuery('#footnote_references_container_13890_1').hide(); jQuery('#footnote_reference_container_collapse_button_13890_1').text('+'); } function footnote_expand_collapse_reference_container_13890_1() { if (jQuery('#footnote_references_container_13890_1').is(':hidden')) { footnote_expand_reference_container_13890_1(); } else { footnote_collapse_reference_container_13890_1(); } } function footnote_moveToReference_13890_1(p_str_TargetID) { footnote_expand_reference_container_13890_1(); var l_obj_Target = jQuery('#' + p_str_TargetID); if (l_obj_Target.length) { jQuery( 'html, body' ).delay( 0 ); jQuery('html, body').animate({ scrollTop: l_obj_Target.offset().top - window.innerHeight * 0.2 }, 380); } } function footnote_moveToAnchor_13890_1(p_str_TargetID) { footnote_expand_reference_container_13890_1(); var l_obj_Target = jQuery('#' + p_str_TargetID); if (l_obj_Target.length) { jQuery( 'html, body' ).delay( 0 ); jQuery('html, body').animate({ scrollTop: l_obj_Target.offset().top - window.innerHeight * 0.2 }, 380); } }<\/script>","protected":false},"excerpt":{"rendered":"<p>par Didier Bigo Quel bilan faire des politiques de contreterrorisme se projetant hors des fronti\u00e8res dans l\u2019optique de pr\u00e9venir les attentats contre le territoire fran\u00e7ais<span class=\"excerpt-hellip\"> [\u2026]<\/span><\/p>\n","protected":false},"author":3,"featured_media":13899,"comment_status":"closed","ping_status":"open","sticky":false,"template":"","format":"standard","meta":{"footnotes":""},"categories":[318,309],"tags":[68],"_links":{"self":[{"href":"https:\/\/www.sciencespo.fr\/research\/cogito\/home\/wp-json\/wp\/v2\/posts\/13890"}],"collection":[{"href":"https:\/\/www.sciencespo.fr\/research\/cogito\/home\/wp-json\/wp\/v2\/posts"}],"about":[{"href":"https:\/\/www.sciencespo.fr\/research\/cogito\/home\/wp-json\/wp\/v2\/types\/post"}],"author":[{"embeddable":true,"href":"https:\/\/www.sciencespo.fr\/research\/cogito\/home\/wp-json\/wp\/v2\/users\/3"}],"replies":[{"embeddable":true,"href":"https:\/\/www.sciencespo.fr\/research\/cogito\/home\/wp-json\/wp\/v2\/comments?post=13890"}],"version-history":[{"count":7,"href":"https:\/\/www.sciencespo.fr\/research\/cogito\/home\/wp-json\/wp\/v2\/posts\/13890\/revisions"}],"predecessor-version":[{"id":14131,"href":"https:\/\/www.sciencespo.fr\/research\/cogito\/home\/wp-json\/wp\/v2\/posts\/13890\/revisions\/14131"}],"wp:featuredmedia":[{"embeddable":true,"href":"https:\/\/www.sciencespo.fr\/research\/cogito\/home\/wp-json\/wp\/v2\/media\/13899"}],"wp:attachment":[{"href":"https:\/\/www.sciencespo.fr\/research\/cogito\/home\/wp-json\/wp\/v2\/media?parent=13890"}],"wp:term":[{"taxonomy":"category","embeddable":true,"href":"https:\/\/www.sciencespo.fr\/research\/cogito\/home\/wp-json\/wp\/v2\/categories?post=13890"},{"taxonomy":"post_tag","embeddable":true,"href":"https:\/\/www.sciencespo.fr\/research\/cogito\/home\/wp-json\/wp\/v2\/tags?post=13890"}],"curies":[{"name":"wp","href":"https:\/\/api.w.org\/{rel}","templated":true}]}}