{"id":13583,"date":"2022-11-27T19:00:16","date_gmt":"2022-11-27T17:00:16","guid":{"rendered":"https:\/\/www.sciencespo.fr\/research\/cogito\/home\/?p=13583"},"modified":"2022-12-14T13:06:13","modified_gmt":"2022-12-14T11:06:13","slug":"rendre-accessible-levaluation-des-politiques-publiques","status":"publish","type":"post","link":"https:\/\/www.sciencespo.fr\/research\/cogito\/home\/rendre-accessible-levaluation-des-politiques-publiques\/","title":{"rendered":"Rendre accessible l\u2019\u00e9valuation des politiques publiques"},"content":{"rendered":"<p><a href=\"https:\/\/scienceetbiencommun.pressbooks.pub\/evaluationanthologie\/\"><img decoding=\"async\" loading=\"lazy\" class=\"alignleft wp-image-13584\" src=\"https:\/\/www.sciencespo.fr\/research\/cogito\/wp-content\/uploads\/2022\/11\/Screenshot-2022-11-07-at-16-47-43-Evaluation-350x497.jpg-Image-JPEG-350-\u00d7-497-pixels.png\" alt=\"\" width=\"300\" height=\"426\" srcset=\"https:\/\/www.sciencespo.fr\/research\/cogito\/wp-content\/uploads\/2022\/11\/Screenshot-2022-11-07-at-16-47-43-Evaluation-350x497.jpg-Image-JPEG-350-\u00d7-497-pixels.png 350w, https:\/\/www.sciencespo.fr\/research\/cogito\/wp-content\/uploads\/2022\/11\/Screenshot-2022-11-07-at-16-47-43-Evaluation-350x497.jpg-Image-JPEG-350-\u00d7-497-pixels-211x300.png 211w, https:\/\/www.sciencespo.fr\/research\/cogito\/wp-content\/uploads\/2022\/11\/Screenshot-2022-11-07-at-16-47-43-Evaluation-350x497.jpg-Image-JPEG-350-\u00d7-497-pixels-103x146.png 103w, https:\/\/www.sciencespo.fr\/research\/cogito\/wp-content\/uploads\/2022\/11\/Screenshot-2022-11-07-at-16-47-43-Evaluation-350x497.jpg-Image-JPEG-350-\u00d7-497-pixels-35x50.png 35w, https:\/\/www.sciencespo.fr\/research\/cogito\/wp-content\/uploads\/2022\/11\/Screenshot-2022-11-07-at-16-47-43-Evaluation-350x497.jpg-Image-JPEG-350-\u00d7-497-pixels-53x75.png 53w\" sizes=\"(max-width: 300px) 100vw, 300px\" \/><\/a>\u00c0 quoi sert l\u2019\u00e9valuation des politiques publiques\u00a0? Comment les \u00e9valuations sont-elles produites\u00a0? Comment en faire connaitre les enjeux \u00e0 un large public dans l\u2019optique de renforcer la d\u00e9mocratie\u00a0?\u00a0C\u2019est \u00e0 ces objectifs qu\u2019est consacr\u00e9 l\u2019ouvrage\u00a0<a href=\"https:\/\/scienceetbiencommun.pressbooks.pub\/evaluationanthologie\/\" target=\"_blank\" rel=\"noopener noreferrer\"><em>\u00c9<\/em><i>valuation\u00a0: fondements, controverses, perspectives<\/i><\/a> (\u00c9ditions \u00ab\u00a0Science et bien commun\u00a0\u00bb, 2021), coordonn\u00e9 par <a href=\"https:\/\/www.sciencespo.fr\/osc\/fr\/node\/903.html\" target=\"_blank\" rel=\"noopener noreferrer\">Anne Revillard,<\/a> directrice du laboratoire interdisciplinaire d\u2019\u00e9valuation des politiques publiques (LIEPP), chercheuse au Centre de recherche sur les in\u00e9galit\u00e9s sociales (CRIS) de Sciences Po, en collaboration avec Agathe Devaux-Spatarakis, Thomas Delahais et Val\u00e9ry Ridde.\u00a0Pr\u00e9sentation.<\/p>\n<h3>Une \u00ab\u00a0transdiscipline\u00a0\u00bb encore trop peu connue<\/h3>\n<p>L\u2019\u00e9valuation des politiques publiques consiste \u00e0 mobiliser des m\u00e9thodes de sciences sociales pour appr\u00e9cier le fonctionnement et les effets d\u2019interventions publiques ou visant un objectif d\u2019int\u00e9r\u00eat g\u00e9n\u00e9ral, en veillant \u00e0 l\u2019utilit\u00e9 des connaissances ainsi produites. Elle recouvre une pluralit\u00e9 de pratiques qui sont le fait d\u2019une grande diversit\u00e9 d\u2019acteurs\u00a0: chercheurs qui apportent \u00e0 l\u2019\u00e9valuation ses bases m\u00e9thodologiques \u2014, mais aussi administrations, consultants, organisations internationales et organisations non gouvernementales.\u00a0Depuis une cinquantaine d\u2019ann\u00e9es, ces pratiques ont donn\u00e9 lieu, sur le plan international, au d\u00e9veloppement d\u2019un nouveau corpus de m\u00e9thodes et de th\u00e9ories interdisciplinaires discut\u00e9 dans des revues sp\u00e9cialis\u00e9es. Parfois qualifi\u00e9 de \u00ab transdiscipline \u00bb, ce corpus peine \u00e0 s\u2019institutionnaliser \u00e0 l\u2019universit\u00e9 : les programmes doctoraux, par exemple, sont rares, de m\u00eame que les postes ciblant sp\u00e9cifiquement les comp\u00e9tences n\u00e9cessaires. Majoritairement anglophone, ce corpus reste peu connu des publics francophones qu\u2019elle est susceptible d\u2019int\u00e9resser\u00a0: acteurs publics, associatifs, citoyens. Chez les acad\u00e9miques, il est mobilis\u00e9 de fa\u00e7on tr\u00e8s in\u00e9gale selon les disciplines, et plus nettement dans ses dimensions m\u00e9thodologiques que sous ses autres aspects, notamment en termes de r\u00e9flexion sur les valeurs et sur l\u2019utilisation des savoirs produits. La litt\u00e9rature internationale en \u00e9valuation, particuli\u00e8rement foisonnante<span class=\"footnote_referrer\"><a role=\"button\" tabindex=\"0\" onclick=\"footnote_moveToReference_13583_1('footnote_plugin_reference_13583_1_1');\" onkeypress=\"footnote_moveToReference_13583_1('footnote_plugin_reference_13583_1_1');\" ><sup id=\"footnote_plugin_tooltip_13583_1_1\" class=\"footnote_plugin_tooltip_text\">(1)<\/sup><\/a><span id=\"footnote_plugin_tooltip_text_13583_1_1\" class=\"footnote_tooltip\">par exemple:\u00a0 <a href=\"https:\/\/journals.sagepub.com\/home\/evi\">Evaluation<\/a>,<a href=\"https:\/\/journalhosting.ucalgary.ca\/index.php\/cjpe\">\u00a0<\/a> <a href=\"https:\/\/journals.sagepub.com\/home\/aje\">American Journal of evaluation<\/a>, <a href=\"https:\/\/journalhosting.ucalgary.ca\/index.php\/cjpe\">Canadian Journal of Program Evaluation<\/a>,\u00a0\u00a0<a href=\"http:\/\/journals.sfu.ca\/jmde\/index.php\/jmde_1\">Journal of MultiDisciplinary Evaluation<\/a>,<a href=\"https:\/\/journals.sagepub.com\/home\/erx\">\u00a0Evaluation review<\/a>,<a href=\"https:\/\/onlinelibrary.wiley.com\/journal\/1534875x\">\u00a0New directions for evaluation<\/a>,<a href=\"https:\/\/aejonline.org\/index.php\/aej\">\u00a0African Evaluation Journal<\/a>,<a href=\"https:\/\/journals.sagepub.com\/home\/evj\">\u00a0Evaluation Journal of Australasia<\/a>.<\/span><\/span><script type=\"text\/javascript\"> jQuery('#footnote_plugin_tooltip_13583_1_1').tooltip({ tip: '#footnote_plugin_tooltip_text_13583_1_1', tipClass: 'footnote_tooltip', effect: 'fade', predelay: 0, fadeInSpeed: 200, delay: 400, fadeOutSpeed: 200, position: 'top right', relative: true, offset: [10, 10], });<\/script>, est par ailleurs marqu\u00e9e par une inflation de concepts qui tend \u00e0 la rendre difficile d\u2019acc\u00e8s, y compris pour les chercheurs chez qui ces nouvelles r\u00e9f\u00e9rences viennent s\u2019ajouter aux outils et cadres d\u2019analyse de leurs disciplines.<\/p>\n<h3>D\u00e9mocratiser l\u2019\u00e9valuation<\/h3>\n<p>Dans ce contexte, notre objectif avec cet ouvrage est double. Il s\u2019agit, d\u2019une part, de d\u00e9mocratiser l\u2019\u00e9valuation, au sens d\u2019en favoriser l\u2019acc\u00e8s \u00e0 un public le plus large possible\u00a0: chercheurs, \u00e9tudiants, acteurs publics, organisations non gouvernementales, \u00e9valuateurs au sein des administrations, consultants en \u00e9valuation\u2026 mais aussi citoyens, tant l\u2019\u00e9valuation rev\u00eat un enjeu d\u00e9mocratique essentiel, permettant de juger de la pertinence, de l\u2019efficacit\u00e9 ou encore de la coh\u00e9rence des interventions publiques.<br \/>\nLe souhait de faciliter l\u2019acc\u00e8s \u00e0 un public francophone en France et \u00e0 travers le monde a guid\u00e9 le choix d\u2019une publication en fran\u00e7ais, avec la traduction de textes fondamentaux ou r\u00e9cents initialement publi\u00e9s en anglais. Ce souhait de rendre l\u2019\u00e9valuation accessible s\u2019est aussi traduit dans le format de la publication, privil\u00e9giant de courts extraits de textes accompagn\u00e9s de chapitres qui, r\u00e9dig\u00e9s par les coordinateurs de l\u2019ouvrage, fournissent des points de rep\u00e8re th\u00e9oriques et mettent en contexte les textes publi\u00e9s pour en faciliter l\u2019appropriation. Enfin, l\u2019objectif de rendre l\u2019\u00e9valuation accessible transparait, plus litt\u00e9ralement, dans le choix d\u2019une publication en acc\u00e8s ouvert (<i>open access<\/i>) en partenariat avec les \u00e9ditions qu\u00e9b\u00e9coises \u00ab\u00a0Science et bien commun\u00a0\u00bb.<\/p>\n<h3>Universitaires et praticiens, des regards compl\u00e9mentaires<\/h3>\n<p>Un deuxi\u00e8me objectif de l\u2019ouvrage est de faire dialoguer diff\u00e9rents regards et pratiques en \u00e9valuation, et notamment entre pratiques professionnelles et acad\u00e9miques. L\u2019\u00e9quipe du projet est ainsi compos\u00e9e de deux chercheurs (Val\u00e9ry Ridde, chercheur en sant\u00e9 publique au CEPED \u2014 UPC, et Anne Revillard, sociologue \u00e0 Sciences Po [CRIS-LIEPP]) et de deux \u00e9valuateurs professionnels (Agathe Devaux-Spatarakis et Thomas Delahais, \u00e9valuateurs au sein de la SCOP Quadrant Conseil). Les diff\u00e9rents chapitres ont \u00e9t\u00e9 discut\u00e9s par une diversit\u00e9 de coll\u00e8gues th\u00e9oriciens et acteurs de l\u2019\u00e9valuation.<br \/>\nLes \u00e9changes qui ont eu lieu en cours de r\u00e9daction ont fait \u00e9merger la compl\u00e9mentarit\u00e9 des regards, qui se refl\u00e8te dans les th\u00e9matiques trait\u00e9es au fil des chapitres\u00a0: alors que les chercheurs abordent plus volontiers l\u2019\u00e9valuation sous l\u2019angle de ses liens avec la recherche et des enjeux m\u00e9thodologiques et \u00e9pist\u00e9mologiques (\u00ab\u00a0<a href=\"https:\/\/scienceetbiencommun.pressbooks.pub\/evaluationanthologie\/chapter\/introduction-levaluation-est-elle-une-science\/\" target=\"_blank\" rel=\"noopener noreferrer\">L\u2019\u00e9valuation est-elle une science\u00a0?<\/a>\u00a0\u00bb, \u00ab\u00a0<a href=\"https:\/\/scienceetbiencommun.pressbooks.pub\/evaluationanthologie\/chapter\/introduction-la-pluralite-des-approches-paradigmatiques\/\" target=\"_blank\" rel=\"noopener noreferrer\">La diversit\u00e9 des approches paradigmatiques\u00a0<\/a>\u00bb), les praticiens introduisent les enjeux de valeurs, d\u2019organisation pratique de l\u2019\u00e9valuation et d\u2019utilit\u00e9 des connaissances (\u00ab\u00a0<a href=\"https:\/\/scienceetbiencommun.pressbooks.pub\/evaluationanthologie\/chapter\/introduction-evaluer-en-fonction-de-quelles-valeurs\/\" target=\"_blank\" rel=\"noopener noreferrer\">Comment juger de la valeur des interventions\u00a0?<\/a>\u00a0\u00bb, \u00ab\u00a0<a href=\"https:\/\/scienceetbiencommun.pressbooks.pub\/evaluationanthologie\/chapter\/introduction-qui-evalue-et-comment\/\" target=\"_blank\" rel=\"noopener noreferrer\">Qui \u00e9value et comment\u00a0?\u00a0<\/a>\u00bb, \u00ab\u00a0<a href=\"https:\/\/scienceetbiencommun.pressbooks.pub\/evaluationanthologie\/chapter\/introduction-a-quoi-sert-levaluation\/\" target=\"_blank\" rel=\"noopener noreferrer\">\u00c0 <\/a><a href=\"https:\/\/scienceetbiencommun.pressbooks.pub\/evaluationanthologie\/chapter\/introduction-a-quoi-sert-levaluation\/\" target=\"_blank\" rel=\"noopener noreferrer\">quoi sert l\u2019\u00e9valuation\u00a0?<\/a>\u00a0\u00bb).<br \/>\nPar exemple, la notion d\u2019utilisation peut renvoyer \u00e0 l\u2019impact des r\u00e9sultats d\u2019une \u00e9valuation donn\u00e9e sur l\u2019action publique (Quels changements ont \u00e9t\u00e9 adopt\u00e9s suite aux conclusions d\u2019une \u00e9valuation\u00a0?). Mais on peut aussi envisager de fa\u00e7on plus large comment le <i>processus<\/i> m\u00eame d\u2019\u00e9valuation favorise la r\u00e9flexivit\u00e9 des parties prenantes de la politique et leur apprentissage de la d\u00e9marche d\u2019\u00e9valuation (au-del\u00e0 du cas particulier de la politique examin\u00e9e \u00e0 cette occasion). La question des crit\u00e8res d\u2019\u00e9valuation, quant \u00e0 elle, soul\u00e8ve celle des valeurs qui orientent les questions \u00e9valuatives et la formulation d\u2019un jugement sur les interventions. Ainsi dans son article <a href=\"https:\/\/scienceetbiencommun.pressbooks.pub\/evaluationanthologie\/chapter\/levaluation-contribue-t-elle-au-bien-commun\/\" target=\"_blank\" rel=\"noopener noreferrer\">L<\/a><a href=\"https:\/\/scienceetbiencommun.pressbooks.pub\/evaluationanthologie\/chapter\/levaluation-contribue-t-elle-au-bien-commun\/\">\u2019\u00e9valuation contribue-t-elle au bien commun\u00a0?<\/a> Sandra Mathison montre qu\u2019au-del\u00e0 des termes fix\u00e9s par un commanditaire, il est n\u00e9cessaire de r\u00e9fl\u00e9chir aux crit\u00e8res d\u2019\u00e9valuation avec un souci du bien commun, en se pla\u00e7ant du point de vue des groupes les plus d\u00e9favoris\u00e9s.<br \/>\nLe champ de l\u2019\u00e9valuation a ainsi donn\u00e9 lieu \u00e0 des r\u00e9flexions originales et particuli\u00e8rement stimulantes sur la place des valeurs dans le processus de production des savoirs (notamment \u00e0 travers la r\u00e9flexion sur les crit\u00e8res d\u2019\u00e9valuation), et sur l\u2019utilisation du processus et des r\u00e9sultats des \u00e9valuations. Autant de r\u00e9flexions que les pratiques plus acad\u00e9miques de recherche gagnent aussi \u00e0 investir\u00a0!<\/p>\n<p><b>Ouvrage coordonn\u00e9 par\u00a0:<\/b><\/p>\n<ul>\n<li aria-level=\"1\"><b>Thomas Delahais<\/b>\u00a0: \u00e9valuateur et cofondateur de la soci\u00e9t\u00e9 coop\u00e9rative Quadrant Conseil. Ses travaux portent sur l\u2019\u00e9valuation des interventions complexes et en particulier sur l\u2019analyse de contribution\u2009; sur l\u2019\u00e9valuation des initiatives de transition\u2009; et sur la sociologie de l\u2019\u00e9valuation. Il est membre du bureau \u00e9ditorial de l\u2019\u00c9valuation Journal.<\/li>\n<li aria-level=\"1\"><b>Agathe Devaux-Spatarakis<\/b>\u00a0: consultante et chercheuse pour la Scop Quadrant Conseil. Agathe conduit des missions d\u2019\u00e9valuation de politiques publiques et d\u2019accompagnement m\u00e9thodologique pour le compte d\u2019organisations publiques en France et \u00e0 l\u2019international. Docteure en science politique, elle est sp\u00e9cialis\u00e9e dans les m\u00e9thodes d\u2019\u00e9valuation adapt\u00e9es aux innovations et exp\u00e9rimentations ainsi que l\u2019\u00e9tude de l\u2019utilisation des r\u00e9sultats par les d\u00e9cideurs publics.<\/li>\n<li aria-level=\"1\"><b>Anne Revillard<\/b>\u00a0: professeure associ\u00e9e en sociologie \u00e0 Sciences Po, membre du Centre de recherche sur les in\u00e9galit\u00e9s sociales (CRIS) et directrice du Laboratoire interdisciplinaire d\u2019\u00e9valuation des politiques publiques (LIEPP).<\/li>\n<li aria-level=\"1\"><b>Val\u00e9ry Ridde<\/b>\u00a0: directeur de recherche au CEPED, une unit\u00e9 de recherche commune \u00e0 Universit\u00e9 Paris Cit\u00e9 et \u00e0 l\u2019Institut de recherche pour le d\u00e9veloppement (IRD). Il est actuellement bas\u00e9 \u00e0 l\u2019Institut de la sant\u00e9 et du d\u00e9veloppement (ISED) de l\u2019Universit\u00e9 Cheikh Anta Diop de Dakar (S\u00e9n\u00e9gal).<\/li>\n<\/ul>\n<div class=\"speaker-mute footnotes_reference_container\"> <div class=\"footnote_container_prepare\"><p><span role=\"button\" tabindex=\"0\" class=\"footnote_reference_container_label pointer\" onclick=\"footnote_expand_collapse_reference_container_13583_1();\">Notes<\/span><span role=\"button\" tabindex=\"0\" class=\"footnote_reference_container_collapse_button\" style=\"display: none;\" onclick=\"footnote_expand_collapse_reference_container_13583_1();\">[<a id=\"footnote_reference_container_collapse_button_13583_1\">+<\/a>]<\/span><\/p><\/div> <div id=\"footnote_references_container_13583_1\" style=\"\"><table class=\"footnotes_table footnote-reference-container\"><caption class=\"accessibility\">Notes<\/caption> <tbody> \r\n\r\n<tr class=\"footnotes_plugin_reference_row\"> <th scope=\"row\" class=\"footnote_plugin_index_combi pointer\"  onclick=\"footnote_moveToAnchor_13583_1('footnote_plugin_tooltip_13583_1_1');\"><a id=\"footnote_plugin_reference_13583_1_1\" class=\"footnote_backlink\"><span class=\"footnote_index_arrow\">&#8593;<\/span>1<\/a><\/th> <td class=\"footnote_plugin_text\">par exemple:\u00a0 <a href=\"https:\/\/journals.sagepub.com\/home\/evi\">Evaluation<\/a>,<a href=\"https:\/\/journalhosting.ucalgary.ca\/index.php\/cjpe\">\u00a0<\/a> <a href=\"https:\/\/journals.sagepub.com\/home\/aje\">American Journal of evaluation<\/a>, <a href=\"https:\/\/journalhosting.ucalgary.ca\/index.php\/cjpe\">Canadian Journal of Program Evaluation<\/a>,\u00a0\u00a0<a href=\"http:\/\/journals.sfu.ca\/jmde\/index.php\/jmde_1\">Journal of MultiDisciplinary Evaluation<\/a>,<a href=\"https:\/\/journals.sagepub.com\/home\/erx\">\u00a0Evaluation review<\/a>,<a href=\"https:\/\/onlinelibrary.wiley.com\/journal\/1534875x\">\u00a0New directions for evaluation<\/a>,<a href=\"https:\/\/aejonline.org\/index.php\/aej\">\u00a0African Evaluation Journal<\/a>,<a href=\"https:\/\/journals.sagepub.com\/home\/evj\">\u00a0Evaluation Journal of Australasia<\/a>.<\/td><\/tr>\r\n\r\n <\/tbody> <\/table> <\/div><\/div><script type=\"text\/javascript\"> function footnote_expand_reference_container_13583_1() { jQuery('#footnote_references_container_13583_1').show(); jQuery('#footnote_reference_container_collapse_button_13583_1').text('\u2212'); } function footnote_collapse_reference_container_13583_1() { jQuery('#footnote_references_container_13583_1').hide(); jQuery('#footnote_reference_container_collapse_button_13583_1').text('+'); } function footnote_expand_collapse_reference_container_13583_1() { if (jQuery('#footnote_references_container_13583_1').is(':hidden')) { footnote_expand_reference_container_13583_1(); } else { footnote_collapse_reference_container_13583_1(); } } function footnote_moveToReference_13583_1(p_str_TargetID) { footnote_expand_reference_container_13583_1(); var l_obj_Target = jQuery('#' + p_str_TargetID); if (l_obj_Target.length) { jQuery( 'html, body' ).delay( 0 ); jQuery('html, body').animate({ scrollTop: l_obj_Target.offset().top - window.innerHeight * 0.2 }, 380); } } function footnote_moveToAnchor_13583_1(p_str_TargetID) { footnote_expand_reference_container_13583_1(); var l_obj_Target = jQuery('#' + p_str_TargetID); if (l_obj_Target.length) { jQuery( 'html, body' ).delay( 0 ); jQuery('html, body').animate({ scrollTop: l_obj_Target.offset().top - window.innerHeight * 0.2 }, 380); } }<\/script>","protected":false},"excerpt":{"rendered":"<p>\u00c0 quoi sert l\u2019\u00e9valuation des politiques publiques\u00a0? Comment les \u00e9valuations sont-elles produites\u00a0? Comment en faire connaitre les enjeux \u00e0 un large public dans l\u2019optique de<span class=\"excerpt-hellip\"> [\u2026]<\/span><\/p>\n","protected":false},"author":3,"featured_media":13729,"comment_status":"closed","ping_status":"open","sticky":false,"template":"","format":"standard","meta":{"footnotes":""},"categories":[18,325,307],"tags":[75],"_links":{"self":[{"href":"https:\/\/www.sciencespo.fr\/research\/cogito\/home\/wp-json\/wp\/v2\/posts\/13583"}],"collection":[{"href":"https:\/\/www.sciencespo.fr\/research\/cogito\/home\/wp-json\/wp\/v2\/posts"}],"about":[{"href":"https:\/\/www.sciencespo.fr\/research\/cogito\/home\/wp-json\/wp\/v2\/types\/post"}],"author":[{"embeddable":true,"href":"https:\/\/www.sciencespo.fr\/research\/cogito\/home\/wp-json\/wp\/v2\/users\/3"}],"replies":[{"embeddable":true,"href":"https:\/\/www.sciencespo.fr\/research\/cogito\/home\/wp-json\/wp\/v2\/comments?post=13583"}],"version-history":[{"count":4,"href":"https:\/\/www.sciencespo.fr\/research\/cogito\/home\/wp-json\/wp\/v2\/posts\/13583\/revisions"}],"predecessor-version":[{"id":13810,"href":"https:\/\/www.sciencespo.fr\/research\/cogito\/home\/wp-json\/wp\/v2\/posts\/13583\/revisions\/13810"}],"wp:featuredmedia":[{"embeddable":true,"href":"https:\/\/www.sciencespo.fr\/research\/cogito\/home\/wp-json\/wp\/v2\/media\/13729"}],"wp:attachment":[{"href":"https:\/\/www.sciencespo.fr\/research\/cogito\/home\/wp-json\/wp\/v2\/media?parent=13583"}],"wp:term":[{"taxonomy":"category","embeddable":true,"href":"https:\/\/www.sciencespo.fr\/research\/cogito\/home\/wp-json\/wp\/v2\/categories?post=13583"},{"taxonomy":"post_tag","embeddable":true,"href":"https:\/\/www.sciencespo.fr\/research\/cogito\/home\/wp-json\/wp\/v2\/tags?post=13583"}],"curies":[{"name":"wp","href":"https:\/\/api.w.org\/{rel}","templated":true}]}}