{"id":12290,"date":"2021-11-16T12:00:46","date_gmt":"2021-11-16T10:00:46","guid":{"rendered":"https:\/\/www.sciencespo.fr\/research\/cogito\/home\/?p=12290"},"modified":"2021-11-17T08:46:40","modified_gmt":"2021-11-17T06:46:40","slug":"lindustrie-agroalimentaire-et-ses-activites-politiques","status":"publish","type":"post","link":"https:\/\/www.sciencespo.fr\/research\/cogito\/home\/lindustrie-agroalimentaire-et-ses-activites-politiques\/","title":{"rendered":"L\u2019industrie agroalimentaire et ses activit\u00e9s politiques"},"content":{"rendered":"<p>par Daniel Benamouzig, Centre de sociologie des organisations et Joan Cortinas, Chaire Sant\u00e9<\/p>\n<p>Le 30\u00a0mai 2018, <i>Lib\u00e9ration<\/i> titrait en couverture \u00ab\u00a0<i>Comment les lobbies cuisinent nos d\u00e9put\u00e9s<\/i>\u00a0\u00bb. Un long reportage, compl\u00e9t\u00e9 par des articles parus les jours suivants, d\u00e9cryptait le r\u00f4le de l\u2019industrie agroalimentaire dans le rejet de plusieurs amendements parlementaires sur la loi EGALIM (loi agriculture et alimentation). Finalement adopt\u00e9e en octobre 2018, cette loi vise \u00e0 \u00e9quilibrer les relations commerciales en faveur des agriculteurs et promouvoir une alimentation saine et durable. <img decoding=\"async\" loading=\"lazy\" class=\"alignleft size-medium wp-image-12386\" src=\"https:\/\/www.sciencespo.fr\/research\/cogito\/wp-content\/uploads\/2021\/11\/shutterstock_1922045894-300x200.jpg\" alt=\"\" width=\"300\" height=\"200\" srcset=\"https:\/\/www.sciencespo.fr\/research\/cogito\/wp-content\/uploads\/2021\/11\/shutterstock_1922045894-300x200.jpg 300w, https:\/\/www.sciencespo.fr\/research\/cogito\/wp-content\/uploads\/2021\/11\/shutterstock_1922045894-768x511.jpg 768w, https:\/\/www.sciencespo.fr\/research\/cogito\/wp-content\/uploads\/2021\/11\/shutterstock_1922045894-219x146.jpg 219w, https:\/\/www.sciencespo.fr\/research\/cogito\/wp-content\/uploads\/2021\/11\/shutterstock_1922045894-50x33.jpg 50w, https:\/\/www.sciencespo.fr\/research\/cogito\/wp-content\/uploads\/2021\/11\/shutterstock_1922045894-113x75.jpg 113w, https:\/\/www.sciencespo.fr\/research\/cogito\/wp-content\/uploads\/2021\/11\/shutterstock_1922045894.jpg 1000w\" sizes=\"(max-width: 300px) 100vw, 300px\" \/>Des fuites organis\u00e9es vers l\u2019industrie des produits phytosanitaires avaient permis de faire obstacle \u00e0 la proposition d\u2019une d\u00e9put\u00e9e d\u2019interdire l\u2019utilisation du glyphosate \u00e0 partir de 2021. Un autre amendement, visant \u00e0 rendre obligatoire le Nutri-score dans les publicit\u00e9s des produits alimentaires, avait aussi \u00e9t\u00e9 combattu et rejet\u00e9 en commission parlementaire, puis en s\u00e9ance pl\u00e9ni\u00e8re. Ces s\u00e9quences politiques font \u00e9cho aux activit\u00e9s de l\u2019industrie agroalimentaire en direction des politiques publiques, notamment en mati\u00e8re de sant\u00e9. C\u2019est \u00e0 l\u2019analyse de ces activit\u00e9s que cet article est consacr\u00e9. Quels en sont les protagonistes et quelles sont leurs ressources\u00a0? Quelles strat\u00e9gies mettent-ils en \u0153uvre pour faire valoir leurs positions\u00a0? \u00c0 travers quelles organisations interviennent-ils\u00a0et dans quels espaces sociaux\u00a0?<\/p>\n<p>En France, ces questions ont \u00e9t\u00e9 abord\u00e9es par des travaux de recherche en sant\u00e9 publique et en sciences politiques, ainsi que par des enqu\u00eates de journalistes, souvent parcellaires. Il s\u2019agit g\u00e9n\u00e9ralement de travailler sur une fili\u00e8re \u2014 le lait, le sel, le sucre \u2014 ou sur un espace li\u00e9 \u00e0 la production des politiques alimentaires et nutritionnelles \u2014 le monde de la recherche et de l\u2019expertise ou l\u2019Assembl\u00e9e nationale par exemple. \u00c9labor\u00e9 en lien avec des institutions publiques de sant\u00e9, un programme de recherches de la Chaire sant\u00e9 cherche \u00e0 produire une vision d\u2019ensemble, sous forme de cartographie d\u00e9taill\u00e9e des activit\u00e9s politiques des entreprises agroalimentaires en France.<\/p>\n<h4>Cartographier les strat\u00e9gies de l\u2019industrie agroalimentaire<\/h4>\n<p>Pareille cartographie soul\u00e8ve d\u2019\u00e9vidents enjeux sociaux et politiques, ainsi qu\u2019un d\u00e9fi m\u00e9thodologique li\u00e9 aux difficult\u00e9s d\u2019objectiver des pratiques discr\u00e8tes. Sans s\u2019\u00e9tendre ici sur les enjeux d\u00e9mocratiques li\u00e9s \u00e0 ces pratiques, soulignons le d\u00e9placement que produit un regard transversal. Il conduit \u00e0 consid\u00e9rer \u00e0 une \u00e9chelle collective et organis\u00e9e des ph\u00e9nom\u00e8nes souvent appr\u00e9hend\u00e9s \u00e0 l\u2019\u00e9chelle individuelle des conflits d\u2019int\u00e9r\u00eats, auxquels sont associ\u00e9es une poign\u00e9e d\u2019experts. En r\u00e9action \u00e0 la demande d\u2019une partie croissante de l\u2019opinion, et apr\u00e8s des scandales ou des crises de sant\u00e9 publique, les pouvoirs publics ont entrepris de limiter la place des int\u00e9r\u00eats priv\u00e9s dans la d\u00e9finition de l\u2019int\u00e9r\u00eat g\u00e9n\u00e9ral. Or ces liens sont loin d\u2019\u00eatre purement individuels ou interpersonnels. Comme le montre la cartographie r\u00e9alis\u00e9e, ils rel\u00e8vent plut\u00f4t d\u2019une organisation complexe et sophistiqu\u00e9e. Des strat\u00e9gies sont patiemment d\u00e9ploy\u00e9es dans divers univers sociaux. Elles \u00e9voluent, se coordonnent, se renouv\u00e8lent, et p\u00e8sent ensemble sur les politiques publiques.<\/p>\n<div id=\"attachment_12388\" style=\"width: 310px\" class=\"wp-caption alignright\"><img aria-describedby=\"caption-attachment-12388\" decoding=\"async\" loading=\"lazy\" class=\"size-medium wp-image-12388\" src=\"https:\/\/www.sciencespo.fr\/research\/cogito\/wp-content\/uploads\/2021\/11\/14151146613_8812b14883_c-300x240.jpg\" alt=\"\" width=\"300\" height=\"240\" srcset=\"https:\/\/www.sciencespo.fr\/research\/cogito\/wp-content\/uploads\/2021\/11\/14151146613_8812b14883_c-300x240.jpg 300w, https:\/\/www.sciencespo.fr\/research\/cogito\/wp-content\/uploads\/2021\/11\/14151146613_8812b14883_c-768x614.jpg 768w, https:\/\/www.sciencespo.fr\/research\/cogito\/wp-content\/uploads\/2021\/11\/14151146613_8812b14883_c-183x146.jpg 183w, https:\/\/www.sciencespo.fr\/research\/cogito\/wp-content\/uploads\/2021\/11\/14151146613_8812b14883_c-50x40.jpg 50w, https:\/\/www.sciencespo.fr\/research\/cogito\/wp-content\/uploads\/2021\/11\/14151146613_8812b14883_c-94x75.jpg 94w, https:\/\/www.sciencespo.fr\/research\/cogito\/wp-content\/uploads\/2021\/11\/14151146613_8812b14883_c.jpg 800w\" sizes=\"(max-width: 300px) 100vw, 300px\" \/><p id=\"caption-attachment-12388\" class=\"wp-caption-text\">Lobbying in the EU &#8211; Greens\/EFA conference 10 April 2014, CC BY 2.0, via Flickr<\/p><\/div>\n<p>Au regard de ces dynamiques, la gestion individualis\u00e9e des liens et conflits d\u2019int\u00e9r\u00eats et la r\u00e8glementation qui les accompagne se situent rarement \u00e0 la bonne \u00e9chelle\u00a0: elles privil\u00e9gient l\u2019identification de situations probl\u00e9matiques, ou l\u2019existence de relations entre des experts et des int\u00e9r\u00eats priv\u00e9s. Une vision d\u2019ensemble relativise l\u2019importance des conflits d\u2019int\u00e9r\u00eats individuels et invite \u00e0 une r\u00e9gulation plus transversale et situ\u00e9e \u00e0 l\u2019\u00e9chelle des strat\u00e9gies collectives mises en \u0153uvre. La cartographie des activit\u00e9s politiques des entreprises permet de situer, mesurer la fr\u00e9quence et estimer la port\u00e9e des interventions nombreuses et diversifi\u00e9es de l\u2019industrie agroalimentaire. Elles rel\u00e8vent de trois grands types, que nous avons qualifi\u00e9s d\u2019activit\u00e9s d\u2019ordre cognitif, d\u2019activit\u00e9s relationnelles et d\u2019activit\u00e9s d\u2019ordre symbolique.<\/p>\n<h4>La bataille des connaissances<\/h4>\n<p>En quoi consistent les activit\u00e9s d\u2019ordre cognitif ? Elles passent par la production de connaissances et d\u2019ignorance, qui permettent aux entreprises agroalimentaires de faire \u00e9merger certains savoirs au d\u00e9triment d\u2019autres dans les domaines de la nutrition et de l\u2019alimentation. Ces pratiques font l\u2019objet de nombreuses recherches, qui mettent en lien la production de connaissances et d\u2019ignorance avec la production du doute. Cette pratique consiste \u00e0 faire \u00e9merger et diffuser des arguments, souvent fond\u00e9s sur des \u00e9tudes scientifiques, pour discr\u00e9diter les r\u00e9sultats de recherches pointant les effets n\u00e9gatifs de tel ou tel produit ou ingr\u00e9dient. Il s\u2019agira par exemple de souligner que les effets addictifs du sucre sont certes prouv\u00e9s sur des mod\u00e8les animaux, mais pas chez l\u2019homme. Une autre tactique consiste \u00e0 \u00ab recadrer \u00bb les d\u00e9bats afin de d\u00e9placer un probl\u00e8me abord\u00e9 d\u2019un point de vue scientifique vers d\u2019autres enjeux, en produisant des arguments \u00e9conomiques, culturels, juridiques, \u00e9thiques ou politiques, qui relativisent la port\u00e9e des r\u00e9sultats scientifiques. La consommation de produits gras est certes mauvaise pour la sant\u00e9, mais n\u2019est-ce pas l\u00e0 avant tout notre libert\u00e9 ou l\u2019expression de notre culture ? Ces pratiques cognitives sont mises en \u0153uvre par des organisations sp\u00e9cialis\u00e9es, principalement par des centres et des instituts de recherche ou d\u2019information cr\u00e9\u00e9s par des acteurs industriels. Une vingtaine d\u2019organisations de ce type a \u00e9t\u00e9 identifi\u00e9e au cours de l\u2019enqu\u00eate. La fili\u00e8re laiti\u00e8re appara\u00eet la plus diligente, avec pas moins de neuf organisations sp\u00e9cialis\u00e9es. En dehors des instances appartenant \u00e0 une fili\u00e8re, le <a href=\"https:\/\/alimentation-sante.org\/\" target=\"_blank\" rel=\"noopener noreferrer\">Fonds Fran\u00e7ais Alimentation Sant\u00e9<\/a>, financ\u00e9 et soutenu par de multiples entreprises et fili\u00e8res, dispose du plus grand nombre de connexions avec l\u2019ensemble des acteurs du secteur, mais aussi avec le plus grand nombre de chercheurs, \u00e0 quoi s\u2019ajoute une place dans le champ politique.<\/p>\n<div id=\"attachment_12395\" style=\"width: 510px\" class=\"wp-caption alignleft\"><img aria-describedby=\"caption-attachment-12395\" decoding=\"async\" loading=\"lazy\" class=\"wp-image-12395\" src=\"https:\/\/www.sciencespo.fr\/research\/cogito\/wp-content\/uploads\/2021\/11\/Screenshot-2021-11-14-at-16-16-43-Home-300x111.png\" alt=\"\" width=\"500\" height=\"185\" srcset=\"https:\/\/www.sciencespo.fr\/research\/cogito\/wp-content\/uploads\/2021\/11\/Screenshot-2021-11-14-at-16-16-43-Home-300x111.png 300w, https:\/\/www.sciencespo.fr\/research\/cogito\/wp-content\/uploads\/2021\/11\/Screenshot-2021-11-14-at-16-16-43-Home-1024x378.png 1024w, https:\/\/www.sciencespo.fr\/research\/cogito\/wp-content\/uploads\/2021\/11\/Screenshot-2021-11-14-at-16-16-43-Home-768x283.png 768w, https:\/\/www.sciencespo.fr\/research\/cogito\/wp-content\/uploads\/2021\/11\/Screenshot-2021-11-14-at-16-16-43-Home-260x96.png 260w, https:\/\/www.sciencespo.fr\/research\/cogito\/wp-content\/uploads\/2021\/11\/Screenshot-2021-11-14-at-16-16-43-Home-50x18.png 50w, https:\/\/www.sciencespo.fr\/research\/cogito\/wp-content\/uploads\/2021\/11\/Screenshot-2021-11-14-at-16-16-43-Home-150x55.png 150w, https:\/\/www.sciencespo.fr\/research\/cogito\/wp-content\/uploads\/2021\/11\/Screenshot-2021-11-14-at-16-16-43-Home.png 1322w\" sizes=\"(max-width: 500px) 100vw, 500px\" \/><p id=\"caption-attachment-12395\" class=\"wp-caption-text\">Site web de l&rsquo;American Society for Nutrition<\/p><\/div>\n<p>R\u00e9ciproquement, l\u2019enqu\u00eate a permis d\u2019identifier pr\u00e8s de trente espaces scientifiques investis de fa\u00e7on r\u00e9currente par le secteur agroalimentaire. Parmi eux apparaissent des institutions et centres de recherche, comme l\u2019Institut Pasteur de Lille ou la Chaire ANCA d\u2019AgroParisTech\u2009; des soci\u00e9t\u00e9s savantes, dont les principales du champ de la nutrition\u2009; des congr\u00e8s et conf\u00e9rences scientifiques, comme le <a href=\"https:\/\/nutrition.org\/\" target=\"_blank\" rel=\"noopener noreferrer\">Congr\u00e8s international de nutrition<\/a> ou la <a href=\"https:\/\/fensnutrition.org\/\" target=\"_blank\" rel=\"noopener noreferrer\">conf\u00e9rence\u00a0Europe nutrition\u2009<\/a>; et enfin des revues scientifiques, comme les <a href=\"https:\/\/www.sciencedirect.com\/journal\/cahiers-de-nutrition-et-de-dietetique\" target=\"_blank\" rel=\"noopener noreferrer\">Cahiers de Nutrition et de Di\u00e9t\u00e9tique<\/a>.<\/p>\n<p>Pour assurer une pr\u00e9sence dans le champ scientifique, le secteur agroalimentaire s\u2019appuie sur des experts acad\u00e9miques qui agissent en tant qu\u2019interm\u00e9diaires entre le monde \u00e9conomique et celui de la recherche. Ils initient les acteurs \u00e9conomiques aux controverses scientifiques et peuvent \u00eatre mobilis\u00e9s pour \u00e9crire des tribunes favorables aux int\u00e9r\u00eats industriels<span class=\"footnote_referrer\"><a role=\"button\" tabindex=\"0\" onclick=\"footnote_moveToReference_12290_1('footnote_plugin_reference_12290_1_1');\" onkeypress=\"footnote_moveToReference_12290_1('footnote_plugin_reference_12290_1_1');\" ><sup id=\"footnote_plugin_tooltip_12290_1_1\" class=\"footnote_plugin_tooltip_text\">(1)<\/sup><\/a><span id=\"footnote_plugin_tooltip_text_12290_1_1\" class=\"footnote_tooltip\">\u00ab<a href=\"https:\/\/www.cerin.org\/wp-content\/uploads\/2016\/08\/infopresse-Laplace.pdf\" target=\"_blank\" rel=\"noopener noreferrer\"> Pourrait-on nous laisser manger tranquilles ?<\/a> \u00bb, Centre de Recherche et d\u2019Information Nutritionnelles, juin 2014 <\/span><\/span><script type=\"text\/javascript\"> jQuery('#footnote_plugin_tooltip_12290_1_1').tooltip({ tip: '#footnote_plugin_tooltip_text_12290_1_1', tipClass: 'footnote_tooltip', effect: 'fade', predelay: 0, fadeInSpeed: 200, delay: 400, fadeOutSpeed: 200, position: 'top right', relative: true, offset: [10, 10], });<\/script>. Ces scientifiques si\u00e8gent le plus souvent dans des comit\u00e9s d\u2019experts ou dans des comit\u00e9s scientifiques d\u2019entreprises ou d\u2019organisations de repr\u00e9sentation d\u2019int\u00e9r\u00eats.<\/p>\n<h4>Au plus pr\u00e8s des d\u00e9cisions<\/h4>\n<p>Les acteurs industriels se portent au plus pr\u00e8s des espaces de d\u00e9cision publique \u00e0 travers une grande vari\u00e9t\u00e9 d\u2019activit\u00e9s relationnelles, de celles qui sont les plus spontan\u00e9ment associ\u00e9es au lobbying, notoire dans ce secteur. Elles se manifestent concr\u00e8tement par la construction de liens personnels avec des \u00e9lus ou d\u2019autres acteurs responsables de la d\u00e9cision publique. Elles donnent aussi lieu \u00e0 la cr\u00e9ation d\u2019alliances avec d\u2019autres secteurs \u00e9conomiques ou des repr\u00e9sentants de la soci\u00e9t\u00e9 civile, dans le but de cr\u00e9er des rapports de force favorables \u00e0 l\u2019industrie. De mani\u00e8re plus radicale, il arrive que des repr\u00e9sentants d\u2019int\u00e9r\u00eats \u00e9conomiques se substituent aux acteurs politiques, en endossant leurs r\u00f4les. Ils assument alors la conception ou la mise en \u0153uvre, totale ou partielle, de programmes d\u2019action publique.<\/p>\n<div id=\"attachment_12397\" style=\"width: 310px\" class=\"wp-caption alignleft\"><img aria-describedby=\"caption-attachment-12397\" decoding=\"async\" loading=\"lazy\" class=\"size-medium wp-image-12397\" src=\"https:\/\/www.sciencespo.fr\/research\/cogito\/wp-content\/uploads\/2021\/11\/congres-annuel-agroalimentaire-300x235.jpg\" alt=\"\" width=\"300\" height=\"235\" srcset=\"https:\/\/www.sciencespo.fr\/research\/cogito\/wp-content\/uploads\/2021\/11\/congres-annuel-agroalimentaire-300x235.jpg 300w, https:\/\/www.sciencespo.fr\/research\/cogito\/wp-content\/uploads\/2021\/11\/congres-annuel-agroalimentaire-186x146.jpg 186w, https:\/\/www.sciencespo.fr\/research\/cogito\/wp-content\/uploads\/2021\/11\/congres-annuel-agroalimentaire-50x39.jpg 50w, https:\/\/www.sciencespo.fr\/research\/cogito\/wp-content\/uploads\/2021\/11\/congres-annuel-agroalimentaire-96x75.jpg 96w, https:\/\/www.sciencespo.fr\/research\/cogito\/wp-content\/uploads\/2021\/11\/congres-annuel-agroalimentaire.jpg 740w\" sizes=\"(max-width: 300px) 100vw, 300px\" \/><p id=\"caption-attachment-12397\" class=\"wp-caption-text\">Congr\u00e8s de l&rsquo;Association R\u00e9gionale des Industries Alimentaires (ARIA) de la r\u00e9gion Sud Provence-Alpes-C\u00f4te d\u2019Azur<\/p><\/div>\n<p>Les acteurs sp\u00e9cialis\u00e9s dans ce type d\u2019activit\u00e9s sont surtout des organisations de repr\u00e9sentation d\u2019int\u00e9r\u00eats des fili\u00e8res et m\u00e9tiers. Parmi elles, <a href=\"https:\/\/www.ania.net\/\" target=\"_blank\" rel=\"noopener noreferrer\">l\u2019Association nationale des entreprises de l\u2019agroalimentaire<\/a>, <a href=\"http:\/\/www.fcd.fr\/\" target=\"_blank\" rel=\"noopener noreferrer\">la F\u00e9d\u00e9ration du Commerce et de la distribution et la F\u00e9d\u00e9ration nationale des exploitants agricoles<\/a>, sont les plus pr\u00e9sentes aupr\u00e8s d\u2019instances \u00e9tatiques. R\u00e9ciproquement, les instances publiques les plus investies sont l\u2019Assembl\u00e9e nationale, le S\u00e9nat et <a href=\"https:\/\/cna-alimentation.fr\/\" target=\"_blank\" rel=\"noopener noreferrer\">le Conseil National de l\u2019Alimentation<\/a>. Des activit\u00e9s de repr\u00e9sentation d\u2019int\u00e9r\u00eats peuvent aussi \u00eatre mises en \u0153uvre directement par des entreprises. Quinze entreprises ont une pr\u00e9sence r\u00e9guli\u00e8re \u00e0 l\u2019Assembl\u00e9e nationale, o\u00f9 plusieurs groupes d\u2019\u00e9tude et clubs parlementaires comme le \u00ab\u00a0Club de la table fran\u00e7aise\u00a0\u00bb ou le \u00ab\u00a0Club des amis du cochon\u00a0\u00bb favorisent les \u00e9changes avec des \u00e9lus et du personnel politique.<\/p>\n<h4>Cr\u00e9dit et discr\u00e9dit symboliques<\/h4>\n<p>Les leviers d\u2019intervention des entreprises agroalimentaires sont aussi symboliques\u00a0: il s\u2019agit d\u2019accro\u00eetre le cr\u00e9dit dont elles peuvent b\u00e9n\u00e9ficier, ou de r\u00e9duire \u00e0 l\u2019inverse celui de leurs opposants. De nombreuses activit\u00e9s d\u2019ordre symbolique visent \u00e0 renforcer le cr\u00e9dit d\u2019une entreprise ou d\u2019une fili\u00e8re\u00a0: il s\u2019agit de construire une r\u00e9putation ou une autorit\u00e9 morale \u00e0 travers des engagements aupr\u00e8s d\u2019acteurs non \u00e9conomiques, b\u00e9n\u00e9ficiant eux-m\u00eames d\u2019une image positive. Des engagements philanthropiques sont mis en \u0153uvre \u00e0 travers des partenariats avec des associations et des ONG intervenant dans la lutte contre la pauvret\u00e9 ou en faveur de la promotion du sport par exemple. Les organisations sp\u00e9cialis\u00e9es dans la construction de r\u00e9putations positives sont surtout des fondations d\u2019entreprise. Parmi les neuf fondations identifi\u00e9es au cours de l\u2019enqu\u00eate, la Fondation Carrefour et la Fondation Monoprix \u00e9taient les plus actives, en cumulant deux tiers des partenariats identifi\u00e9s.<\/p>\n<p>D\u2019autres pratiques visent sym\u00e9triquement \u00e0 entamer le cr\u00e9dit symbolique d\u2019\u00e9ventuels \u00ab opposants \u00bb. La r\u00e9putation de ces derniers est d\u00e9lib\u00e9r\u00e9ment fragilis\u00e9e par une mise en cause discr\u00e8te ou publique de leur autorit\u00e9 scientifique ou morale. Les opposants sont transform\u00e9s en figures ill\u00e9gitimes, en les faisant appara\u00eetre comme \u00ab militants \u00bb ou \u00ab obsessionnels \u00bb. Le recours \u00e0 des arguments psychologiques et personnalis\u00e9s \u00e0 dessein, et le cas \u00e9ch\u00e9ant \u00e0 des menaces de poursuites judiciaires ou \u00e0 des plaintes effectives, poussent plus loin les logiques de discr\u00e9dit<span class=\"footnote_referrer\"><a role=\"button\" tabindex=\"0\" onclick=\"footnote_moveToReference_12290_1('footnote_plugin_reference_12290_1_2');\" onkeypress=\"footnote_moveToReference_12290_1('footnote_plugin_reference_12290_1_2');\" ><sup id=\"footnote_plugin_tooltip_12290_1_2\" class=\"footnote_plugin_tooltip_text\">(2)<\/sup><\/a><span id=\"footnote_plugin_tooltip_text_12290_1_2\" class=\"footnote_tooltip\"><a href=\"https:\/\/www.lanutrition.fr\/interviews\/pierre-meneton-un-chercheur-attaque-par-lindustrie-du-sel\" target=\"_blank\" rel=\"noopener noreferrer\">Pierre Meneton : un chercheur attaqu\u00e9 par l&rsquo;industrie du sel<\/a> | LaNutrition.fr, juillet 2017<\/span><\/span><script type=\"text\/javascript\"> jQuery('#footnote_plugin_tooltip_12290_1_2').tooltip({ tip: '#footnote_plugin_tooltip_text_12290_1_2', tipClass: 'footnote_tooltip', effect: 'fade', predelay: 0, fadeInSpeed: 200, delay: 400, fadeOutSpeed: 200, position: 'top right', relative: true, offset: [10, 10], });<\/script>.<\/p>\n<h4>R\u00e9guler des conflits d\u2019int\u00e9r\u00eats structurels\u00a0?<\/h4>\n<div id=\"attachment_12393\" style=\"width: 224px\" class=\"wp-caption alignright\"><a href=\"https:\/\/www.anses.fr\/fr\/content\/la-nutrivigilance-quest-ce-que-cest\"><img aria-describedby=\"caption-attachment-12393\" decoding=\"async\" loading=\"lazy\" class=\"wp-image-12393 size-medium\" src=\"https:\/\/www.sciencespo.fr\/research\/cogito\/wp-content\/uploads\/2021\/11\/Screenshot-2021-11-14-at-16-11-16-ANSES-Ft-Nutrivigilance-pdf-214x300.png\" alt=\"\" width=\"214\" height=\"300\" srcset=\"https:\/\/www.sciencespo.fr\/research\/cogito\/wp-content\/uploads\/2021\/11\/Screenshot-2021-11-14-at-16-11-16-ANSES-Ft-Nutrivigilance-pdf-214x300.png 214w, https:\/\/www.sciencespo.fr\/research\/cogito\/wp-content\/uploads\/2021\/11\/Screenshot-2021-11-14-at-16-11-16-ANSES-Ft-Nutrivigilance-pdf-104x146.png 104w, https:\/\/www.sciencespo.fr\/research\/cogito\/wp-content\/uploads\/2021\/11\/Screenshot-2021-11-14-at-16-11-16-ANSES-Ft-Nutrivigilance-pdf-36x50.png 36w, https:\/\/www.sciencespo.fr\/research\/cogito\/wp-content\/uploads\/2021\/11\/Screenshot-2021-11-14-at-16-11-16-ANSES-Ft-Nutrivigilance-pdf-53x75.png 53w, https:\/\/www.sciencespo.fr\/research\/cogito\/wp-content\/uploads\/2021\/11\/Screenshot-2021-11-14-at-16-11-16-ANSES-Ft-Nutrivigilance-pdf.png 382w\" sizes=\"(max-width: 214px) 100vw, 214px\" \/><\/a><p id=\"caption-attachment-12393\" class=\"wp-caption-text\">Plaquette de pr\u00e9sentation du dispositif de nutrivigilance, ANSES<\/p><\/div>\n<p>Au vu de leur diversit\u00e9, il est difficile de r\u00e9duire les activit\u00e9s politiques des entreprises au registre individuel des conflits d\u2019int\u00e9r\u00eats. Si des liens d\u2019int\u00e9r\u00eats personnels doivent \u00eatre circonscrits, ils ne peuvent \u00eatre consid\u00e9r\u00e9s dans l\u2019ignorance de dynamiques sectorielles plus larges. La mise en \u00e9vidence du caract\u00e8re syst\u00e9mique des activit\u00e9s politiques, et des champs organisationnels qu\u2019elles constituent, conduit \u00e0 interroger la r\u00e9gulation des relations entre espaces publics et priv\u00e9s en des termes plus complets. Deux voies peuvent \u00eatre explor\u00e9es. D\u2019un c\u00f4t\u00e9, les agences responsables de la r\u00e9gulation des questions nutritionnelles pourraient s\u2019\u00e9quiper de comp\u00e9tences leur permettant de documenter les activit\u00e9s politiques des entreprises dont elles r\u00e9gulent les produits, plut\u00f4t que de se limiter \u00e0 une gestion individuelle de liens d\u2019int\u00e9r\u00eat. Cette connaissance permettrait de mieux appr\u00e9hender les sujets abord\u00e9s et pourrait orienter les activit\u00e9s politiques des entreprises vers des formes plus respectueuses de l\u2019autonomie des acteurs appel\u00e9s en renfort, qu\u2019il s\u2019agisse de scientifiques, d\u2019\u00e9lus ou d\u2019associations. D\u2019un autre c\u00f4t\u00e9, le l\u00e9gislateur pourrait veiller \u00e0 ce que les moyens investis par les entreprises dans ces activit\u00e9s politiques soient d\u00e9clar\u00e9s, \u00e0 l\u2019image de ce qui existe pour le secteur pharmaceutique dans la base publique <a href=\"https:\/\/www.data.gouv.fr\/fr\/datasets\/transparence-sante-1\/\"><i>Transparence sant\u00e9<\/i><\/a>. Par une sorte de mise en ab\u00eeme, le cheminement de ces propositions pourrait \u00eatre un indicateur de l\u2019efficacit\u00e9 des efforts visant \u00e0 limiter les effets probl\u00e9matiques des pratiques politiques des entreprises, ou \u00e0 l\u2019inverse de leur capacit\u00e9 \u00e0 s\u2019y soustraire.<\/p>\n<p>&nbsp;<\/p>\n<div class=\"alert alert_warning\"><div class=\"alert_icon\"><i class=\"icon-lamp\"><\/i><\/div><div class=\"alert_wrapper\"><strong>D\u00e9couvrir la Chaire Sant\u00e9 de Sciences Po<\/strong><\/p>\n<p>Cr\u00e9\u00e9e en 2006, dirig\u00e9e aujourd&rsquo;hui par Daniel Benamouzig, sociologue et directeur de recherche au CNRS au Centre de sociologie des organisations, <span style=\"color: #ffffff;\"><strong><a style=\"color: #ffffff;\" href=\"https:\/\/www.sciencespo.fr\/chaire-sante\/index.html\">la Chaire Sant\u00e9 de Sciences Po <\/a><\/strong><\/span>\u00a0fait se rencontrer le monde des professions et des politiques de sant\u00e9 avec celui des sciences sociales. Dans le paysage des politiques de sant\u00e9, elle occupe une place singuli\u00e8re, en offrant un espace privil\u00e9gi\u00e9 d\u2019\u00e9changes, de r\u00e9flexions, de production et diffusion de connaissances con\u00e7ues en lien avec des enjeux d\u00e9cisionnels et pragmatiques.<\/p>\n<p><b>Des \u00e9changes<\/b><\/p>\n<p>Un premier p\u00f4le d\u2019activit\u00e9s s\u2019organise autour de conf\u00e9rences, s\u00e9minaires et colloques sur des th\u00e9matiques d\u2019int\u00e9r\u00eat g\u00e9n\u00e9ral, tels que\u00a0 les liens entre sant\u00e9 et environnement ou entre science et d\u00e9cision,\u00a0 l\u2019acc\u00e8s aux m\u00e9dicaments ou l\u2019usage de l\u2019intelligence artificielle en sant\u00e9.\u00a0 Il s&rsquo;agit, pour la Chaire Sant\u00e9 de Sciences Po, de participer aux d\u00e9bats sur les politiques de sant\u00e9 en mobilisant des travaux et comp\u00e9tences acad\u00e9miques.<\/p>\n<p><b>Des recherches <\/b><br \/>\nUn second p\u00f4le d\u2019activit\u00e9s s\u2019organise autour de recherches originales, portant sur des enjeux de sant\u00e9 publique, relatifs \u00e0 l\u2019environnement ou \u00e0 la nutrition , ainsi que sur les nouvelles formes d\u2019organisation des soins.<br \/>\nLa Chaire a notamment \u00e9t\u00e9 choisie pour \u00e9valuer le Projet r\u00e9gional de sant\u00e9 d\u2019\u00cele-de-France.<\/p>\n<p><b>Des formations<\/b><\/p>\n<p>Enfin, la Chaire\u00a0 est associ\u00e9e \u00e0 de nombreux enseignements sur la sant\u00e9 \u00e0 Sciences Po, en formation initiale comme en formation continue.<\/p>\n<p><b>Des partenariats<\/b><\/p>\n<p>Le fonctionnement de la Chaire associe un large ensemble de partenaires institutionnels acad\u00e9miques \u2013 au sein de Sciences Po, de l\u2019Universit\u00e9 de Paris ou d\u2019autres \u00e9tablissements, comme l\u2019\u00c9cole des Hautes \u00c9tudes en Sant\u00e9 Publique ou l\u2019Universit\u00e9 de Chicago \u2013 mais aussi des institutions de sant\u00e9, telles que le <i>minist\u00e8re<\/i> des Solidarit\u00e9s et de la <i>Sant\u00e9<\/i>, la Caisse nationale d\u2019assurance maladie, Sant\u00e9 Publique France ou l\u2019Agence r\u00e9gionale de sant\u00e9 d\u2019\u00cele-de-France.<br \/>\nLa Chaire travaille en outre avec des acteurs \u00e9conomiques impliqu\u00e9s dans la sant\u00e9, comme le groupe Docaposte, AG2R LA MONDIALE ou l\u2019Institut Odoxa, avec lequel elle r\u00e9alise des enqu\u00eates d\u2019opinion sur des enjeux de sant\u00e9.<\/p>\n<p><a href=\"https:\/\/www.sciencespo.fr\/chaire-sante\/index.html\" target=\"_blank\" rel=\"noopener noreferrer\"><strong>Visiter le site de la Chaire Sant\u00e9<\/strong><\/a> <\/div><a href=\"#\" class=\"close\"><i class=\"icon-cancel\"><\/i><\/a><\/div>\n\n<p>&nbsp;<\/p>\n<div class=\"idea_box\"><div class=\"icon\"><i class=\"icon-lamp\"><\/i><\/div><div class=\"desc\"> Bibliographie<\/p>\n<p>Benamouzig, D.\u00a0Cortinas, J. (2019) \u00ab<a href=\"https:\/\/www.cairn.info\/revue-francaise-des-affaires-sociales-2019-3-page-189.htm\" target=\"_blank\" rel=\"noopener noreferrer\">\u00a0Les strat\u00e9gies politiques des entreprises en sant\u00e9 publique\u00a0: le cas de l\u2019agroalimentaire en France\u00a0<\/a>\u00bb,\u00a0Revue fran\u00e7aise des affaires sociales.<\/p>\n<p>Cortinas, J.\u00a0Benamouzig, D. (2020) \u00ab<a href=\"http:\/\/journals.sagepub.com\/doi\/abs\/10.1177\/0759106320939890\" target=\"_blank\" rel=\"noopener noreferrer\">\u00a0Mesurer l\u2019influence\u00a0? Une m\u00e9thode de quantification des activit\u00e9s politiques des entreprises du secteur agroalimentaire en France<\/a>\u00a0\u00bb, Bulletin de m\u00e9thode sociologique.<\/div><\/div>\n\n<p>&nbsp;<\/p>\n<pre><a href=\"https:\/\/www.sciencespo.fr\/cso\/fr\/chercheur\/Daniel%20Benamouzig\/1047.html\" target=\"_blank\" rel=\"noopener noreferrer\">Daniel Benamouzig<\/a> est directeur de recherche CNRS au Centre de sociologie des organisations et directeur de la Chaire Sant\u00e9 de Sciences Po. Ses recherches portent sur la sant\u00e9, l\u2019\u00e9conomie et la gouvernance institutionnelle. Il est membre du Conseil scientifique\u00a0Covid19. Il a \u00e9tudi\u00e9 l\u2019histoire de l\u2019\u00e9conomie de la sant\u00e9 et les transformations institutionnelles de la r\u00e9gulation du secteur sanitaire. Il poursuit ses recherches en sociologie \u00e9conomique et sur les politiques de sant\u00e9 en portant int\u00e9r\u00eat aux transformations institutionnelles et aux savoirs \u00e9conomiques.\r\n\r\nTitulaire d\u2019une th\u00e8se de sociologie \u00e0 l\u2019EHESS, <a href=\"https:\/\/www.sciencespo.fr\/chaire-sante\/content\/joan-cortinas.html\" target=\"_blank\" rel=\"noopener noreferrer\">Joan Cortinas<\/a> est ma\u00eetre de conf\u00e9rences en sociologie \u00e0 l\u2019universit\u00e9 de Bordeaux et chercheur associ\u00e9 \u00e0 la Chaire Sant\u00e9 de Sciences Po. Depuis 2018, il travaille avec Daniel Benamouzig sur le r\u00f4le des acteurs \u00e9conomiques dans la fabrication des politiques en mati\u00e8re de nutrition et sant\u00e9. Ensemble, ils ont publi\u00e9 plusieurs articles sur le sujet. Ils travaillent actuellement sur le r\u00f4le de l\u2019industrie dans la fabrication des politiques de pr\u00e9vention en mati\u00e8re d\u2019alcool.<\/pre>\n<p>&nbsp;<\/p>\n<p>&nbsp;<\/p>\n<div class=\"speaker-mute footnotes_reference_container\"> <div class=\"footnote_container_prepare\"><p><span role=\"button\" tabindex=\"0\" class=\"footnote_reference_container_label pointer\" onclick=\"footnote_expand_collapse_reference_container_12290_1();\">Notes<\/span><span role=\"button\" tabindex=\"0\" class=\"footnote_reference_container_collapse_button\" style=\"display: none;\" onclick=\"footnote_expand_collapse_reference_container_12290_1();\">[<a id=\"footnote_reference_container_collapse_button_12290_1\">+<\/a>]<\/span><\/p><\/div> <div id=\"footnote_references_container_12290_1\" style=\"\"><table class=\"footnotes_table footnote-reference-container\"><caption class=\"accessibility\">Notes<\/caption> <tbody> \r\n\r\n<tr class=\"footnotes_plugin_reference_row\"> <th scope=\"row\" class=\"footnote_plugin_index_combi pointer\"  onclick=\"footnote_moveToAnchor_12290_1('footnote_plugin_tooltip_12290_1_1');\"><a id=\"footnote_plugin_reference_12290_1_1\" class=\"footnote_backlink\"><span class=\"footnote_index_arrow\">&#8593;<\/span>1<\/a><\/th> <td class=\"footnote_plugin_text\">\u00ab<a href=\"https:\/\/www.cerin.org\/wp-content\/uploads\/2016\/08\/infopresse-Laplace.pdf\" target=\"_blank\" rel=\"noopener noreferrer\"> Pourrait-on nous laisser manger tranquilles ?<\/a> \u00bb, Centre de Recherche et d\u2019Information Nutritionnelles, juin 2014 <\/td><\/tr>\r\n\r\n<tr class=\"footnotes_plugin_reference_row\"> <th scope=\"row\" class=\"footnote_plugin_index_combi pointer\"  onclick=\"footnote_moveToAnchor_12290_1('footnote_plugin_tooltip_12290_1_2');\"><a id=\"footnote_plugin_reference_12290_1_2\" class=\"footnote_backlink\"><span class=\"footnote_index_arrow\">&#8593;<\/span>2<\/a><\/th> <td class=\"footnote_plugin_text\"><a href=\"https:\/\/www.lanutrition.fr\/interviews\/pierre-meneton-un-chercheur-attaque-par-lindustrie-du-sel\" target=\"_blank\" rel=\"noopener noreferrer\">Pierre Meneton : un chercheur attaqu\u00e9 par l&rsquo;industrie du sel<\/a> | LaNutrition.fr, juillet 2017<\/td><\/tr>\r\n\r\n <\/tbody> <\/table> <\/div><\/div><script type=\"text\/javascript\"> function footnote_expand_reference_container_12290_1() { jQuery('#footnote_references_container_12290_1').show(); jQuery('#footnote_reference_container_collapse_button_12290_1').text('\u2212'); } function footnote_collapse_reference_container_12290_1() { jQuery('#footnote_references_container_12290_1').hide(); jQuery('#footnote_reference_container_collapse_button_12290_1').text('+'); } function footnote_expand_collapse_reference_container_12290_1() { if (jQuery('#footnote_references_container_12290_1').is(':hidden')) { footnote_expand_reference_container_12290_1(); } else { footnote_collapse_reference_container_12290_1(); } } function footnote_moveToReference_12290_1(p_str_TargetID) { footnote_expand_reference_container_12290_1(); var l_obj_Target = jQuery('#' + p_str_TargetID); if (l_obj_Target.length) { jQuery( 'html, body' ).delay( 0 ); jQuery('html, body').animate({ scrollTop: l_obj_Target.offset().top - window.innerHeight * 0.2 }, 380); } } function footnote_moveToAnchor_12290_1(p_str_TargetID) { footnote_expand_reference_container_12290_1(); var l_obj_Target = jQuery('#' + p_str_TargetID); if (l_obj_Target.length) { jQuery( 'html, body' ).delay( 0 ); jQuery('html, body').animate({ scrollTop: l_obj_Target.offset().top - window.innerHeight * 0.2 }, 380); } }<\/script>","protected":false},"excerpt":{"rendered":"<p>par Daniel Benamouzig, Centre de sociologie des organisations et Joan Cortinas, Chaire Sant\u00e9 Le 30\u00a0mai 2018, Lib\u00e9ration titrait en couverture \u00ab\u00a0Comment les lobbies cuisinent nos<span class=\"excerpt-hellip\"> [\u2026]<\/span><\/p>\n","protected":false},"author":3,"featured_media":12390,"comment_status":"closed","ping_status":"open","sticky":false,"template":"","format":"standard","meta":{"footnotes":""},"categories":[322,290],"tags":[75],"_links":{"self":[{"href":"https:\/\/www.sciencespo.fr\/research\/cogito\/home\/wp-json\/wp\/v2\/posts\/12290"}],"collection":[{"href":"https:\/\/www.sciencespo.fr\/research\/cogito\/home\/wp-json\/wp\/v2\/posts"}],"about":[{"href":"https:\/\/www.sciencespo.fr\/research\/cogito\/home\/wp-json\/wp\/v2\/types\/post"}],"author":[{"embeddable":true,"href":"https:\/\/www.sciencespo.fr\/research\/cogito\/home\/wp-json\/wp\/v2\/users\/3"}],"replies":[{"embeddable":true,"href":"https:\/\/www.sciencespo.fr\/research\/cogito\/home\/wp-json\/wp\/v2\/comments?post=12290"}],"version-history":[{"count":29,"href":"https:\/\/www.sciencespo.fr\/research\/cogito\/home\/wp-json\/wp\/v2\/posts\/12290\/revisions"}],"predecessor-version":[{"id":12552,"href":"https:\/\/www.sciencespo.fr\/research\/cogito\/home\/wp-json\/wp\/v2\/posts\/12290\/revisions\/12552"}],"wp:featuredmedia":[{"embeddable":true,"href":"https:\/\/www.sciencespo.fr\/research\/cogito\/home\/wp-json\/wp\/v2\/media\/12390"}],"wp:attachment":[{"href":"https:\/\/www.sciencespo.fr\/research\/cogito\/home\/wp-json\/wp\/v2\/media?parent=12290"}],"wp:term":[{"taxonomy":"category","embeddable":true,"href":"https:\/\/www.sciencespo.fr\/research\/cogito\/home\/wp-json\/wp\/v2\/categories?post=12290"},{"taxonomy":"post_tag","embeddable":true,"href":"https:\/\/www.sciencespo.fr\/research\/cogito\/home\/wp-json\/wp\/v2\/tags?post=12290"}],"curies":[{"name":"wp","href":"https:\/\/api.w.org\/{rel}","templated":true}]}}