{"id":12276,"date":"2021-11-16T16:40:01","date_gmt":"2021-11-16T14:40:01","guid":{"rendered":"https:\/\/www.sciencespo.fr\/research\/cogito\/home\/?p=12276"},"modified":"2021-12-03T15:47:31","modified_gmt":"2021-12-03T13:47:31","slug":"sante-et-politique","status":"publish","type":"post","link":"https:\/\/www.sciencespo.fr\/research\/cogito\/home\/sante-et-politique\/","title":{"rendered":"Sant\u00e9 et politique"},"content":{"rendered":"<p>par Patrick Castel, Centre de sociologie des organisations<\/p>\n<p>Depuis longtemps, les sciences humaines et sociales ont mis en \u00e9vidence ce trait essentiel : la sant\u00e9 ne peut \u00eatre r\u00e9duite \u00e0 des enjeux de connaissances biologiques et de d\u00e9couvertes de traitements m\u00e9dicaux. La pand\u00e9mie de Covid-19 a rappel\u00e9 le caract\u00e8re \u00e9minemment politique des questions de sant\u00e9. Cette dimension se lit d\u2019abord dans les d\u00e9bats ou les combats pour d\u00e9finir les p\u00e9rim\u00e8tres et les moyens d\u2019intervention l\u00e9gitimes dans ce domaine de la part des pouvoirs publics, en premier lieu\u00a0 de l\u2019\u00c9tat, mais aussi de groupes professionnels.<\/p>\n<div id=\"attachment_12462\" style=\"width: 360px\" class=\"wp-caption alignright\"><img aria-describedby=\"caption-attachment-12462\" decoding=\"async\" loading=\"lazy\" class=\"wp-image-12462\" src=\"https:\/\/www.sciencespo.fr\/research\/cogito\/wp-content\/uploads\/2011\/11\/c49d9adf9c8e4c7d6f958bdad0ca46cb524ecdce-300x169.jpg\" alt=\"\" width=\"350\" height=\"197\" srcset=\"https:\/\/www.sciencespo.fr\/research\/cogito\/wp-content\/uploads\/2011\/11\/c49d9adf9c8e4c7d6f958bdad0ca46cb524ecdce-300x169.jpg 300w, https:\/\/www.sciencespo.fr\/research\/cogito\/wp-content\/uploads\/2011\/11\/c49d9adf9c8e4c7d6f958bdad0ca46cb524ecdce-260x146.jpg 260w, https:\/\/www.sciencespo.fr\/research\/cogito\/wp-content\/uploads\/2011\/11\/c49d9adf9c8e4c7d6f958bdad0ca46cb524ecdce-50x28.jpg 50w, https:\/\/www.sciencespo.fr\/research\/cogito\/wp-content\/uploads\/2011\/11\/c49d9adf9c8e4c7d6f958bdad0ca46cb524ecdce-133x75.jpg 133w, https:\/\/www.sciencespo.fr\/research\/cogito\/wp-content\/uploads\/2011\/11\/c49d9adf9c8e4c7d6f958bdad0ca46cb524ecdce.jpg 720w\" sizes=\"(max-width: 350px) 100vw, 350px\" \/><p id=\"caption-attachment-12462\" class=\"wp-caption-text\">Olivier V\u00e9ran et Jean Castex, S\u00e9gur de la sant\u00e9, juillet 2020<\/p><\/div>\n<p>Les choix relatifs \u00e0 la (re)distribution des ressources collectives, l\u2019organisation des syst\u00e8mes de sant\u00e9 et les crit\u00e8res d\u2019\u00e9valuation de leur performance sont l\u2019objet de n\u00e9gociations r\u00e9guli\u00e8res. Le terme politique renvoie aussi \u00e0 l\u2019id\u00e9e que les liens entre science et action publique, entre expertise et d\u00e9cision politique ne sont ni automatiques \u2013 il ne suffit pas de \u201c<a href=\"https:\/\/onlinelibrary.wiley.com\/doi\/10.1111\/jep.13491\" target=\"_blank\" rel=\"noopener noreferrer\">suivre la science<\/a>\u201d \u2013 ni univoques mais varient selon les contextes institutionnels et au cours du temps. Par ailleurs, de nombreux travaux universitaires d\u00e9fendent la th\u00e8se selon laquelle les jugements des professionnels de sant\u00e9 sont impr\u00e9gn\u00e9s de consid\u00e9rations morales et ne se r\u00e9duisent pas \u00e0 l\u2019application stricte et objective de savoirs scientifiques<span class=\"footnote_referrer\"><a role=\"button\" tabindex=\"0\" onclick=\"footnote_moveToReference_12276_1('footnote_plugin_reference_12276_1_1');\" onkeypress=\"footnote_moveToReference_12276_1('footnote_plugin_reference_12276_1_1');\" ><sup id=\"footnote_plugin_tooltip_12276_1_1\" class=\"footnote_plugin_tooltip_text\">(1)<\/sup><\/a><span id=\"footnote_plugin_tooltip_text_12276_1_1\" class=\"footnote_tooltip\">Voir entre autres Freidson Eliot, 1984, <i>La profession m\u00e9dicale<\/i>, Payot\u00a0; Dodier Nicolas, 1993, <a href=\"https:\/\/www.cairn.info\/l-expertise-medicale--9782864241404.htm\"><i>L\u2019expertise m\u00e9dicale. Essai sur l\u2019exercice du jugement m\u00e9dical<\/i><\/a>, M\u00e9taili\u00e9\u00a0; Saguy Abigail, 2013, <a href=\"https:\/\/oxford.universitypressscholarship.com\/view\/10.1093\/acprof:oso\/9780199857081.001.0001\/acprof-9780199857081\"><i>What\u2019s Wrong with Fat?<\/i><\/a>, Oxford University Press<\/span><\/span><script type=\"text\/javascript\"> jQuery('#footnote_plugin_tooltip_12276_1_1').tooltip({ tip: '#footnote_plugin_tooltip_text_12276_1_1', tipClass: 'footnote_tooltip', effect: 'fade', predelay: 0, fadeInSpeed: 200, delay: 400, fadeOutSpeed: 200, position: 'top right', relative: true, offset: [10, 10], });<\/script>. Finalement, autour des enjeux de sant\u00e9 s\u2019arbitrent et se red\u00e9finissent de nombreux \u00e9quilibres entre l\u2019individu et le(s) collectif(s), entre libert\u00e9s et contraintes, entre droits et devoirs. Ainsi, le territoire des politiques de sant\u00e9 est vaste et ses fronti\u00e8res se ren\u00e9gocient continuellement. L\u00e0 aussi, la pand\u00e9mie illustre ce ph\u00e9nom\u00e8ne : la focalisation du gouvernement sur la ma\u00eetrise de la circulation du coronavirus \u00e0 partir du printemps 2020 a \u00e9t\u00e9 contest\u00e9e au motif que se concentrer sur la lutte contre le virus aurait des cons\u00e9quences sur d\u2019autres dimensions sanitaires et pathologies. Il s&rsquo;agissait \u00e9galement d&rsquo;alerter sur le fait que la pand\u00e9mie et les moyens d\u00e9ploy\u00e9s pour la contenir avaient des cons\u00e9quences significatives dans bien d\u2019autres secteurs de l\u2019action publique : <a href=\"https:\/\/fr.unesco.org\/news\/apres-covid-donner-priorite-reprise-leducation-eviter-catastrophe-generationnelle\" target=\"_blank\" rel=\"noopener noreferrer\">\u00e9ducation<\/a>, <a href=\"https:\/\/www.cae-eco.fr\/les-francais-au-temps-du-covid-19-economie-et-societe-face-au-risque-sanitaire\" target=\"_blank\" rel=\"noopener noreferrer\">\u00e9conomie<\/a>, <a href=\"https:\/\/www.cnle.gouv.fr\/la-pauvrete-demultipliee-1571.html\" target=\"_blank\" rel=\"noopener noreferrer\">lutte contre la pauvret\u00e9<\/a>\u2026 Plus g\u00e9n\u00e9ralement, pour comprendre les processus de mise \u00e0 l\u2019agenda de questions de sant\u00e9 (ou pourquoi certaines peinent \u00e0 devenir des \u00ab\u00a0probl\u00e8mes publics\u00a0\u00bb) et quels moyens sont privil\u00e9gi\u00e9s pour les traiter, il importe d&rsquo;\u00e9tudier\u00a0 comment les enjeux sanitaires s\u2019articulent avec d\u2019autres probl\u00e9matiques d\u2019ordre s\u00e9curitaire, \u00e9conomique, social, environnemental etc.<\/p>\n<p>Ce num\u00e9ro donne un aper\u00e7u de cette vari\u00e9t\u00e9 des enjeux de sant\u00e9 et de la complexit\u00e9 des processus qui entendent y r\u00e9pondre. Si les professionnel.les de sant\u00e9, et en premier lieu les m\u00e9decins, continuent d\u2019y occuper une place centrale, ils sont tr\u00e8s loin d&rsquo;\u00eatre les seul.es. On verra notamment dans diff\u00e9rentes contributions que les agents \u00e9conomiques et les populations concern\u00e9es par les interventions sont des cl\u00e9s essentielles pour comprendre les politiques de sant\u00e9 et, ce faisant, am\u00e9liorer leurs r\u00e9sultats.<\/p>\n<h2><span style=\"color: #333333;\">Des maladies et des professionnels de sant\u00e9<\/span><\/h2>\n<p>La partie la plus visible des politiques de sant\u00e9 est consacr\u00e9e \u00e0 la lutte contre les maladies, c\u2019est aussi celle qui re\u00e7oit la plus forte proportion des budgets des syst\u00e8mes de sant\u00e9 (offre de soins, remboursements des m\u00e9dicaments etc.). Trois textes s\u2019y rapportent.<\/p>\n<p>En France, les soins de premier recours se d\u00e9roulent majoritairement en ville dans des cabinets lib\u00e9raux. De nombreuses r\u00e9formes ont \u00e9t\u00e9 lanc\u00e9es ces derni\u00e8res d\u00e9cennies pour structurer ce secteur. Dans son article &#8211; M\u00e9decine de ville\u00a0: une libert\u00e9 de plus en plus encadr\u00e9e\u00a0? &#8211; Anne Moyal \u00e9tudie la gen\u00e8se et la mise en \u0153uvre de l\u2019une d\u2019entre elles, embl\u00e9matique: la cr\u00e9ation des Maisons de sant\u00e9 pluriprofessionnelles. Elle s\u2019interroge sur le r\u00f4le que les m\u00e9decins y jouent et leur capacit\u00e9 \u00e0 pr\u00e9server leur autonomie professionnelle.<\/p>\n<a class=\"button  has-icon button_left button_size_2\" href=\"https:\/\/www.sciencespo.fr\/research\/cogito\/home\/medecine-de-ville-une-liberte-de-plus-en-plus-encadree\/\" target=\"_blank\"   ><span class=\"button_icon\"><i class=\"icon-right-circled\" ><\/i><\/span><span class=\"button_label\">Lire l'article : M\u00e9decine de ville : une libert\u00e9 de plus en plus encadr\u00e9e ?<\/span><\/a>\n\n<p>Mesurer la qualit\u00e9 des soins, en vue de l\u2019am\u00e9liorer, est un objectif partag\u00e9 par de nombreux pays et institutions internationales. Dans une perspective comparative europ\u00e9enne et en prenant l\u2019h\u00f4pital comme cas d\u2019\u00e9tude, Anne-Laure Beaussier montre\u00a0 dans sa contribution que derri\u00e8re un m\u00eame imp\u00e9ratif de qualit\u00e9 se d\u00e9cline une grande vari\u00e9t\u00e9\u00a0 de le concevoir et de le mesurer selon les pays.<\/p>\n<a class=\"button  has-icon button_left button_size_2\" href=\"https:\/\/www.sciencespo.fr\/research\/cogito\/home\/mesurer-la-qualite-des-soins-un-etat-des-lieux-europeen-2\/\" target=\"_blank\"   ><span class=\"button_icon\"><i class=\"icon-right-circled\" ><\/i><\/span><span class=\"button_label\">Lire l'article : Mesurer la qualit\u00e9 des soins, un \u00e9tat des lieux europ\u00e9en <\/span><\/a>\n\n<p>Pour leur part, Catherine Cavalin et Paul-Andr\u00e9 Rosental remettent en question la pertinence de la \u00ab\u00a0fronti\u00e8re\u00a0\u00bb \u00e9tablie entre maladies chroniques et maladies infectieuses, laquelle\u00a0 structure de fa\u00e7on significative la conception et le financement des politiques de sant\u00e9. Mais partant du constat que la reconstitution des parcours de vie est un facteur d\u00e9terminant\u00a0 des dynamiques pathologiques, y compris infectieuses , les deux auteur.es d\u00e9fendent l\u2019argument selon lequel les sciences sociales et humaines peuvent jouer un r\u00f4le essentiel dans les recherches aux c\u00f4t\u00e9s des m\u00e9decins et \u00e9pid\u00e9miologistes.<\/p>\n<a class=\"button  has-icon button_left button_size_2\" href=\"https:\/\/www.sciencespo.fr\/research\/cogito\/home\/les-maladies-infectieuses-ne-sont-elles-quinfectieuses\/\" target=\"_blank\"   ><span class=\"button_icon\"><i class=\"icon-right-circled\" ><\/i><\/span><span class=\"button_label\">Lire l'article : Les maladies infectieuses ne sont-elles qu\u2019infectieuses ?<\/span><\/a>\n\n<h2>Mieux comprendre les publics des politiques de sant\u00e9<\/h2>\n<p>Trois autres textes \u00e9tudient les publics ou cibles des politiques publiques de sant\u00e9 dans des domaines divers. Tous trois nous mettent en garde contre les analyses sommaires qui feraient de ces publics des individus passifs et\/ou peu rationnels.<\/p>\n<p>Dans leur contribution Agn\u00e8s van Zanten et ses coll\u00e8gues livrent les premiers r\u00e9sultats d\u2019une recherche sur la \u201cperspective\u201d qu\u2019adoptent les \u00e9tudiant.es sur la r\u00e9forme des \u00e9tudes m\u00e9dicales mise en place en\u00a0 2019. Parmi leurs constats, elles et ils soulignent l\u2019importance accord\u00e9e par les \u00e9tudiant.es au respect du contrat m\u00e9ritocratique.<\/p>\n<a class=\"button  has-icon button_left button_size_2\" href=\"https:\/\/www.sciencespo.fr\/research\/cogito\/home\/la-reforme-de-la-selection-en-etudes-de-sante-les-perspectives-des-etudiant%c2%b7e%c2%b7s\/\/\" target=\"_blank\"   ><span class=\"button_icon\"><i class=\"icon-right-circled\" ><\/i><\/span><span class=\"button_label\">Lire l'article : La r\u00e9forme de la s\u00e9lection en \u00e9tudes de sant\u00e9 : les perspectives des \u00e9tudiant\u00b7e\u00b7s<\/span><\/a>\n\n<div id=\"attachment_12407\" style=\"width: 310px\" class=\"wp-caption alignright\"><img aria-describedby=\"caption-attachment-12407\" decoding=\"async\" loading=\"lazy\" class=\"size-medium wp-image-12407\" src=\"https:\/\/www.sciencespo.fr\/research\/cogito\/wp-content\/uploads\/2021\/11\/shutterstock_663646114.jpg-CROP-300x153.jpg\" alt=\"\" width=\"300\" height=\"153\" srcset=\"https:\/\/www.sciencespo.fr\/research\/cogito\/wp-content\/uploads\/2021\/11\/shutterstock_663646114.jpg-CROP-300x153.jpg 300w, https:\/\/www.sciencespo.fr\/research\/cogito\/wp-content\/uploads\/2021\/11\/shutterstock_663646114.jpg-CROP-768x393.jpg 768w, https:\/\/www.sciencespo.fr\/research\/cogito\/wp-content\/uploads\/2021\/11\/shutterstock_663646114.jpg-CROP-260x133.jpg 260w, https:\/\/www.sciencespo.fr\/research\/cogito\/wp-content\/uploads\/2021\/11\/shutterstock_663646114.jpg-CROP-50x26.jpg 50w, https:\/\/www.sciencespo.fr\/research\/cogito\/wp-content\/uploads\/2021\/11\/shutterstock_663646114.jpg-CROP-147x75.jpg 147w, https:\/\/www.sciencespo.fr\/research\/cogito\/wp-content\/uploads\/2021\/11\/shutterstock_663646114.jpg-CROP.jpg 800w\" sizes=\"(max-width: 300px) 100vw, 300px\" \/><p id=\"caption-attachment-12407\" class=\"wp-caption-text\">\u00a9 Shutterstock<\/p><\/div>\n<p>Bien que r\u00e9pandu, le dopage au travail s&rsquo;affirme \u00eatre un tabou. En observant les usages des produits psychoactifs dans les milieux professionnels, Renaud Crespin identifie diff\u00e9rentes fonctions que remplissent les consommations de ces substances. Dans son article, il d\u00e9montre que des \u00e9tudes pr\u00e9cises permettent d\u2019envisager des politiques pr\u00e9ventives sur ce sujet d\u00e9licat.<\/p>\n<a class=\"button  has-icon button_left button_size_2\" href=\"https:\/\/www.sciencespo.fr\/research\/cogito\/home\/se-doper-pour-travailler\/\" target=\"_blank\"   ><span class=\"button_icon\"><i class=\"icon-right-circled\" ><\/i><\/span><span class=\"button_label\">Lire l'article : Se doper pour travailler<\/span><\/a>\n\n<p>La lutte contre les \u00e9pid\u00e9mies est un composant historique des politiques de sant\u00e9 publique. Jules Villa \u00e9tudie les th\u00e8ses conspirationnistes li\u00e9es aux \u00e9pid\u00e9mies. En prenant pour cas d\u2019\u00e9tude la dixi\u00e8me \u00e9pid\u00e9mie d\u2019Ebola en R\u00e9publique d\u00e9mocratique du Congo, il invite \u00e0 voir ce que ces th\u00e8ses peuvent nous apprendre du v\u00e9cu et des rapports de pouvoirs, plut\u00f4t que de les discr\u00e9diter d&rsquo;un revers de main.<\/p>\n<a class=\"button  has-icon button_left button_size_2\" href=\"https:\/\/www.sciencespo.fr\/research\/cogito\/home\/theses-conspirationnistes-et-epidemies-ce-quebola-peut-nous-apprendre\/\" target=\"_blank\"   ><span class=\"button_icon\"><i class=\"icon-right-circled\" ><\/i><\/span><span class=\"button_label\">Lire l'article : Th\u00e8ses conspirationnistes et \u00e9pid\u00e9mies : ce qu\u2019Ebola peut nous apprendre ?<\/span><\/a>\n\n<h2>R\u00e9gulateurs et r\u00e9gul\u00e9s<\/h2>\n<p>En \u00e9tudiant l\u2019invention de la m\u00e9decine du microbiote et l\u2019\u00e9mergence des produits de sant\u00e9 qui y sont attach\u00e9s, Etienne Nouguez fait appara\u00eetre\u00a0 dans son article \u00e0 quel point la r\u00e9gulation des innovations en sant\u00e9 est un enjeu essentiel. Comment les d\u00e9finir? S\u2019agit-il d\u2019aliments? De m\u00e9dicaments? Il y montre que les processus en cours, complexes et conflictuels, pour les qualifier et les valoriser d\u00e9coulent d&rsquo;interactions entre scientifiques, agences de r\u00e9gulation et industriels.<\/p>\n<a class=\"button  has-icon button_left button_size_2\" href=\"https:\/\/www.sciencespo.fr\/research\/cogito\/home\/entre-medicament-et-aliment-inventer-la-medecine-du-microbiote\/\" target=\"_blank\"   ><span class=\"button_icon\"><i class=\"icon-right-circled\" ><\/i><\/span><span class=\"button_label\">Lire l'article : Entre m\u00e9dicament et aliment : inventer la m\u00e9decine du microbiote<\/span><\/a>\n\n<p>De son c\u00f4t\u00e9, Guillaume Levrier questionne la gouvernance des innovations li\u00e9es au\u00a0 g\u00e9nome humain. Face aux questions vertigineuses qu\u2019elles posent sur la d\u00e9finition du vivant, \u00c9tats ou institutions internationales, en reculant devant l&rsquo;\u00e9tablissement d&rsquo;un cadre juridique pr\u00e9cis, semblent avoir renonc\u00e9 \u00e0 exercer leur (bio)pouvoir du \u201cfaire vivre\u201d. Au risque de laisser \u00e0 des individus ou collectifs (juges, scientifiques, industriels) le soin de statuer sur les limites des exp\u00e9rimentations.<\/p>\n<a class=\"button  has-icon button_left button_size_2\" href=\"https:\/\/www.sciencespo.fr\/research\/cogito\/home\/gouverner-le-genome-pour-le-meilleur-des-mondes\/\" target=\"_blank\"   ><span class=\"button_icon\"><i class=\"icon-right-circled\" ><\/i><\/span><span class=\"button_label\">Lire l'article : Gouverner le g\u00e9nome pour le meilleur des mondes ?<\/span><\/a>\n\n<p>Enfin, Daniel Benamouzig et Joan Cortinas proposent une cartographie des activit\u00e9s politiques des entreprises agroalimentaires. Ces derni\u00e8res, qu&rsquo;ils cat\u00e9gorisent comme\u00a0 \u00a0 cognitives, relationnelles ou symboliques,\u00a0 produisent &#8211; \u00e0 divers degr\u00e9s\u00a0 &#8211; des effets sur les politiques de sant\u00e9 en mati\u00e8re de nutrition et d\u2019alimentation. Elles soul\u00e8vent d\u00e8s lors des enjeux de r\u00e9gulation complexe, qui r\u00e9clament des solutions autres que la seule gestion de conflits d\u2019int\u00e9r\u00eats individuels.<\/p>\n<a class=\"button  has-icon button_left button_size_2\" href=\"https:\/\/www.sciencespo.fr\/research\/cogito\/home\/lindustrie-agroalimentaire-et-ses-activites-politiques\/\" target=\"_blank\"   ><span class=\"button_icon\"><i class=\"icon-right-circled\" ><\/i><\/span><span class=\"button_label\">L\u2019industrie agroalimentaire et ses activit\u00e9s politiques\n<\/span><\/a>\n\n<p>Ce num\u00e9ro de Cogito ne refl\u00e8te qu\u2019une infime partie des nombreuses recherches men\u00e9es \u00e0 Sciences Po sur les questions de sant\u00e9 et qui rel\u00e8vent de diff\u00e9rentes disciplines de sciences humaines et sociales. Face aux enjeux immenses en termes d\u2019organisation et de financement de l\u2019offre de soins, de pr\u00e9vention et de r\u00e9duction des in\u00e9galit\u00e9s de sant\u00e9, de relations entre sant\u00e9 et environnement, de droits des citoyens et de d\u00e9mocratie, que la pand\u00e9mie et les modalit\u00e9s de sa gestion ont illustr\u00e9 de mani\u00e8re \u00e9clatante, nul doute que les travaux de recherche sont appel\u00e9s \u00e0 se d\u00e9velopper autour de cette vaste th\u00e9matique au sein de notre communaut\u00e9.\u00a0 <a href=\"https:\/\/www.sciencespo.fr\/research\/cogito\/home\/annuaire-des-chercheurs-et-chercheuses-travaillant-sur-la-sante\/\" target=\"_blank\" rel=\"noopener noreferrer\">Voir l&rsquo;annuaire de nos chercheuses et chercheurs travaillant sur la sant\u00e9<\/a><\/p>\n<pre><a href=\"https:\/\/www.sciencespo.fr\/cso\/fr\/chercheur\/Patrick%20Castel\/904.html\" target=\"_blank\" rel=\"noopener noreferrer\" data-saferedirecturl=\"https:\/\/www.google.com\/url?q=https:\/\/www.sciencespo.fr\/cso\/fr\/chercheur\/Patrick%2520Castel\/904.html&amp;source=gmail&amp;ust=1637215003774000&amp;usg=AOvVaw3cgnayAURT-NSIupJSAPO8\">Patrick Castel<\/a> est directeur de recherche de la Fondation Nationale des Sciences Politiques au Centre de sociologie des organisations. Il consacre ses travaux aux m\u00e9canismes de d\u00e9cision et de coop\u00e9ration dans les organisations et dans l'action publique, en prenant la sant\u00e9 comme terrain d'\u00e9tude privil\u00e9gi\u00e9.\u00a0Il a notamment travaill\u00e9 sur l'ob\u00e9sit\u00e9 et sur le cancer. Il s'int\u00e9resse actuellement \u00e0 la gestion de la crise Covid d'une part et \u00e0 la prescription en EHPAD d'autre part.<\/pre>\n<div class=\"speaker-mute footnotes_reference_container\"> <div class=\"footnote_container_prepare\"><p><span role=\"button\" tabindex=\"0\" class=\"footnote_reference_container_label pointer\" onclick=\"footnote_expand_collapse_reference_container_12276_1();\">Notes<\/span><span role=\"button\" tabindex=\"0\" class=\"footnote_reference_container_collapse_button\" style=\"display: none;\" onclick=\"footnote_expand_collapse_reference_container_12276_1();\">[<a id=\"footnote_reference_container_collapse_button_12276_1\">+<\/a>]<\/span><\/p><\/div> <div id=\"footnote_references_container_12276_1\" style=\"\"><table class=\"footnotes_table footnote-reference-container\"><caption class=\"accessibility\">Notes<\/caption> <tbody> \r\n\r\n<tr class=\"footnotes_plugin_reference_row\"> <th scope=\"row\" class=\"footnote_plugin_index_combi pointer\"  onclick=\"footnote_moveToAnchor_12276_1('footnote_plugin_tooltip_12276_1_1');\"><a id=\"footnote_plugin_reference_12276_1_1\" class=\"footnote_backlink\"><span class=\"footnote_index_arrow\">&#8593;<\/span>1<\/a><\/th> <td class=\"footnote_plugin_text\">Voir entre autres Freidson Eliot, 1984, <i>La profession m\u00e9dicale<\/i>, Payot\u00a0; Dodier Nicolas, 1993, <a href=\"https:\/\/www.cairn.info\/l-expertise-medicale--9782864241404.htm\"><i>L\u2019expertise m\u00e9dicale. Essai sur l\u2019exercice du jugement m\u00e9dical<\/i><\/a>, M\u00e9taili\u00e9\u00a0; Saguy Abigail, 2013, <a href=\"https:\/\/oxford.universitypressscholarship.com\/view\/10.1093\/acprof:oso\/9780199857081.001.0001\/acprof-9780199857081\"><i>What\u2019s Wrong with Fat?<\/i><\/a>, Oxford University Press<\/td><\/tr>\r\n\r\n <\/tbody> <\/table> <\/div><\/div><script type=\"text\/javascript\"> function footnote_expand_reference_container_12276_1() { jQuery('#footnote_references_container_12276_1').show(); jQuery('#footnote_reference_container_collapse_button_12276_1').text('\u2212'); } function footnote_collapse_reference_container_12276_1() { jQuery('#footnote_references_container_12276_1').hide(); jQuery('#footnote_reference_container_collapse_button_12276_1').text('+'); } function footnote_expand_collapse_reference_container_12276_1() { if (jQuery('#footnote_references_container_12276_1').is(':hidden')) { footnote_expand_reference_container_12276_1(); } else { footnote_collapse_reference_container_12276_1(); } } function footnote_moveToReference_12276_1(p_str_TargetID) { footnote_expand_reference_container_12276_1(); var l_obj_Target = jQuery('#' + p_str_TargetID); if (l_obj_Target.length) { jQuery( 'html, body' ).delay( 0 ); jQuery('html, body').animate({ scrollTop: l_obj_Target.offset().top - window.innerHeight * 0.2 }, 380); } } function footnote_moveToAnchor_12276_1(p_str_TargetID) { footnote_expand_reference_container_12276_1(); var l_obj_Target = jQuery('#' + p_str_TargetID); if (l_obj_Target.length) { jQuery( 'html, body' ).delay( 0 ); jQuery('html, body').animate({ scrollTop: l_obj_Target.offset().top - window.innerHeight * 0.2 }, 380); } }<\/script>","protected":false},"excerpt":{"rendered":"<p>par Patrick Castel, Centre de sociologie des organisations Depuis longtemps, les sciences humaines et sociales ont mis en \u00e9vidence ce trait essentiel : la sant\u00e9<span class=\"excerpt-hellip\"> [\u2026]<\/span><\/p>\n","protected":false},"author":3,"featured_media":12462,"comment_status":"closed","ping_status":"open","sticky":false,"template":"","format":"standard","meta":{"footnotes":""},"categories":[322,290],"tags":[],"_links":{"self":[{"href":"https:\/\/www.sciencespo.fr\/research\/cogito\/home\/wp-json\/wp\/v2\/posts\/12276"}],"collection":[{"href":"https:\/\/www.sciencespo.fr\/research\/cogito\/home\/wp-json\/wp\/v2\/posts"}],"about":[{"href":"https:\/\/www.sciencespo.fr\/research\/cogito\/home\/wp-json\/wp\/v2\/types\/post"}],"author":[{"embeddable":true,"href":"https:\/\/www.sciencespo.fr\/research\/cogito\/home\/wp-json\/wp\/v2\/users\/3"}],"replies":[{"embeddable":true,"href":"https:\/\/www.sciencespo.fr\/research\/cogito\/home\/wp-json\/wp\/v2\/comments?post=12276"}],"version-history":[{"count":35,"href":"https:\/\/www.sciencespo.fr\/research\/cogito\/home\/wp-json\/wp\/v2\/posts\/12276\/revisions"}],"predecessor-version":[{"id":12460,"href":"https:\/\/www.sciencespo.fr\/research\/cogito\/home\/wp-json\/wp\/v2\/posts\/12276\/revisions\/12460"}],"wp:featuredmedia":[{"embeddable":true,"href":"https:\/\/www.sciencespo.fr\/research\/cogito\/home\/wp-json\/wp\/v2\/media\/12462"}],"wp:attachment":[{"href":"https:\/\/www.sciencespo.fr\/research\/cogito\/home\/wp-json\/wp\/v2\/media?parent=12276"}],"wp:term":[{"taxonomy":"category","embeddable":true,"href":"https:\/\/www.sciencespo.fr\/research\/cogito\/home\/wp-json\/wp\/v2\/categories?post=12276"},{"taxonomy":"post_tag","embeddable":true,"href":"https:\/\/www.sciencespo.fr\/research\/cogito\/home\/wp-json\/wp\/v2\/tags?post=12276"}],"curies":[{"name":"wp","href":"https:\/\/api.w.org\/{rel}","templated":true}]}}