{"id":11630,"date":"2021-06-29T19:00:06","date_gmt":"2021-06-29T17:00:06","guid":{"rendered":"https:\/\/www.sciencespo.fr\/research\/cogito\/home\/?p=11630"},"modified":"2021-11-16T18:23:54","modified_gmt":"2021-11-16T16:23:54","slug":"cogito-15","status":"publish","type":"post","link":"https:\/\/www.sciencespo.fr\/research\/cogito\/home\/cogito-15\/","title":{"rendered":"Cogito 15"},"content":{"rendered":"<p><span style=\"font-weight: 400;\">Tous les six mois, Cogito pr\u00e9sente une s\u00e9lection de recherches r\u00e9centes \u00e0 Sciences Po en faisant la part belle aux approches comparatives et aux travaux interdisciplinaires. Deux d\u00e9marches d\u00e9velopp\u00e9es par l&rsquo;un de nos fondateurs, \u00c9lie Hal\u00e9vy, dont le parcours intellectuel est ici retrac\u00e9. Si des questions d&rsquo;actualit\u00e9 sont aussi analys\u00e9es dans ce num\u00e9ro &#8211; comme celle des dettes li\u00e9es \u00e0 la pand\u00e9mie &#8211; nos chercheurs et chercheuses d\u00e9cortiquent \u00e9galement des tendances de fond, telles que la renaissance des mouvements d&rsquo;auto-justice ou l&rsquo;\u00e9volution de nos rapports \u00e0 l&rsquo;argent. Et, comme le veut la tradition, y sont expos\u00e9s une recherche historique originale et des outils de recherche ouverts \u00e0 tous.<\/span><\/p>\n<table style=\"height: 800px;\" width=\"690\">\n<thead>\n<tr>\n<td colspan=\"3\">\n<h3 style=\"text-align: center;\"><u><span style=\"color: #333333;\">In Folio<\/span><br \/>\n<\/u><\/h3>\n<\/td>\n<\/tr>\n<tr>\n<td width=\"345px\">\n<h5 style=\"text-align: center;\"><a href=\"https:\/\/www.sciencespo.fr\/research\/cogito\/home\/prendre-la-mesure-du-pessimisme-francais\" target=\"_blank\" rel=\"noopener noreferrer\">Prendre la mesure du pessimisme fran\u00e7ais<\/a><br \/>\n<span style=\"color: #333333;\"><em><span style=\"font-size: small;\">par Bruno Cautr\u00e8s, Gilles Ivaldi et Luc Rouban<br \/>\n<\/span><\/em><\/span><\/h5>\n<\/td>\n<td width=\"345px\">\n<h5 style=\"text-align: center;\"><a href=\"https:\/\/www.sciencespo.fr\/research\/cogito\/home\/il-est-temps-de-reguler-des-re\" target=\"_blank\" rel=\"noopener noreferrer\">Il est temps de r\u00e9guler les r\u00e9seaux sociaux<\/a><br \/>\n<span style=\"color: #333333;\"><em><span style=\"font-size: small;\"> par Dominique Boullier<br \/>\n<\/span><\/em><\/span><\/h5>\n<\/td>\n<\/tr>\n<tr>\n<td>\n<h5 style=\"text-align: center;\"><a href=\"https:\/\/www.sciencespo.fr\/research\/cogito\/home\/cursus-et-metiers-comprendre-la-segregation-genree\" target=\"_blank\" rel=\"noopener noreferrer\">Cursus et m\u00e9tiers :<\/a><br \/>\n<a href=\"https:\/\/www.sciencespo.fr\/research\/cogito\/home\/cursus-et-metiers-comprendre-la-segregation-genree\" target=\"_blank\" rel=\"noopener noreferrer\">comprendre la s\u00e9gr\u00e9gation genr\u00e9e<\/a><br \/>\n<span style=\"color: #333333;\"><em><span style=\"font-size: small;\">par Carlo Barone<br \/>\n<\/span><\/em><\/span><\/h5>\n<\/td>\n<td>\n<h5 style=\"text-align: center;\"><a href=\"https:\/\/www.sciencespo.fr\/research\/cogito\/home\/fiers-de-punir-le-monde-des-justiciers-hors-la-loi\" target=\"_blank\" rel=\"noopener noreferrer\">Fiers de punir.<\/a><br \/>\n<a href=\"https:\/\/www.sciencespo.fr\/research\/cogito\/home\/fiers-de-punir-le-monde-des-justiciers-hors-la-loi\" target=\"_blank\" rel=\"noopener noreferrer\">Le monde des justiciers hors-la-loi<\/a><br \/>\n<span style=\"color: #333333;\"><em><span style=\"font-size: small;\">Entretien avec Gilles Favarel-Garrigues et Laurent Gayer<br \/>\n<\/span><\/em><\/span><\/h5>\n<\/td>\n<\/tr>\n<tr>\n<td>\n<h5 style=\"text-align: center;\"><a href=\"https:\/\/www.sciencespo.fr\/research\/cogito\/home\/un-argent-omnipresent\" target=\"_blank\" rel=\"noopener noreferrer\">Un argent omnipr\u00e9sent<\/a><br \/>\n<span style=\"color: #333333;\"><em><span style=\"font-size: small;\">Entretien avec Jeanne Lazarus<br \/>\n<\/span><\/em><\/span><\/h5>\n<\/td>\n<td>\n<h5 style=\"text-align: center;\"><a href=\"https:\/\/www.sciencespo.fr\/research\/cogito\/home\/controverses-mode-demploi\" target=\"_blank\" rel=\"noopener noreferrer\">Controverses, mode d&#8217;emploi<\/a><br \/>\n<span style=\"color: #333333;\"><em><span style=\"font-size: small;\">Entretien avec Cl\u00e9mence Seurat et Thomas Tari<br \/>\n<\/span><\/em><\/span><\/h5>\n<\/td>\n<\/tr>\n<tr>\n<td>\n<h5 style=\"text-align: center;\"><span class=\"st\"><a href=\"https:\/\/www.sciencespo.fr\/research\/cogito\/home\/lire-et-relire-halevy\" target=\"_blank\" rel=\"noopener noreferrer\">Lire et relire Hal\u00e9vy<\/a><br \/>\n<span style=\"color: #333333;\"><em><span style=\"font-size: small;\">par Marie Scot<br \/>\n<\/span><\/em><\/span><\/span><\/h5>\n<\/td>\n<td>\n<h5 style=\"text-align: center;\"><span class=\"st\"><a href=\"https:\/\/www.sciencespo.fr\/research\/cogito\/home\/la-dette-covid-doit-preparer-lavenir\" target=\"_blank\" rel=\"noopener noreferrer\">La dette Covid doit pr\u00e9parer l&rsquo;avenir<\/a><span style=\"color: #333333;\"><em><span style=\"font-size: small;\"><br \/>\nEntretien avec Xavier Ragot<br \/>\n<\/span><\/em><\/span><\/span><\/h5>\n<\/td>\n<\/tr>\n<tr>\n<td colspan=\"2\">\n<h5 style=\"text-align: center;\"><a href=\"https:\/\/www.sciencespo.fr\/research\/cogito\/home\/quand-la-justice-conditionne-la-productivite\/\" target=\"_blank\" rel=\"noopener noreferrer\">Quand la justice conditionne la productivit\u00e9<\/a><br \/>\n<span style=\"color: #333333;\"><em><span style=\"font-size: small;\">par Johannes Boehm<br \/>\n<\/span><\/em><\/span><\/h5>\n<\/td>\n<\/tr>\n<tr>\n<td colspan=\"3\">\n<h3 style=\"text-align: center;\"><span style=\"color: #333333;\"><u>La recherche en projet<\/u><\/span><u><\/u><\/h3>\n<\/td>\n<\/tr>\n<tr>\n<td colspan=\"2\">\n<h5 style=\"text-align: center;\"><a href=\"https:\/\/www.sciencespo.fr\/research\/cogito\/home\/evaluer-les-politiques-publiques-environnementales\" target=\"_blank\" rel=\"noopener noreferrer\">\u00c9valuer les politiques publiques environnementales<\/a><br \/>\n<span style=\"color: #333333;\"><em><span style=\"font-size: small;\">Entretien avec Charlotte Halpern<br \/>\n<\/span><\/em><\/span><\/h5>\n<\/td>\n<\/tr>\n<tr>\n<td colspan=\"3\">\n<h3 style=\"text-align: center;\"><span style=\"color: #333333;\"><u>\u00c9toiles montantes<\/u><\/span><u><\/u><\/h3>\n<\/td>\n<\/tr>\n<tr>\n<td width=\"345px\">\n<h5 style=\"text-align: center;\"><a href=\"https:\/\/www.sciencespo.fr\/research\/cogito\/home\/ecrire-lhistoire-du-futur\" target=\"_blank\" rel=\"noopener noreferrer\">\u00c9crire l&rsquo;histoire du futur<\/a><br \/>\n<span style=\"color: #333333;\"><em><span style=\"font-size: small;\">Entretien avec Sibylle Duhautois<br \/>\n<\/span><\/em><\/span><\/h5>\n<\/td>\n<td>\n<h5 style=\"text-align: center;\">\u00a0<a href=\"https:\/\/www.sciencespo.fr\/research\/cogito\/home\/arabie-saoudite-vers-un-systeme-universitaire-normalise\" target=\"_blank\" rel=\"noopener noreferrer\">Arabie Saoudite :<\/a><br \/>\n<a href=\"https:\/\/www.sciencespo.fr\/research\/cogito\/home\/arabie-saoudite-vers-un-systeme-universitaire-normalise\" target=\"_blank\" rel=\"noopener noreferrer\">vers un syst\u00e8me universitaire normalis\u00e9<\/a><br \/>\n<span style=\"color: #333333;\"><em><span style=\"font-size: small;\">Entretien avec Elsa Bedos<br \/>\n<\/span><\/em><\/span><\/h5>\n<\/td>\n<\/tr>\n<\/thead>\n<\/table>\n","protected":false},"excerpt":{"rendered":"<p>Tous les six mois, Cogito pr\u00e9sente une s\u00e9lection de recherches r\u00e9centes \u00e0 Sciences Po en faisant la part belle aux approches comparatives et aux travaux<span class=\"excerpt-hellip\"> [\u2026]<\/span><\/p>\n","protected":false},"author":3,"featured_media":11667,"comment_status":"closed","ping_status":"closed","sticky":false,"template":"","format":"image","meta":{"footnotes":""},"categories":[282],"tags":[],"_links":{"self":[{"href":"https:\/\/www.sciencespo.fr\/research\/cogito\/home\/wp-json\/wp\/v2\/posts\/11630"}],"collection":[{"href":"https:\/\/www.sciencespo.fr\/research\/cogito\/home\/wp-json\/wp\/v2\/posts"}],"about":[{"href":"https:\/\/www.sciencespo.fr\/research\/cogito\/home\/wp-json\/wp\/v2\/types\/post"}],"author":[{"embeddable":true,"href":"https:\/\/www.sciencespo.fr\/research\/cogito\/home\/wp-json\/wp\/v2\/users\/3"}],"replies":[{"embeddable":true,"href":"https:\/\/www.sciencespo.fr\/research\/cogito\/home\/wp-json\/wp\/v2\/comments?post=11630"}],"version-history":[{"count":57,"href":"https:\/\/www.sciencespo.fr\/research\/cogito\/home\/wp-json\/wp\/v2\/posts\/11630\/revisions"}],"predecessor-version":[{"id":12226,"href":"https:\/\/www.sciencespo.fr\/research\/cogito\/home\/wp-json\/wp\/v2\/posts\/11630\/revisions\/12226"}],"wp:featuredmedia":[{"embeddable":true,"href":"https:\/\/www.sciencespo.fr\/research\/cogito\/home\/wp-json\/wp\/v2\/media\/11667"}],"wp:attachment":[{"href":"https:\/\/www.sciencespo.fr\/research\/cogito\/home\/wp-json\/wp\/v2\/media?parent=11630"}],"wp:term":[{"taxonomy":"category","embeddable":true,"href":"https:\/\/www.sciencespo.fr\/research\/cogito\/home\/wp-json\/wp\/v2\/categories?post=11630"},{"taxonomy":"post_tag","embeddable":true,"href":"https:\/\/www.sciencespo.fr\/research\/cogito\/home\/wp-json\/wp\/v2\/tags?post=11630"}],"curies":[{"name":"wp","href":"https:\/\/api.w.org\/{rel}","templated":true}]}}