{"id":10192,"date":"2020-11-16T10:30:05","date_gmt":"2020-11-16T08:30:05","guid":{"rendered":"https:\/\/www.sciencespo.fr\/research\/cogito\/home\/?p=10192"},"modified":"2020-11-24T11:36:35","modified_gmt":"2020-11-24T09:36:35","slug":"deconfiner-les-politiques-migratoires-lacunes-et-biais-des-debats-scientifiques","status":"publish","type":"post","link":"https:\/\/www.sciencespo.fr\/research\/cogito\/home\/deconfiner-les-politiques-migratoires-lacunes-et-biais-des-debats-scientifiques\/","title":{"rendered":"D\u00e9confiner les politiques migratoires: lacunes et biais des d\u00e9bats scientifiques"},"content":{"rendered":"<p style=\"text-align: right;\"><i>par <a href=\"http:\/\/www.sciencespo.fr\/ceri\/cerispire-user\/7130\/1612\" target=\"_blank\" rel=\"noopener noreferrer\">H\u00e9l\u00e8ne Thiollet<\/a><\/i><\/p>\n<div id=\"attachment_10201\" style=\"width: 360px\" class=\"wp-caption alignleft\"><img aria-describedby=\"caption-attachment-10201\" decoding=\"async\" loading=\"lazy\" class=\"wp-image-10201\" src=\"https:\/\/www.sciencespo.fr\/research\/cogito\/wp-content\/uploads\/2002\/11\/BRM3689-Dymaxion-Airocean-World-Map-1954_lowres-1024x674-1-300x197.jpg\" alt=\"\" width=\"350\" height=\"230\" srcset=\"https:\/\/www.sciencespo.fr\/research\/cogito\/wp-content\/uploads\/2002\/11\/BRM3689-Dymaxion-Airocean-World-Map-1954_lowres-1024x674-1-300x197.jpg 300w, https:\/\/www.sciencespo.fr\/research\/cogito\/wp-content\/uploads\/2002\/11\/BRM3689-Dymaxion-Airocean-World-Map-1954_lowres-1024x674-1-768x506.jpg 768w, https:\/\/www.sciencespo.fr\/research\/cogito\/wp-content\/uploads\/2002\/11\/BRM3689-Dymaxion-Airocean-World-Map-1954_lowres-1024x674-1-222x146.jpg 222w, https:\/\/www.sciencespo.fr\/research\/cogito\/wp-content\/uploads\/2002\/11\/BRM3689-Dymaxion-Airocean-World-Map-1954_lowres-1024x674-1-50x33.jpg 50w, https:\/\/www.sciencespo.fr\/research\/cogito\/wp-content\/uploads\/2002\/11\/BRM3689-Dymaxion-Airocean-World-Map-1954_lowres-1024x674-1-114x75.jpg 114w, https:\/\/www.sciencespo.fr\/research\/cogito\/wp-content\/uploads\/2002\/11\/BRM3689-Dymaxion-Airocean-World-Map-1954_lowres-1024x674-1.jpg 1024w\" sizes=\"(max-width: 350px) 100vw, 350px\" \/><p id=\"caption-attachment-10201\" class=\"wp-caption-text\">The dymaxion world view of R. Buckminster Fuller, 1954<\/p><\/div>\n<p>Les recherches existantes sur les politiques migratoires portent principalement sur les politiques d\u2019immigration et d\u2019int\u00e9gration dans les d\u00e9mocraties occidentales. Comme dans les autres domaines des sciences sociales, cet ethnocentrisme est le reflet de la g\u00e9ographie des institutions scientifiques, de l\u2019\u00e9conomie du financement de la recherche et de la politique des publications universitaires.<\/p>\n<p>Ces limites, outre les questions \u00e9thiques qu&rsquo;elles soul\u00e8vent, font aussi obstacle \u00e0 notre compr\u00e9hension des processus et des dynamiques politiques qui structurent les migrations internationales, en n\u00e9gligeant des r\u00e9alit\u00e9s empiriques importantes, notamment dans les pays du Sud. Documenter des cas peu \u00e9tudi\u00e9s de politiques migratoires dans le monde en d\u00e9veloppement est une fa\u00e7on \u00e9vidente de rem\u00e9dier \u00e0 ce probl\u00e8me. Pour autant, l\u2019avenir de ces recherches ne se r\u00e9sume pas \u00e0 produire plus de travaux sur les \u00ab autres non occidentaux \u00bb. Il s\u2019agit aussi d\u2019utiliser des \u00e9tudes de cas sp\u00e9cifiques et d\u00e9velopper des recherches comparatives entre diff\u00e9rents types d\u2019\u00c9tats et contextes politiques. Ces deux approches permettraient de pointer les angles morts de certaines th\u00e9ories et d\u2019ouvrir de nouvelles voies de recherche.<br \/>\nPour ce faire, on pourrait commencer par examiner des contextes politiques en apparence tr\u00e8s diff\u00e9rents et comparer, si l\u2019on veut, les <i>pommes<\/i> d\u00e9mocratiques et les <i>poires<\/i> autoritaires. On pourrait \u00e9galement accorder plus d\u2019attention \u00e0 l\u2019histoire. Une telle d\u00e9marche ne pr\u00e9tendrait pas seulement \u00e0 prendre davantage en compte les cas de pays du Sud, mais permettrait d\u2019\u00e9largir, de modifier ou de reformuler les th\u00e9ories d\u00e9velopp\u00e9es jusqu\u2019\u00e0 pr\u00e9sent sur les migrations.<\/p>\n<h4>Lacunes et biais des recherches actuelles sur les politiques migratoires<\/h4>\n<p>Tout d\u2019abord, pour mieux comprendre les migrations, il appara\u00eet n\u00e9cessaire de s\u2019int\u00e9resser \u00e0 diff\u00e9rentes unit\u00e9s et niveaux d\u2019analyse &#8211; l\u2019\u00c9tat, l\u2019individu, la famille, le groupe ethnique, la ville, le march\u00e9 du travail, l\u2019entreprise, les r\u00e9seaux etc. &#8211; qui sont traditionnellement \u00e9clat\u00e9s entre diff\u00e9rentes disciplines universitaires. Il est aussi indispensable de prendre en compte diff\u00e9rentes \u00e9chelles, du micro au macro, du plus intime au plus global. De l\u2019avis d&rsquo;\u00e9minents chercheurs en sciences sociales, cette diversification des angles de recherche est le principal d\u00e9fi que les \u00e9tudes sur les migrations ont aujourd\u2019hui \u00e0 relever.<\/p>\n<div id=\"attachment_10197\" style=\"width: 310px\" class=\"wp-caption alignright\"><a href=\"http:\/\/www.asergeev.com\/pictures\/archives\/compress\/2014\/1332\/21.htm\"><img aria-describedby=\"caption-attachment-10197\" decoding=\"async\" loading=\"lazy\" class=\"wp-image-10197 size-medium\" src=\"https:\/\/www.sciencespo.fr\/research\/cogito\/wp-content\/uploads\/2002\/11\/640px-Migrant_workers_in_West_Bay_Doha-300x197.jpg\" alt=\"\" width=\"300\" height=\"197\" srcset=\"https:\/\/www.sciencespo.fr\/research\/cogito\/wp-content\/uploads\/2002\/11\/640px-Migrant_workers_in_West_Bay_Doha-300x197.jpg 300w, https:\/\/www.sciencespo.fr\/research\/cogito\/wp-content\/uploads\/2002\/11\/640px-Migrant_workers_in_West_Bay_Doha-222x146.jpg 222w, https:\/\/www.sciencespo.fr\/research\/cogito\/wp-content\/uploads\/2002\/11\/640px-Migrant_workers_in_West_Bay_Doha-50x33.jpg 50w, https:\/\/www.sciencespo.fr\/research\/cogito\/wp-content\/uploads\/2002\/11\/640px-Migrant_workers_in_West_Bay_Doha-114x75.jpg 114w, https:\/\/www.sciencespo.fr\/research\/cogito\/wp-content\/uploads\/2002\/11\/640px-Migrant_workers_in_West_Bay_Doha.jpg 640w\" sizes=\"(max-width: 300px) 100vw, 300px\" \/><\/a><p id=\"caption-attachment-10197\" class=\"wp-caption-text\">Migrant workers from Asia in the West Bay area of Doha., 2014. Cr\u00e9dit photo : Alexey Sergeev.<\/p><\/div>\n<p>Un deuxi\u00e8me enjeu porte sur les concepts. M\u00eame si la remise en cause des biais induits par le \u00ab\u00a0nationalisme m\u00e9thodologique \u00bb a insuffl\u00e9 une prise de conscience de l\u2019importance du \u00ab\u00a0transnational\u00a0\u00bb dans les \u00e9tudes migratoires, beaucoup reste \u00e0 faire. De fait, la dichotomie entre les \u00ab\u00a0nationaux\u00a0\u00bb et les migrants continue d\u2019orienter les d\u00e9bats universitaires sur les r\u00e9gimes politiques, les droits, les appartenances et les identit\u00e9s. En outre, les \u00c9tats restent g\u00e9n\u00e9ralement \u00e9tudi\u00e9s comme \u00e9tant ceux qui agissent sur les migrations et non l\u2019inverse, comme si les migrations ne pouvaient pas avoir d&rsquo;effet sur l&rsquo;\u00c9tat. Les recherches sur les politiques migratoires les plus cit\u00e9es s\u2019attachent aux modes de fonctionnement, aux effets des politiques publiques et leurs interactions avec d\u2019autres acteurs ou facteurs : entreprises, tribunaux, organisations de la soci\u00e9t\u00e9 civile, cultures etc. .<\/p>\n<p>Enfin, lorsque les chercheurs franchissent courageusement les fronti\u00e8res des sciences sociales occidentales pour \u00e9tudier les pays du Sud ou qu\u2019ils adoptent des d\u00e9marches comparatives, ils utilisent souvent des cadres analytiques \u00ab occidentalo-centr\u00e9s \u00bb pour d\u00e9crire les moteurs, la substance et l\u2019impact des politiques migratoires. Contrairement aux anthropologues, aux g\u00e9ographes et aux sociologues, les politologues s\u2019int\u00e9ressent rarement aux villes, aux quartiers, ou aux groupes (y compris les diasporas), aux ensembles r\u00e9gionaux (Europe, Asie, Afrique, Am\u00e9riques etc.), aux institutions intergouvernementales ou transnationales comme unit\u00e9s d\u2019analyse des politiques migratoires.<\/p>\n<p>Pour r\u00e9sumer, les recherches existantes sur les politiques migratoires 1) restent g\u00e9n\u00e9ralement concentr\u00e9es sur l\u2019immigration ou l\u2019asile dans des \u00e9tudes de cas occidentales ; 2) lorsqu\u2019elles traitent d\u2019un contexte non occidental, elles s\u2019attachent essentiellement aux politiques d\u2019\u00e9migration et aux politiques diasporiques en relation avec les \u00ab\u00a0pays du Nord\u00a0\u00bb ou \u00e0 l\u2019asile de masse 3) consid\u00e8rent que les \u00c9tats sont toujours la principale unit\u00e9 d\u2019analyse.<\/p>\n<div id=\"attachment_10209\" style=\"width: 310px\" class=\"wp-caption alignleft\"><img aria-describedby=\"caption-attachment-10209\" decoding=\"async\" loading=\"lazy\" class=\"wp-image-10209 size-medium\" src=\"https:\/\/www.sciencespo.fr\/research\/cogito\/wp-content\/uploads\/2002\/11\/4399017966_b990821587_w-300x200.jpg\" alt=\"\" width=\"300\" height=\"200\" srcset=\"https:\/\/www.sciencespo.fr\/research\/cogito\/wp-content\/uploads\/2002\/11\/4399017966_b990821587_w-300x200.jpg 300w, https:\/\/www.sciencespo.fr\/research\/cogito\/wp-content\/uploads\/2002\/11\/4399017966_b990821587_w-220x146.jpg 220w, https:\/\/www.sciencespo.fr\/research\/cogito\/wp-content\/uploads\/2002\/11\/4399017966_b990821587_w-50x33.jpg 50w, https:\/\/www.sciencespo.fr\/research\/cogito\/wp-content\/uploads\/2002\/11\/4399017966_b990821587_w-113x75.jpg 113w, https:\/\/www.sciencespo.fr\/research\/cogito\/wp-content\/uploads\/2002\/11\/4399017966_b990821587_w.jpg 400w\" sizes=\"(max-width: 300px) 100vw, 300px\" \/><p id=\"caption-attachment-10209\" class=\"wp-caption-text\">A UNHCR worker prepares repatriation kits which are distributed to returnees of Internally Displaced Persons, East Timor, November 1999. Cr\u00e9dits : United Nations Photo. CC BY-NC-ND 2.0<\/p><\/div>\n<p>Par exemple, on consid\u00e8re que dans les r\u00e9gimes d\u00e9mocratiques les facteurs cl\u00e9s d\u2019une politique migratoire rel\u00e8vent des n\u00e9gociations avec les institutions ou les partis politiques, du lobbying des entreprises ou de la soci\u00e9t\u00e9 civile, du r\u00f4le de la justice , des m\u00e9dias et des experts. \u00c0 l\u2019inverse, dans des contextes non d\u00e9mocratiques, sont consid\u00e9r\u00e9s comme facteurs cl\u00e9s l\u2019informalit\u00e9, les r\u00e9seaux criminels, les dynamiques familiales, patrimoniales et les liens de parent\u00e9, les d\u00e9terminants \u00e9conomiques (pauvret\u00e9, niveau de d\u00e9veloppement) et, enfin et surtout, les interventions internationales (qu\u2019elles soient li\u00e9es au d\u00e9veloppement, \u00e0 l\u2019humanitaire, \u00e0 la s\u00e9curit\u00e9 ou \u00e0 la paix).<\/p>\n<h4>De nouvelles directions de recherche<\/h4>\n<p>Ainsi, outre la n\u00e9cessit\u00e9 de d\u00e9velopper des recherches comparatives et positionn\u00e9es \u00e0 plusieurs niveaux d\u2019\u00e9chelles, se d\u00e9gage l\u2019imp\u00e9ratif de combler d\u2019autres angles morts li\u00e9s aux institutions, aux processus, aux interactions et aux jeux de pouvoirs entre acteurs. Les questions suivantes nous semblent faire partie des nouvelles probl\u00e9matiques \u00e0 \u00e9tudier :<\/p>\n<ul>\n<li>les politiques d\u2019\u00e9migration (d\u2019expatriation) des pays occidentaux qui sont souvent d\u00e9politis\u00e9es et analys\u00e9es sous un angle purement \u00e9conomique;<\/li>\n<li>les politiques d\u2019immigration et d\u2019int\u00e9gration des pays du Sud;<\/li>\n<li>les politiques d\u2019asile et l\u2019int\u00e9gration des r\u00e9fugi\u00e9s dans les pays du Sud.<\/li>\n<\/ul>\n<p>En cherchant \u00e0 tester les grilles de lecture occidentales sur les migrations en contexte non-occidental, de nombreux chercheurs les ont enrichies. En travaillant sur des pays du Sud ils ont apport\u00e9 un \u00e9clairage nouveau par exemple sur l\u2019\u00e9laboration des politiques migratoires et la cr\u00e9ation d\u2019\u00ab\u00a0\u00c9tats migratoires\u00a0\u00bb ; ces \u00c9tats dont <a href=\"https:\/\/www.smu.edu\/news\/experts\/james-hollifield\">James Hollifield<\/a> a montr\u00e9 qu\u2019ils se d\u00e9finissent par la centralit\u00e9 de leurs discours et de la gestion des migrations.<\/p>\n<div id=\"attachment_10213\" style=\"width: 310px\" class=\"wp-caption alignright\"><a href=\"https:\/\/ummid.com\/news\/2020\/may\/09.05.2020\/rajasthan-migrants-exodus.html\"><img aria-describedby=\"caption-attachment-10213\" decoding=\"async\" loading=\"lazy\" class=\"wp-image-10213 size-medium\" src=\"https:\/\/www.sciencespo.fr\/research\/cogito\/wp-content\/uploads\/2002\/11\/lockdown-5061663_960_720-300x200.jpg\" alt=\"\" width=\"300\" height=\"200\" srcset=\"https:\/\/www.sciencespo.fr\/research\/cogito\/wp-content\/uploads\/2002\/11\/lockdown-5061663_960_720-300x200.jpg 300w, https:\/\/www.sciencespo.fr\/research\/cogito\/wp-content\/uploads\/2002\/11\/lockdown-5061663_960_720-768x512.jpg 768w, https:\/\/www.sciencespo.fr\/research\/cogito\/wp-content\/uploads\/2002\/11\/lockdown-5061663_960_720-219x146.jpg 219w, https:\/\/www.sciencespo.fr\/research\/cogito\/wp-content\/uploads\/2002\/11\/lockdown-5061663_960_720-50x33.jpg 50w, https:\/\/www.sciencespo.fr\/research\/cogito\/wp-content\/uploads\/2002\/11\/lockdown-5061663_960_720-113x75.jpg 113w, https:\/\/www.sciencespo.fr\/research\/cogito\/wp-content\/uploads\/2002\/11\/lockdown-5061663_960_720.jpg 960w\" sizes=\"(max-width: 300px) 100vw, 300px\" \/><\/a><p id=\"caption-attachment-10213\" class=\"wp-caption-text\">Rajasthan government has set up a panel to ensure ease of travel for stranded labourers. 96,000 migrant labourers have been taken to their home states May 2020 \u00a9 Awaz Multimedia<\/p><\/div>\n<p>Ainsi, <a href=\"https:\/\/www.maxwell.syr.edu\/psc\/Klotz,_Audie\/\">Audie Klotz<\/a> a contribu\u00e9 aux th\u00e9ories portant sur la diffusion des normes dans les relations internationales en examinant les politiques migratoires sud-africaines ; <a href=\"https:\/\/www.migrationinstitute.org\/people\/katharina-natter\">Katharina Natter<\/a> a \u00e9valu\u00e9 le r\u00f4le des syst\u00e8mes politiques marocains et tunisiens sur l\u2019\u00e9laboration des politiques migratoires ; <a href=\"https:\/\/www.soas.ac.uk\/staff\/staff36218.php\">Fiona Adamson<\/a> et <a href=\"https:\/\/ces.fas.harvard.edu\/people\/gerasimos-tsourapas\">Gerasimos Tsourapas <\/a>ont propos\u00e9 de nouvelles typologies d\u2019\u00c9tats migratoires construites \u00e0 partir d\u2019exemples de pays du Sud. D\u2019autres chercheurs se sont int\u00e9ress\u00e9s \u00e0 la privatisation de la gestion des migrations en Europe, \u00e0 travers le r\u00f4le des acteurs et institutions l\u00e9gales et ill\u00e9gales. De son c\u00f4t\u00e9, l\u2019anthropologue <a href=\"https:\/\/www.anthro.ox.ac.uk\/people\/professor-biao-xiang\">Biao Xiang<\/a> a \u00e9labor\u00e9 une approche novatrice des relations entre public et priv\u00e9 dans les politiques migratoires asiatiques. En se fondant \u00e9galement sur des cas asiatiques, <a href=\"https:\/\/ari.nus.edu.sg\/people\/prof-brenda-yeoh-2\/\">Brenda Yeoh<\/a> et <a href=\"https:\/\/waseda.pure.elsevier.com\/en\/persons\/gracia-liu-farrer\">Gracia Liu-Farrer<\/a> ont cherch\u00e9 \u00e0 faire \u00e9merger des th\u00e9ories originales sur les politiques des espaces, de mobilit\u00e9 et d\u2019immobilit\u00e9 selon les genres, les ethnies et les classes sociales. Il faut enfin mentionner les travaux, tr\u00e8s cit\u00e9s, de <a href=\"https:\/\/press.princeton.edu\/our-authors\/weiner-myron\">Myron Weiner<\/a> sur les politiques migratoires et la s\u00e9curit\u00e9, fruit d\u2019une connaissance approfondie de la d\u00e9mographie politique de l\u2019Inde.<\/p>\n<p>En s\u2019appuyant sur ces \u00e9tudes, la comparaison des politiques migratoires dans des pays d\u2019immigration comme les \u00c9tats-Unis, Singapour, la Russie, le Canada, l\u2019Arabie saoudite, la C\u00f4te d\u2019Ivoire, le Qatar ou encore l\u2019Allemagne pourrait faire voler en \u00e9clats nos hypoth\u00e8ses sur les <i>moteurs<\/i> et l\u2019<i>efficacit\u00e9<\/i> des politiques migratoires et sur la force ou la faiblesse des \u00c9tats, quels que soient les r\u00e9gimes et les \u00e9poques.<\/p>\n<h4>Politique migratoire et formation de l\u2019\u00c9tat<\/h4>\n<p>Les migrations sont g\u00e9n\u00e9ralement consid\u00e9r\u00e9es comme un d\u00e9fi pour la souverainet\u00e9, une menace \u00e0 l\u2019identit\u00e9 nationale, \u00e0 la s\u00e9curit\u00e9 de l\u2019\u00c9tat, voire un danger sur le plan biologique comme l\u2019illustre les restrictions \u00e0 la mobilit\u00e9 qui caract\u00e9risent les p\u00e9riodes de pand\u00e9mie. Elles sont \u00e9galement conceptualis\u00e9es comme un p\u00e9ril pour la stabilit\u00e9 des r\u00e9gimes politiques et des \u00c9tats-nations, un domaine o\u00f9 ces derniers cherchent \u00e0 \u00e9tendre leur autorit\u00e9, souvent aux d\u00e9pens d\u2019acteurs non \u00e9tatiques? C\u2019est ce que nous raconte l\u2019histoire de l\u2019invention des passeports et du contr\u00f4le de la mobilit\u00e9 humaine par l\u2019\u00c9tat et c\u2019est ce que montrent les \u00e9tudes sur la politique diasporique. Mais, \u00e0 quelques exceptions pr\u00e8s, on trouve rarement, dans les travaux de recherche, la position critique selon laquelle ce serait \u00ab la mobilit\u00e9 qui fait les \u00c9tats \u00bb et non l\u2019immobilit\u00e9 comme l\u2019ont avanc\u00e9 <a href=\"https:\/\/www.uva.nl\/en\/profile\/v\/i\/d.v.vigneswaran\/d.v.vigneswaran.html\">Darshan Vigneswaran<\/a> et <a href=\"https:\/\/www.dur.ac.uk\/ias\/fellows\/iasfellows\/1819\/quirk\/\">Joel Quirk<\/a> \u00e0 partir d\u2019un ensemble de cas africains. L\u2019\u00e9tude des politiques migratoires peut permettre de comprendre la formation et la consolidation d\u2019un \u00c9tat \u00e0 l&rsquo;\u00e9chelle nationale et internationale: ces politiques d\u00e9limitent les contours de la nation et les r\u00e8gles d\u2019appartenance que corps politique, d\u00e9terminent la relation entre les \u00c9tats et les diff\u00e9rents groupes sociaux (\u00e9trangers, r\u00e9fugi\u00e9s, citoyens, citoyens immigr\u00e9s etc.) qui composent \u00ab leur \u00bb population sur le territoire national et la relation avec les \u00e9migr\u00e9s et les diaspora \u00e0 l\u2019\u00e9tranger, et d\u00e9terminent m\u00eame les relations diplomatiques entre \u00c9tats d\u2019origine et de destination des migrants<b>.<\/b><\/p>\n<p>En envisageant ainsi le lien entre formation de l\u2019\u00c9tat et migration, on r\u00e9pond \u00e0 l\u2019invitation d\u2019<a href=\"https:\/\/fr.wikipedia.org\/wiki\/Abdelmalek_Sayad\">Abdelmalek Sayad<\/a> \u00e0 <i>repenser, d\u00e9naturaliser<\/i> et <i>r\u00e9historiciser<\/i> l\u2019\u00c9tat.<\/p>\n<div id=\"attachment_10207\" style=\"width: 310px\" class=\"wp-caption alignleft\"><img aria-describedby=\"caption-attachment-10207\" decoding=\"async\" loading=\"lazy\" class=\"wp-image-10207 size-medium\" src=\"https:\/\/www.sciencespo.fr\/research\/cogito\/wp-content\/uploads\/2002\/11\/7a3b3e605ef10f845d80f6ae0df9e8e9c0812c3291d25ab1a95ef0319cc9f070e1028b8f12d783f2_rw_1920-300x200.jpg\" alt=\"\" width=\"300\" height=\"200\" srcset=\"https:\/\/www.sciencespo.fr\/research\/cogito\/wp-content\/uploads\/2002\/11\/7a3b3e605ef10f845d80f6ae0df9e8e9c0812c3291d25ab1a95ef0319cc9f070e1028b8f12d783f2_rw_1920-300x200.jpg 300w, https:\/\/www.sciencespo.fr\/research\/cogito\/wp-content\/uploads\/2002\/11\/7a3b3e605ef10f845d80f6ae0df9e8e9c0812c3291d25ab1a95ef0319cc9f070e1028b8f12d783f2_rw_1920-1024x681.jpg 1024w, https:\/\/www.sciencespo.fr\/research\/cogito\/wp-content\/uploads\/2002\/11\/7a3b3e605ef10f845d80f6ae0df9e8e9c0812c3291d25ab1a95ef0319cc9f070e1028b8f12d783f2_rw_1920-768x511.jpg 768w, https:\/\/www.sciencespo.fr\/research\/cogito\/wp-content\/uploads\/2002\/11\/7a3b3e605ef10f845d80f6ae0df9e8e9c0812c3291d25ab1a95ef0319cc9f070e1028b8f12d783f2_rw_1920-219x146.jpg 219w, https:\/\/www.sciencespo.fr\/research\/cogito\/wp-content\/uploads\/2002\/11\/7a3b3e605ef10f845d80f6ae0df9e8e9c0812c3291d25ab1a95ef0319cc9f070e1028b8f12d783f2_rw_1920-50x33.jpg 50w, https:\/\/www.sciencespo.fr\/research\/cogito\/wp-content\/uploads\/2002\/11\/7a3b3e605ef10f845d80f6ae0df9e8e9c0812c3291d25ab1a95ef0319cc9f070e1028b8f12d783f2_rw_1920-113x75.jpg 113w, https:\/\/www.sciencespo.fr\/research\/cogito\/wp-content\/uploads\/2002\/11\/7a3b3e605ef10f845d80f6ae0df9e8e9c0812c3291d25ab1a95ef0319cc9f070e1028b8f12d783f2_rw_1920.jpg 1500w\" sizes=\"(max-width: 300px) 100vw, 300px\" \/><p id=\"caption-attachment-10207\" class=\"wp-caption-text\">R\u00e9union d\u2019information pour les migrants du centre d\u2019h\u00e9bergement du Secours Catholique \u00ab Cit\u00e9 Bethleem \u00bb, D\u00e9c. 2016. Cr\u00e9dits : Alain Bachellier<\/p><\/div>\n<p>Tout d\u2019abord, l\u2019<i>immigration cr\u00e9e des \u00c9tats<\/i> par le biais des politiques et des processus d\u2019insertion ou d\u2019exclusion formels et informels des \u00e9trangers. Une telle perspective s\u2019\u00e9loigne \u00e9videmment de l\u2019id\u00e9e d\u2019incorporation dans des \u00ab\u00a0contenants\u00a0\u00bb sociaux pr\u00e9existants et immuables selon des normes politiques pr\u00e9d\u00e9finies en mati\u00e8re de diversit\u00e9 (ethnique, multiculturelle, r\u00e9publicaine, etc.) et invite \u00e0 voir l\u2019int\u00e9gration comme un processus de co-production de la nation plut\u00f4t qu\u2019une assimilation. Elle exige de combiner les politiques<i> gouvernementales<\/i> et <i>quotidiennes<\/i> afin de comprendre que la production de l\u2019alt\u00e9rit\u00e9 (int\u00e9gration, exclusion) est aussi co-productrice de la nation. Parall\u00e8lement aux politiques formelles d\u2019int\u00e9gration et \u00e0 la dynamique du march\u00e9 du travail, les pratiques quotidiennes de s\u00e9gr\u00e9gation spatiale et d\u2019ouverture, offrent un point de vue ascendant (bottom-up) sur la politique migratoire r\u00e9v\u00e9lant sa participation \u00e0 la fondation d\u2019une nation en l\u2019ancrant dans l\u2019espace et le r\u00e9el. Des ethnographes ont montr\u00e9, par exemple, comment la politique relative aux r\u00e9fugi\u00e9s est d\u00e9termin\u00e9e par la combinaison de politique publiques et des lois sur l\u2019asile, des interventions humanitaires et des relations sociales quotidiennes, ces deux derniers \u00e9l\u00e9ments ayant une incidence sur l\u2019acc\u00e8s aux ressources mat\u00e9rielles et immat\u00e9rielles dans les camps de migrants, les jungles et les campements urbains informels.<br \/>\nMais la construction de la nation et de l\u2019\u00c9tat se fait aussi \u00ab de loin \u00bb par le biais des politiques diasporiques. En \u00c9rythr\u00e9e, aux Philippines, en Turquie, au S\u00e9n\u00e9gal, en Inde, en Chine, en Alg\u00e9rie, mais aussi en France ou en Italie, les politiques d\u2019\u00e9migration peuvent imposer un contr\u00f4le politique sur leurs ressortissants de l\u2019\u00e9tranger, extorquer des fonds et organiser ou emp\u00eacher la participation politique par le vote \u00e0 distance.<\/p>\n<div id=\"attachment_10215\" style=\"width: 310px\" class=\"wp-caption alignright\"><img aria-describedby=\"caption-attachment-10215\" decoding=\"async\" loading=\"lazy\" class=\"size-medium wp-image-10215\" src=\"https:\/\/www.sciencespo.fr\/research\/cogito\/wp-content\/uploads\/2002\/11\/shutterstock_244809391-300x200.jpg\" alt=\"\" width=\"300\" height=\"200\" srcset=\"https:\/\/www.sciencespo.fr\/research\/cogito\/wp-content\/uploads\/2002\/11\/shutterstock_244809391-300x200.jpg 300w, https:\/\/www.sciencespo.fr\/research\/cogito\/wp-content\/uploads\/2002\/11\/shutterstock_244809391-219x146.jpg 219w, https:\/\/www.sciencespo.fr\/research\/cogito\/wp-content\/uploads\/2002\/11\/shutterstock_244809391-50x33.jpg 50w, https:\/\/www.sciencespo.fr\/research\/cogito\/wp-content\/uploads\/2002\/11\/shutterstock_244809391-113x75.jpg 113w, https:\/\/www.sciencespo.fr\/research\/cogito\/wp-content\/uploads\/2002\/11\/shutterstock_244809391.jpg 500w\" sizes=\"(max-width: 300px) 100vw, 300px\" \/><p id=\"caption-attachment-10215\" class=\"wp-caption-text\">\u00a9TonelloPhotography, Shutterstock<\/p><\/div>\n<p>Par ailleurs, l\u2019\u00e9migration et les dynamiques transnationales transforment aussi les \u00c9tats, un constat qui vient contrarier nos croyances sur la <i>dimension territoriale de la cr\u00e9ation d\u2019un \u00c9tat<\/i>. Au-del\u00e0 du cas embl\u00e9matique d\u2019Isra\u00ebl, divers processus de cr\u00e9ation d\u2019un \u00c9tat (Palestine, \u00c9rythr\u00e9e, Sri Lanka, Kurdistan) doivent \u00eatre abord\u00e9s au prisme des diasporas qui peuvent faire des \u00c9tats ; mais aussi faire ou changer des r\u00e9gimes politiques. Ces consid\u00e9rations alimentent d\u2019ailleurs les d\u00e9bats acad\u00e9miques sur les liens entre <i>d\u00e9mocratisation<\/i> et politiques transnationales: les \u00e9migr\u00e9s en provenance d\u2019\u00c9tats aux r\u00e9gimes non d\u00e9mocratiques install\u00e9s dans des d\u00e9mocraties peuvent-ils faire changer le r\u00e9gime de leur \u00c9tat d\u2019origine ? Plus g\u00e9n\u00e9ralement, \u00e9tudier la relation entre \u00e9migration, immigration et r\u00e9volution, discut\u00e9e \u00e0 partir des Printemps arabes ou lors de d\u00e9bats sur l\u2019activisme transnational et le vote externe, pourrait enrichir les th\u00e9ories existantes autour des r\u00e9volutions.<br \/>\nEnfin, le concept de \u00ab migration en tant qu\u2019\u00e9l\u00e9ment fondateur d\u2019un \u00c9tat \u00bb est \u00e9videmment pertinent pour conceptualiser et \u00e9tudier la construction d\u2019un \u00c9tat dans des \u00c9tats colons et des contextes coloniaux ou postcoloniaux comme les \u00c9tats-Unis, l\u2019Australie et le Canada. ll est \u00e9galement utile pour comprendre les transformations de l\u2019\u00c9tat au fil de l\u2019histoire au Royaume-Uni, en France, en Allemagne, en Am\u00e9rique latine, dans les monarchies du Golfe, etc. Les sp\u00e9cialistes des politiques migratoires gagneraient \u00e0 s\u2019appuyer davantage sur le travail des chercheurs en histoire globale qui ont int\u00e9gr\u00e9 la migration et la citoyennet\u00e9 dans leurs analyses comparatives des processus de construction de l\u2019\u00c9tat que ce soit dans d\u2019anciennes colonies ou dans les m\u00e9tropoles imp\u00e9riales.<br \/>\nConsid\u00e9rer la politique migratoire comme une caract\u00e9ristique structurante des processus de construction d\u2019un \u00c9tat revient \u00e0 \u00e9tudier l\u2019impact de la migration sur la nature de l\u2019\u00c9tat, ses pratiques et ses politiques, sur les r\u00e9gimes politiques et les relations entre l\u2019\u00c9tat et la soci\u00e9t\u00e9, et donc \u00e0 inverser la perspective habituelle sur le \u00ab\u00a0contr\u00f4le de la migration\u00a0\u00bb. C\u2019est par exemple ce que j\u2019ai montr\u00e9 dans mes travaux o\u00f9 il appara\u00eet que l\u2019immigration de masse vers les monarchies p\u00e9troli\u00e8res du Golfe est bien plus qu\u2019une cons\u00e9quence des demandes du march\u00e9 du travail et que la politique d\u2019immigration n\u2019est pas m\u00e9caniquement \u00ab\u00a0d\u00e9termin\u00e9e\u00a0\u00bb par la rente p\u00e9troli\u00e8re.<\/p>\n<p>La migration et les politiques migratoires sont constitutives d\u2019un ordre social r\u00e9gional et de processus modernes de construction \u00e9tatique affectant \u00e0 la fois les \u00c9tats d\u2019immigration et d\u2019\u00e9migration.<\/p>\n<h5>R\u00e9f\u00e9rences<\/h5>\n<ul>\n<li>Adamson, F. B., &amp; Tsourapas, G. (2019).<a href=\"https:\/\/doi.org\/10.1177\/0197918319879057\"> The Migration State in the Global South: Nationalizing, Developmental, and Neoliberal Models of Migration Management<\/a>. <i>International Migration Review<\/i><\/li>\n<li>Sayad, A. (1999). <a href=\"https:\/\/doi.org\/10.3406\/arss.1999.3299\">Immigration et \u00ab\u00a0pens\u00e9e d&rsquo;\u00c9tat\u00a0\u00bb<\/a><a href=\"https:\/\/doi.org\/10.3406\/arss.1999.3299\">.<\/a> <i>Actes de la recherche en sciences sociales<\/i>, <i>129<\/i>(1), 5\u201314.<\/li>\n<li>Thiollet, H. (\u00e0 para\u00eetre). Illiberal Migration Governance in the Arab Gulf. In J. Hollifield &amp; N.Foley (Eds.), <i>Understanding Global Migration<\/i>. Stanford University Press<\/li>\n<li>Vigneswaran, D., &amp; Quirk, J. (Eds.). (2015). <a href=\"https:\/\/www.upenn.edu\/pennpress\/book\/15384.html\"><i>Mobility makes states: Migration and power in Africa<\/i><\/a>, University of Pennsylvania Press<\/li>\n<\/ul>\n<pre><a href=\"http:\/\/www.sciencespo.fr\/ceri\/cerispire-user\/7130\/1612\">H\u00e9l\u00e8ne Thiollet<\/a>, charg\u00e9e de recherche CNRS au Centre de recherches internationales \u00e9tudie les politiques migratoires dans les pays du Sud. Elle s'int\u00e9resse particuli\u00e8rement au Moyen-Orient et \u00e0 l'Afrique sub-saharienne. <a href=\"https:\/\/spire.sciencespo.fr\/auteur\/2441\/69f0g8p3i68abput7cksehpocl\">Voir ses publications\r\n<\/a><\/pre>\n","protected":false},"excerpt":{"rendered":"<p>par H\u00e9l\u00e8ne Thiollet Les recherches existantes sur les politiques migratoires portent principalement sur les politiques d\u2019immigration et d\u2019int\u00e9gration dans les d\u00e9mocraties occidentales. Comme dans les<span class=\"excerpt-hellip\"> [\u2026]<\/span><\/p>\n","protected":false},"author":3,"featured_media":10213,"comment_status":"closed","ping_status":"open","sticky":false,"template":"","format":"standard","meta":{"footnotes":""},"categories":[318,267,268],"tags":[38],"_links":{"self":[{"href":"https:\/\/www.sciencespo.fr\/research\/cogito\/home\/wp-json\/wp\/v2\/posts\/10192"}],"collection":[{"href":"https:\/\/www.sciencespo.fr\/research\/cogito\/home\/wp-json\/wp\/v2\/posts"}],"about":[{"href":"https:\/\/www.sciencespo.fr\/research\/cogito\/home\/wp-json\/wp\/v2\/types\/post"}],"author":[{"embeddable":true,"href":"https:\/\/www.sciencespo.fr\/research\/cogito\/home\/wp-json\/wp\/v2\/users\/3"}],"replies":[{"embeddable":true,"href":"https:\/\/www.sciencespo.fr\/research\/cogito\/home\/wp-json\/wp\/v2\/comments?post=10192"}],"version-history":[{"count":13,"href":"https:\/\/www.sciencespo.fr\/research\/cogito\/home\/wp-json\/wp\/v2\/posts\/10192\/revisions"}],"predecessor-version":[{"id":10479,"href":"https:\/\/www.sciencespo.fr\/research\/cogito\/home\/wp-json\/wp\/v2\/posts\/10192\/revisions\/10479"}],"wp:featuredmedia":[{"embeddable":true,"href":"https:\/\/www.sciencespo.fr\/research\/cogito\/home\/wp-json\/wp\/v2\/media\/10213"}],"wp:attachment":[{"href":"https:\/\/www.sciencespo.fr\/research\/cogito\/home\/wp-json\/wp\/v2\/media?parent=10192"}],"wp:term":[{"taxonomy":"category","embeddable":true,"href":"https:\/\/www.sciencespo.fr\/research\/cogito\/home\/wp-json\/wp\/v2\/categories?post=10192"},{"taxonomy":"post_tag","embeddable":true,"href":"https:\/\/www.sciencespo.fr\/research\/cogito\/home\/wp-json\/wp\/v2\/tags?post=10192"}],"curies":[{"name":"wp","href":"https:\/\/api.w.org\/{rel}","templated":true}]}}