{"id":1446,"date":"2023-04-17T11:11:57","date_gmt":"2023-04-17T09:11:57","guid":{"rendered":"https:\/\/www.sciencespo.fr\/research\/cities\/2023\/04\/17\/emilie-moreau-clement-boisseuil-et-sandra-roger-mixite-sociale-et-segregation-limportance-des-politiques-de-logement-la-grande-conversation-2023\/"},"modified":"2023-04-17T11:11:57","modified_gmt":"2023-04-17T09:11:57","slug":"emilie-moreau-clement-boisseuil-et-sandra-roger-mixite-sociale-et-segregation-limportance-des-politiques-de-logement-la-grande-conversation-2023","status":"publish","type":"post","link":"https:\/\/www.sciencespo.fr\/research\/cities\/2023\/04\/17\/emilie-moreau-clement-boisseuil-et-sandra-roger-mixite-sociale-et-segregation-limportance-des-politiques-de-logement-la-grande-conversation-2023\/","title":{"rendered":"\u00c9milie Moreau, Cl\u00e9ment Boisseuil et Sandra Roger, &#8220;Mixit\u00e9 sociale et s\u00e9gr\u00e9gation, l&#8217;importance des politiques de logement&#8221;, La Grande Conversation, 2023"},"content":{"rendered":"\n<p>Nous vous signalons la parution d&#8217;un article d&#8217;\u00c9milie Moreau, Cl\u00e9ment Boisseuil et Sandra Roger intitul\u00e9 &#8220;<a href=\"https:\/\/www.lagrandeconversation.com\/societe\/mixite-sociale-et-segregation-limportance-des-politiques-de-logement\/\">Mixit\u00e9 sociale et s\u00e9gr\u00e9gation, l&#8217;importance des politiques de logement<\/a>&#8221; dans la publication <em>La Grande Conversation<\/em> en mars 2023.<\/p>\n\n<p><strong>R\u00e9sum\u00e9 <\/strong><\/p>\n\n<p>L\u2019\u00e9tude men\u00e9e par l\u2019Atelier parisien d\u2019urbanisme avec l\u2019Insee Ile de France sur la mixit\u00e9 sociale dans le Grand Paris apporte un enseignement essentiel sur le r\u00f4le crucial des politiques de logement pour lutter contre la s\u00e9gr\u00e9gation r\u00e9sidentielle. Qu\u2019il s\u2019agisse des \u00ab quartiers de riches \u00bb, g\u00e9n\u00e9r\u00e9s par les processus d\u2019auto-s\u00e9gr\u00e9gation des plus ais\u00e9s, ou des \u00ab quartiers de pauvres \u00bb, g\u00e9n\u00e9r\u00e9s par la concentration du logement social dans des territoires d\u00e9j\u00e0 largement pourvus, il appara\u00eet qu\u2019une r\u00e9partition \u00e9quilibr\u00e9e de logements sociaux, en accession et \u00e0 loyers libres, et une politique de peuplement des logements sociaux sont la cl\u00e9 de la mixit\u00e9 sociale dans la M\u00e9tropole du Grand Paris.<\/p>\n","protected":false},"excerpt":{"rendered":"<p>Nous vous signalons la parution d&#8217;un article d&#8217;\u00c9milie Moreau, Cl\u00e9ment Boisseuil et Sandra Roger intitul\u00e9 &#8220;Mixit\u00e9 sociale et s\u00e9gr\u00e9gation, l&#8217;importance des politiques de logement&#8221; dans la publication La Grande Conversation en mars 2023. R\u00e9sum\u00e9 L\u2019\u00e9tude men\u00e9e par l\u2019Atelier parisien d\u2019urbanisme avec l\u2019Insee Ile de France sur la mixit\u00e9 sociale dans le Grand Paris apporte un enseignement essentiel sur le r\u00f4le crucial des politiques de logement pour lutter contre la s\u00e9gr\u00e9gation r\u00e9sidentielle. Qu\u2019il s\u2019agisse des \u00ab quartiers de riches \u00bb, g\u00e9n\u00e9r\u00e9s par les processus d\u2019auto-s\u00e9gr\u00e9gation des plus ais\u00e9s, ou des \u00ab quartiers de pauvres \u00bb, g\u00e9n\u00e9r\u00e9s par la concentration du logement<span class=\"excerpt-hellip\"> [\u2026]<\/span><\/p>\n","protected":false},"author":4,"featured_media":0,"comment_status":"closed","ping_status":"open","sticky":false,"template":"","format":"standard","meta":{"footnotes":""},"categories":[12],"tags":[],"_links":{"self":[{"href":"https:\/\/www.sciencespo.fr\/research\/cities\/wp-json\/wp\/v2\/posts\/1446"}],"collection":[{"href":"https:\/\/www.sciencespo.fr\/research\/cities\/wp-json\/wp\/v2\/posts"}],"about":[{"href":"https:\/\/www.sciencespo.fr\/research\/cities\/wp-json\/wp\/v2\/types\/post"}],"author":[{"embeddable":true,"href":"https:\/\/www.sciencespo.fr\/research\/cities\/wp-json\/wp\/v2\/users\/4"}],"replies":[{"embeddable":true,"href":"https:\/\/www.sciencespo.fr\/research\/cities\/wp-json\/wp\/v2\/comments?post=1446"}],"version-history":[{"count":1,"href":"https:\/\/www.sciencespo.fr\/research\/cities\/wp-json\/wp\/v2\/posts\/1446\/revisions"}],"predecessor-version":[{"id":1447,"href":"https:\/\/www.sciencespo.fr\/research\/cities\/wp-json\/wp\/v2\/posts\/1446\/revisions\/1447"}],"wp:attachment":[{"href":"https:\/\/www.sciencespo.fr\/research\/cities\/wp-json\/wp\/v2\/media?parent=1446"}],"wp:term":[{"taxonomy":"category","embeddable":true,"href":"https:\/\/www.sciencespo.fr\/research\/cities\/wp-json\/wp\/v2\/categories?post=1446"},{"taxonomy":"post_tag","embeddable":true,"href":"https:\/\/www.sciencespo.fr\/research\/cities\/wp-json\/wp\/v2\/tags?post=1446"}],"curies":[{"name":"wp","href":"https:\/\/api.w.org\/{rel}","templated":true}]}}